{"id":49934,"date":"2012-03-24T20:27:28","date_gmt":"2012-03-24T18:27:28","guid":{"rendered":"http:\/\/www.korhanyilmaz.com\/?p=49934"},"modified":"2012-03-25T10:07:45","modified_gmt":"2012-03-25T07:07:45","slug":"uluderede-olenler-ve-dink-sehit-sayilacak","status":"publish","type":"post","link":"http:\/\/www.korhanyilmaz.com\/?p=49934","title":{"rendered":"Uludere&#8217;de \u00f6lenler ve Dink \u015fehit say\u0131lacak"},"content":{"rendered":"<p style=\"text-align: center;\"><a href=\"http:\/\/www.korhanyilmaz.com\/wp-content\/uploads\/2012\/03\/A0109.jpg\"  class=\"lightview\"><img loading=\"lazy\" decoding=\"async\" class=\"aligncenter  wp-image-49935\" src=\"http:\/\/www.korhanyilmaz.com\/wp-content\/uploads\/2012\/03\/A0109.jpg\" alt=\"\" width=\"307\" height=\"236\" \/><\/a><\/p>\n<p style=\"text-align: justify;\">Ter\u00f6r olaylar\u0131nda \u00f6len sivillerin \u015fehit say\u0131lmas\u0131 d\u00fczenlemesi ile ilgili ayr\u0131nt\u0131lar ortaya \u00e7\u0131kmaya ba\u015flad\u0131. Buna g\u00f6re, 1987 y\u0131l\u0131ndan sonraki olaylardan ma\u011fdur olanlar yasa kapsam\u0131nda olacak. Uludere&#8217;de hayat\u0131n\u0131 kaybedenlerin yak\u0131nlar\u0131 da kapsama al\u0131nabilecek.<\/p>\n<p style=\"text-align: justify;\">Gazi ve \u015fehit yak\u0131nlar\u0131na y\u00f6nelik d\u00fczenlemeleri AK Parti grup toplant\u0131s\u0131nda Ba\u015fbakan Recep Tayyip Erdo\u011fan a\u00e7\u0131klam\u0131\u015ft\u0131. En \u00f6nemli d\u00fczenlemeyi, yani ter\u00f6r olaylar\u0131nda hayat\u0131n\u0131 kaybeden sivillerin de \u015fehit say\u0131laca\u011f\u0131n\u0131 ve bunun i\u00e7in bir yasa \u00e7\u0131kar\u0131laca\u011f\u0131n\u0131, o toplant\u0131da a\u00e7\u0131klam\u0131\u015ft\u0131.\u00a0<!--more--><\/p>\n<p style=\"text-align: justify;\">\u015eehit ve gazilere ili\u015fkin d\u00fczenlemeleri i\u00e7eren 20 maddelik yasa tasar\u0131s\u0131n\u0131n ayr\u0131nt\u0131lar\u0131 ortaya \u00e7\u0131kmaya ba\u015flad\u0131. Buna g\u00f6re, Aile Bakanl\u0131\u011f\u0131 b\u00fcnyesinde \u00f6zel bir daire ba\u015fkanl\u0131\u011f\u0131 kuruldu.<\/p>\n<p style=\"text-align: justify;\">Buna g\u00f6re, yasa \u00e7\u0131kt\u0131ktan sonra de\u011fil, \u00f6nceki d\u00f6nemleri de kapsayacak. 1987 y\u0131l\u0131ndan sonraki olaylarda ma\u011fdur olanlar kapsamda olacak. Ter\u00f6rle m\u00fccade nedeniyle Uludere olay\u0131nda hayat\u0131n\u0131 kaybedenler de \u015fehit say\u0131lacak. Ayn\u0131 zamanda, Agos Gazetesi Genel Yay\u0131n Y\u00f6netmeni Hrant Dink&#8217;in ailesi ba\u015fvurursa, onlar da yasa kapsam\u0131na girecek.<\/p>\n<p style=\"text-align: justify;\">Yasa \u00e7\u0131kt\u0131ktan sonra, muhta\u00e7l\u0131k belgesine gerek kalmadan sivil \u015fehit yak\u0131nlar\u0131n\u0131n beyan\u0131 \u00fczerine i\u015flemler ba\u015flat\u0131labilecek. Ama, geriye d\u00f6n\u00fck maa\u015f \u00f6demesi yap\u0131lmayacak. Nisan sonunda yasan\u0131n \u00e7\u0131kmas\u0131 ama\u00e7lan\u0131yor. Resmi verilere g\u00f6re, 4 bin 323 sivil \u015fehit, 1791 sivil gazi var. Ba\u015fvurular\u0131n ba\u015flamas\u0131 ile say\u0131n\u0131n artmas\u0131 bekleniyor.<\/p>\n<p style=\"text-align: justify;\">Ba\u015fbakan Yard\u0131mc\u0131s\u0131 B\u00fclent Ar\u0131n\u00e7 da bir TV kanal\u0131nda kat\u0131ld\u0131\u011f\u0131 programda bu konuya ili\u015fkin, \u015funlar\u0131 s\u00f6yledi:<\/p>\n<p style=\"text-align: justify;\">&#8220;Spesifik isimler \u00f6nemlidir. Yani Hrant Dink&#8217;in, bir ter\u00f6r olay\u0131 sonucu hayat\u0131na kast edilmi\u015ftir. Bunu yapan insanlar da cezaevinde ya da mahkemesi bitmi\u015f ya da temyiz a\u015famas\u0131ndad\u0131r. Hedef al\u0131narak, belli bir ama\u00e7la \u00f6ld\u00fcr\u00fclm\u00fc\u015ft\u00fcr, bir ter\u00f6r ma\u011fdurudur denilebilir. Uludere&#8217;de g\u00fcvenlik g\u00fc\u00e7leri bir bombalama yapm\u0131\u015ft\u0131r. O bombalamada 34-35 vatanda\u015f\u0131m\u0131z hayat\u0131n\u0131 kaybetmi\u015ftir. Sonra o ki\u015filerin sivil ki\u015filer oldu\u011fu, ter\u00f6rist olmad\u0131\u011f\u0131, silah bar\u0131nd\u0131rmad\u0131klar\u0131 ortaya \u00e7\u0131km\u0131\u015ft\u0131r. Tabii kanundaki tariflere uyarak, bu konuda karar vermemiz laz\u0131m, bir&#8230; \u0130kincisi de bu talebe ba\u011fl\u0131 olmas\u0131 d\u00fc\u015f\u00fcn\u00fcl\u00fcyorsa o ki\u015filerin ya da kanuni yak\u0131nlar\u0131n\u0131n talep etmesine ba\u011fl\u0131d\u0131r.&#8221;<\/p>\n<p style=\"text-align: justify;\"><a href=\"http:\/\/www.cnnturk.com\/2012\/turkiye\/03\/24\/uluderede.olenler.ve.dink.sehit.sayilacak\/654510.0\/index.html\" target=\"_blank\">Kaynak : CNN T\u00dcRK<\/a><\/p>\n","protected":false},"excerpt":{"rendered":"<p style=\"text-align: center;\">\n<p style=\"text-align: justify;\">Ter\u00f6r olaylar\u0131nda \u00f6len sivillerin \u015fehit say\u0131lmas\u0131 d\u00fczenlemesi ile ilgili ayr\u0131nt\u0131lar ortaya \u00e7\u0131kmaya ba\u015flad\u0131. Buna g\u00f6re, 1987 y\u0131l\u0131ndan sonraki olaylardan ma\u011fdur olanlar yasa kapsam\u0131nda olacak. Uludere&#8217;de hayat\u0131n\u0131 kaybedenlerin yak\u0131nlar\u0131 da kapsama al\u0131nabilecek.<\/p>\n<p style=\"text-align: justify;\">Gazi ve \u015fehit yak\u0131nlar\u0131na y\u00f6nelik d\u00fczenlemeleri AK Parti grup toplant\u0131s\u0131nda Ba\u015fbakan Recep Tayyip Erdo\u011fan a\u00e7\u0131klam\u0131\u015ft\u0131. En \u00f6nemli <\/p>\n","protected":false},"author":1,"featured_media":0,"comment_status":"open","ping_status":"open","sticky":false,"template":"","format":"standard","meta":{"footnotes":""},"categories":[105],"tags":[],"class_list":["post-49934","post","type-post","status-publish","format-standard","hentry","category-gundem","odd"],"_links":{"self":[{"href":"http:\/\/www.korhanyilmaz.com\/index.php?rest_route=\/wp\/v2\/posts\/49934","targetHints":{"allow":["GET"]}}],"collection":[{"href":"http:\/\/www.korhanyilmaz.com\/index.php?rest_route=\/wp\/v2\/posts"}],"about":[{"href":"http:\/\/www.korhanyilmaz.com\/index.php?rest_route=\/wp\/v2\/types\/post"}],"author":[{"embeddable":true,"href":"http:\/\/www.korhanyilmaz.com\/index.php?rest_route=\/wp\/v2\/users\/1"}],"replies":[{"embeddable":true,"href":"http:\/\/www.korhanyilmaz.com\/index.php?rest_route=%2Fwp%2Fv2%2Fcomments&post=49934"}],"version-history":[{"count":0,"href":"http:\/\/www.korhanyilmaz.com\/index.php?rest_route=\/wp\/v2\/posts\/49934\/revisions"}],"wp:attachment":[{"href":"http:\/\/www.korhanyilmaz.com\/index.php?rest_route=%2Fwp%2Fv2%2Fmedia&parent=49934"}],"wp:term":[{"taxonomy":"category","embeddable":true,"href":"http:\/\/www.korhanyilmaz.com\/index.php?rest_route=%2Fwp%2Fv2%2Fcategories&post=49934"},{"taxonomy":"post_tag","embeddable":true,"href":"http:\/\/www.korhanyilmaz.com\/index.php?rest_route=%2Fwp%2Fv2%2Ftags&post=49934"}],"curies":[{"name":"wp","href":"https:\/\/api.w.org\/{rel}","templated":true}]}}