{"id":49929,"date":"2012-03-25T09:25:34","date_gmt":"2012-03-25T06:25:34","guid":{"rendered":"http:\/\/www.korhanyilmaz.com\/?p=49929"},"modified":"2012-03-25T09:59:56","modified_gmt":"2012-03-25T06:59:56","slug":"ozgur-gundem-gazetesine-kapatma-cezasi","status":"publish","type":"post","link":"http:\/\/www.korhanyilmaz.com\/?p=49929","title":{"rendered":"\u00d6zg\u00fcr G\u00fcndem Gazetesi&#8217;ne kapatma cezas\u0131"},"content":{"rendered":"<p style=\"text-align: center;\"><a href=\"http:\/\/www.korhanyilmaz.com\/wp-content\/uploads\/2012\/03\/A0108.jpg\"  class=\"lightview\"><img loading=\"lazy\" decoding=\"async\" class=\"aligncenter  wp-image-49931\" src=\"http:\/\/www.korhanyilmaz.com\/wp-content\/uploads\/2012\/03\/A0108.jpg\" alt=\"\" width=\"364\" height=\"194\" \/><\/a><\/p>\n<p style=\"text-align: justify;\">\u00d6zg\u00fcr G\u00fcndem Gazetesi&#8217;ne 1 ay kapatma cezas\u0131 verildi. \u0130stanbul 14. A\u011f\u0131r Ceza Mahkemesi, gazetenin bug\u00fcnk\u00fc say\u0131s\u0131n\u0131n 1, 8, 9, 10 ve 11. sayfalar\u0131nda yer alan haber, yorum ve foto\u011fraflar\u0131n &#8220;\u00d6rg\u00fct propagandas\u0131&#8221; yapt\u0131\u011f\u0131 iddias\u0131yla, gazeteye 1 ay kapatma cezas\u0131 verirken, gazetenin bug\u00fcn ve yar\u0131n \u00e7\u0131kacak t\u00fcm say\u0131lar\u0131na el konulmas\u0131na karar verdi. Karar\u0131n ard\u0131ndan gazetenin bas\u0131m\u0131n\u0131n yap\u0131ld\u0131\u011f\u0131 G\u00fcn Matbaas\u0131&#8217;n\u0131 basan polis, gazetenin yar\u0131n \u00e7\u0131kacak olan say\u0131s\u0131na el koydu.\u00a0<!--more--><\/p>\n<p style=\"text-align: justify;\"><strong>\u0130LK KAPATMA DE\u011e\u0130L\u00a0<\/strong><\/p>\n<p style=\"text-align: justify;\">30 May\u0131s 1992&#8217;de yay\u0131n hayat\u0131na ba\u015flad\u0131ktan sonra 8 muhabir ile 19 da\u011f\u0131t\u0131mc\u0131s\u0131 katledilen ve 14 Nisan 1994&#8217;te kapat\u0131lan \u00d6zg\u00fcr G\u00fcndem Gazetesi, 17 y\u0131l aradan sonra ge\u00e7ti\u011fimiz y\u0131l 4 Nisan&#8217;da okurlar\u0131 ile bulu\u015fmu\u015ftu. 30 May\u0131s 1992&#8217;de \u0130stanbul&#8217;da ba\u015flayan ve yay\u0131n yapt\u0131\u011f\u0131 s\u00fcre boyunca b\u00fcrolar\u0131 defalarca bas\u0131lan, 30&#8217;u muhabir olmak \u00fczere 76 \u00e7al\u0131\u015fan\u0131 \u00f6ld\u00fcr\u00fclen \u00d6zg\u00fcr G\u00fcndem gazetesi 14 Nisan 1994&#8217;te kapat\u0131ld\u0131. \u00d6zg\u00fcr G\u00fcndem, J\u0130TEM&#8217;in b\u00f6lgedeki faaliyetlerini ve Hizbullah katliamlar\u0131n\u0131 g\u00fcndeme getiren ilk yay\u0131n organ\u0131 olmu\u015ftu. Yay\u0131na ba\u015flad\u0131ktan sadece 7 g\u00fcn sonra Diyarbak\u0131r Muhabiri Haf\u0131z Akdemir \u00f6ld\u00fcr\u00fcld\u00fc. Ard\u0131ndan Ferhat Tepe, Naz\u0131m Babao\u011flu ba\u015fta olmak \u00fczere 30 muhabiri \u00f6ld\u00fcr\u00fcld\u00fc. OHAL B\u00f6lgesi&#8217;ne giri\u015fi yasaklanan gazetenin da\u011f\u0131t\u0131m\u0131n\u0131 \u00fcstlenenler de hedefteydi. J\u0130TEM ve Hizbullah militanlar\u0131nca i\u015flenen bu cinayetler sonucu iki y\u0131lda 76 gazete \u00e7al\u0131\u015fan\u0131 hayat\u0131n\u0131 kaybetti. 17 Nisan 1994&#8217;te tamamen kapat\u0131ld\u0131ktan sonra, \u00d6zg\u00fcr G\u00fcndem&#8217;in ard\u0131l\u0131 olarak 28 Nisan 1994&#8217;te \u00d6zg\u00fcr \u00dclke gazetesi yay\u0131na ba\u015flad\u0131. Bu gazetenin de \u00fc\u00e7 b\u00fcrosu 3 Aral\u0131k 1994&#8217;te bombaland\u0131. Bombal\u0131 sald\u0131r\u0131larda gazete \u00e7al\u0131\u015fan\u0131 Ersin Y\u0131ld\u0131z ya\u015fam\u0131n\u0131 yitirirken, 21 \u00e7al\u0131\u015fan\u0131 da yaraland\u0131. \u00d6zg\u00fcr G\u00fcndem Gazetesi, 17 y\u0131ll\u0131k aran\u0131n ard\u0131ndan ge\u00e7ti\u011fimiz y\u0131l 4 Nisan g\u00fcn\u00fc &#8220;Miras\u0131n\u0131z\u0131 devral\u0131yoruz&#8221; s\u00fcrman\u015fetiyle yay\u0131na ba\u015flam\u0131\u015ft\u0131.<\/p>\n<p style=\"text-align: justify;\"><strong>\u00d6ZG\u00dcR G\u00dcNDEM YARIN BU MAN\u015eETLE \u00c7IKACAKTI\u00a0<\/strong><\/p>\n<p style=\"text-align: justify;\">\u00d6zg\u00fcr G\u00fcndem&#8217;in matbaas\u0131na bask\u0131n yap\u0131larak toplat\u0131lan 25 Mart 2012 tarihli say\u0131s\u0131n\u0131n ilk sayfas\u0131n\u0131 a\u015fa\u011f\u0131da yay\u0131nl\u0131yoruz. Gazete toplat\u0131lmasayd\u0131 &#8216;Ciz\u00eer teslim al\u0131namaz&#8217; man\u015fetiyle \u00e7\u0131kacakt\u0131.<\/p>\n<p style=\"text-align: justify;\"><a href=\"http:\/\/www.korhanyilmaz.com\/wp-content\/uploads\/2012\/03\/A0107.jpg\"  class=\"lightview\"><img loading=\"lazy\" decoding=\"async\" class=\"aligncenter  wp-image-49930\" src=\"http:\/\/www.korhanyilmaz.com\/wp-content\/uploads\/2012\/03\/A0107.jpg\" alt=\"\" width=\"339\" height=\"490\" \/><\/a><\/p>\n<p style=\"text-align: justify;\"><a href=\"http:\/\/www.evrensel.net\/news.php?id=25760\" target=\"_blank\">Kaynak : Evrensel.net<\/a><\/p>\n","protected":false},"excerpt":{"rendered":"<p style=\"text-align: center;\">\n<p style=\"text-align: justify;\">\u00d6zg\u00fcr G\u00fcndem Gazetesi&#8217;ne 1 ay kapatma cezas\u0131 verildi. \u0130stanbul 14. A\u011f\u0131r Ceza Mahkemesi, gazetenin bug\u00fcnk\u00fc say\u0131s\u0131n\u0131n 1, 8, 9, 10 ve 11. sayfalar\u0131nda yer alan haber, yorum ve foto\u011fraflar\u0131n &#8220;\u00d6rg\u00fct propagandas\u0131&#8221; yapt\u0131\u011f\u0131 iddias\u0131yla, gazeteye 1 ay kapatma cezas\u0131 verirken, gazetenin bug\u00fcn ve yar\u0131n \u00e7\u0131kacak t\u00fcm say\u0131lar\u0131na el konulmas\u0131na karar verdi. <\/p>\n","protected":false},"author":1,"featured_media":0,"comment_status":"open","ping_status":"open","sticky":false,"template":"","format":"standard","meta":{"footnotes":""},"categories":[105],"tags":[],"class_list":["post-49929","post","type-post","status-publish","format-standard","hentry","category-gundem","odd"],"_links":{"self":[{"href":"http:\/\/www.korhanyilmaz.com\/index.php?rest_route=\/wp\/v2\/posts\/49929","targetHints":{"allow":["GET"]}}],"collection":[{"href":"http:\/\/www.korhanyilmaz.com\/index.php?rest_route=\/wp\/v2\/posts"}],"about":[{"href":"http:\/\/www.korhanyilmaz.com\/index.php?rest_route=\/wp\/v2\/types\/post"}],"author":[{"embeddable":true,"href":"http:\/\/www.korhanyilmaz.com\/index.php?rest_route=\/wp\/v2\/users\/1"}],"replies":[{"embeddable":true,"href":"http:\/\/www.korhanyilmaz.com\/index.php?rest_route=%2Fwp%2Fv2%2Fcomments&post=49929"}],"version-history":[{"count":0,"href":"http:\/\/www.korhanyilmaz.com\/index.php?rest_route=\/wp\/v2\/posts\/49929\/revisions"}],"wp:attachment":[{"href":"http:\/\/www.korhanyilmaz.com\/index.php?rest_route=%2Fwp%2Fv2%2Fmedia&parent=49929"}],"wp:term":[{"taxonomy":"category","embeddable":true,"href":"http:\/\/www.korhanyilmaz.com\/index.php?rest_route=%2Fwp%2Fv2%2Fcategories&post=49929"},{"taxonomy":"post_tag","embeddable":true,"href":"http:\/\/www.korhanyilmaz.com\/index.php?rest_route=%2Fwp%2Fv2%2Ftags&post=49929"}],"curies":[{"name":"wp","href":"https:\/\/api.w.org\/{rel}","templated":true}]}}