{"id":49924,"date":"2012-03-25T09:29:42","date_gmt":"2012-03-25T06:29:42","guid":{"rendered":"http:\/\/www.korhanyilmaz.com\/?p=49924"},"modified":"2012-03-25T09:39:16","modified_gmt":"2012-03-25T06:39:16","slug":"akpnin-acelesi-var","status":"publish","type":"post","link":"http:\/\/www.korhanyilmaz.com\/?p=49924","title":{"rendered":"AKP\u2019nin acelesi var"},"content":{"rendered":"<p style=\"text-align: center;\"><a href=\"http:\/\/www.korhanyilmaz.com\/wp-content\/uploads\/2012\/03\/A0105.jpg\"  class=\"lightview\"><img loading=\"lazy\" decoding=\"async\" class=\"aligncenter  wp-image-49925\" src=\"http:\/\/www.korhanyilmaz.com\/wp-content\/uploads\/2012\/03\/A0105.jpg\" alt=\"\" width=\"318\" height=\"238\" \/><\/a><\/p>\n<p style=\"text-align: justify;\"><strong>KESK eylem karar\u0131 ald\u0131.<\/strong><\/p>\n<p style=\"text-align: justify;\">AKP, 27 Mart- 5 Nisan aras\u0131nda 6 yasa tasar\u0131s\u0131 ve \u00f6nerisini yasala\u015ft\u0131rma karar\u0131 ald\u0131. KESK de ayn\u0131 d\u00f6nemde kitlesel eylemler yaparak tasar\u0131lar\u0131n ve \u00f6nerilerin geri \u00e7ekilmesini isteyecek.<\/p>\n<p style=\"text-align: justify;\">AKP, aralar\u0131nda memur ve i\u015f\u00e7i toplus\u00f6zle\u015fme d\u00fczenlemelerinin de bulundu\u011fu 6 yasa tasar\u0131s\u0131 ve \u00f6nerisini 27 Mart ile 5 Nisan g\u00fcnleri aras\u0131nda yasala\u015ft\u0131rma karar\u0131 al\u0131rken, KESK de bu d\u00f6nemde alanlarda eylem yapacak.\u00a0<!--more--><\/p>\n<p style=\"text-align: justify;\">AKP Grup Ba\u015fkanl\u0131\u011f\u0131 taraf\u0131ndan milletvekillerine yap\u0131lan duyuruda, 27 Mart-5 Nisan g\u00fcnleri aras\u0131nda, TBMM Genel Kurulu\u2019nda yasala\u015ft\u0131r\u0131lmas\u0131 planlanan tasar\u0131 ve teklifler \u015f\u00f6yle s\u0131raland\u0131:<\/p>\n<p style=\"text-align: justify;\">\u201c\u0130lk\u00f6\u011fretim ve E\u011fitim Kanunu ile Baz\u0131 Kanunlarda De\u011fi\u015fiklik Yap\u0131lmas\u0131na Dair Kanun Teklifi (4+4+4), Kamu G\u00f6revlileri Sendikalar\u0131 Kanunu\u2019nda De\u011fi\u015fiklik Yap\u0131lmas\u0131na Dair Kanun Tasar\u0131s\u0131 (Memur maa\u015f zamlar\u0131), Orman K\u00f6yl\u00fclerinin Kalk\u0131nmalar\u0131n\u0131n Desteklenmesi ve Hazine Ad\u0131na Orman S\u0131n\u0131rlar\u0131 D\u0131\u015f\u0131na \u00c7\u0131kar\u0131lan Yerlerin De\u011ferlendirilmesi ile Hazineye Ait Tar\u0131m Arazilerinin Sat\u0131\u015f\u0131 Hakk\u0131nda Kanun Tasar\u0131s\u0131 (2-B), Toplu \u0130\u015f \u0130li\u015fkileri Kanun Tasar\u0131s\u0131, Katma De\u011fer Vergisi Kanunu ile Baz\u0131 Yat\u0131r\u0131m ve Hizmetlerin Yap-\u0130\u015flet-Devret Modeli \u00c7er\u00e7evesinde Yapt\u0131r\u0131lmas\u0131 Hakk\u0131nda Kanun ve Kamu \u0130hale Kanunu\u2019nda De\u011fi\u015fiklik Yap\u0131lmas\u0131na Dair Kanun Teklifi, 136 S\u0131ra Say\u0131l\u0131 Ceza ve G\u00fcvenlik Tedbirlerinin \u0130nfaz\u0131 Hakk\u0131nda Kanunda De\u011fi\u015fiklik Yap\u0131lmas\u0131na Dair Kanun Teklifi.\u201d<\/p>\n<p style=\"text-align: justify;\"><strong>Programlar Genel Kurul\u2019a g\u00f6re ayarland\u0131\u00a0<\/strong><\/p>\n<p style=\"text-align: justify;\">AKP Grup Ba\u015fkanl\u0131\u011f\u0131\u2019n\u0131n duyurusunda t\u00fcm bakan ve milletvekillerinin bu tarihler aras\u0131nda hafta sonlar\u0131 da dahil t\u00fcm yurti\u00e7i ve yurtd\u0131\u015f\u0131 resmi ve \u00f6zel programlar\u0131n\u0131 Genel Kurul\u2019da olacak \u015fekilde yapmalar\u0131 istendi.<\/p>\n<p style=\"text-align: justify;\">KESK de ayn\u0131 d\u00f6nemde eylem yapma karar\u0131 ald\u0131. KESK Genel Sekreteri \u0130smail Hakk\u0131 Tombul taraf\u0131ndan ba\u011fl\u0131 sendikalar\u0131n genel merkezlerine g\u00f6nderilen yaz\u0131da, \u201ckendisinden olmayan her kesime kar\u015f\u0131 adeta sava\u015f ilan eden AKP iktidar\u0131n\u0131n\u201d haz\u0131rlad\u0131\u011f\u0131 yasa tasar\u0131lar\u0131yla \u201cemek d\u00fc\u015fman\u0131\u201d politikalar\u0131na h\u0131z verdi\u011fi belirtildi. Yaz\u0131da, \u201c&#8230; Bu sald\u0131r\u0131 yasa tasar\u0131 ve tekliflerinin geri \u00e7ekilebilmesinin tek yolunun etkin ve kararl\u0131 bir m\u00fccadele sergilemekten ge\u00e7ti\u011fi a\u00e7\u0131kt\u0131r\u201d denildi. Yaz\u0131ya g\u00f6re, 28 Mart \u00c7ar\u015famba Ankara merkezli kitlesel bas\u0131n a\u00e7\u0131klamas\u0131 yap\u0131lacak. Ankara\u2019ya gelemeyen KESK \u00fcyeleri ise illerde e\u015fzamanl\u0131 a\u00e7\u0131klamalar ger\u00e7ekle\u015ftirecek. Yaz\u0131da, 4+4+4 TBMM Genel Kurulu\u2019na geldi\u011finde E\u011fitim-Sen taraf\u0131ndan yap\u0131lacak \u201cgrevin\u201d, di\u011fer hizmet kollar\u0131 taraf\u0131ndan da sahiplenilece\u011fi belirtildi.<\/p>\n<p style=\"text-align: justify;\"><a href=\"http:\/\/www.ntvmsnbc.com\/id\/25333588\/\" target=\"_blank\">Kaynak : Muhalif Gazete<\/a><\/p>\n","protected":false},"excerpt":{"rendered":"<p style=\"text-align: center;\">\n<p style=\"text-align: justify;\">KESK eylem karar\u0131 ald\u0131.<\/p>\n<p style=\"text-align: justify;\">AKP, 27 Mart- 5 Nisan aras\u0131nda 6 yasa tasar\u0131s\u0131 ve \u00f6nerisini yasala\u015ft\u0131rma karar\u0131 ald\u0131. KESK de ayn\u0131 d\u00f6nemde kitlesel eylemler yaparak tasar\u0131lar\u0131n ve \u00f6nerilerin geri \u00e7ekilmesini isteyecek.<\/p>\n<p style=\"text-align: justify;\">AKP, aralar\u0131nda memur ve i\u015f\u00e7i toplus\u00f6zle\u015fme d\u00fczenlemelerinin de bulundu\u011fu 6 yasa tasar\u0131s\u0131 ve \u00f6nerisini 27 <\/p>\n","protected":false},"author":1,"featured_media":0,"comment_status":"open","ping_status":"open","sticky":false,"template":"","format":"standard","meta":{"footnotes":""},"categories":[105],"tags":[],"class_list":["post-49924","post","type-post","status-publish","format-standard","hentry","category-gundem","odd"],"_links":{"self":[{"href":"http:\/\/www.korhanyilmaz.com\/index.php?rest_route=\/wp\/v2\/posts\/49924","targetHints":{"allow":["GET"]}}],"collection":[{"href":"http:\/\/www.korhanyilmaz.com\/index.php?rest_route=\/wp\/v2\/posts"}],"about":[{"href":"http:\/\/www.korhanyilmaz.com\/index.php?rest_route=\/wp\/v2\/types\/post"}],"author":[{"embeddable":true,"href":"http:\/\/www.korhanyilmaz.com\/index.php?rest_route=\/wp\/v2\/users\/1"}],"replies":[{"embeddable":true,"href":"http:\/\/www.korhanyilmaz.com\/index.php?rest_route=%2Fwp%2Fv2%2Fcomments&post=49924"}],"version-history":[{"count":0,"href":"http:\/\/www.korhanyilmaz.com\/index.php?rest_route=\/wp\/v2\/posts\/49924\/revisions"}],"wp:attachment":[{"href":"http:\/\/www.korhanyilmaz.com\/index.php?rest_route=%2Fwp%2Fv2%2Fmedia&parent=49924"}],"wp:term":[{"taxonomy":"category","embeddable":true,"href":"http:\/\/www.korhanyilmaz.com\/index.php?rest_route=%2Fwp%2Fv2%2Fcategories&post=49924"},{"taxonomy":"post_tag","embeddable":true,"href":"http:\/\/www.korhanyilmaz.com\/index.php?rest_route=%2Fwp%2Fv2%2Ftags&post=49924"}],"curies":[{"name":"wp","href":"https:\/\/api.w.org\/{rel}","templated":true}]}}