{"id":49917,"date":"2012-03-25T08:20:46","date_gmt":"2012-03-25T05:20:46","guid":{"rendered":"http:\/\/www.korhanyilmaz.com\/?p=49917"},"modified":"2012-03-25T09:04:30","modified_gmt":"2012-03-25T06:04:30","slug":"erdogan-ygs-ve-dershaneyi-kaldiriyoruz","status":"publish","type":"post","link":"http:\/\/www.korhanyilmaz.com\/?p=49917","title":{"rendered":"Erdo\u011fan: YGS ve dershaneyi kald\u0131r\u0131yoruz"},"content":{"rendered":"<p style=\"text-align: center;\"><a href=\"http:\/\/www.korhanyilmaz.com\/wp-content\/uploads\/2012\/03\/A0103.jpg\"  class=\"lightview\"><img loading=\"lazy\" decoding=\"async\" class=\"aligncenter  wp-image-49918\" src=\"http:\/\/www.korhanyilmaz.com\/wp-content\/uploads\/2012\/03\/A0103.jpg\" alt=\"\" width=\"333\" height=\"191\" \/><\/a><\/p>\n<p style=\"text-align: justify;\">\u00dcniversite giri\u015f s\u0131nav\u0131n\u0131 ve \u00fcniversite haz\u0131rl\u0131k kurslar\u0131n\u0131 ortadan kald\u0131rmay\u0131 planlad\u0131klar\u0131n\u0131 a\u00e7\u0131klayan Ba\u015fbakan Erdo\u011fan, &#8220;Bu dershaneler ya liseye d\u00f6necekler ya da kapanacaklar&#8221; dedi.<\/p>\n<p style=\"text-align: justify;\">ALMATI &#8211; Kademeli e\u011fitim sistemiyle ilgili d\u00fczenlemeyi Tando\u011fan Meydan\u0131&#8217;nda yapaca\u011f\u0131 meclis grup toplant\u0131s\u0131 ile protesto etmeye haz\u0131rlanan CHP&#8217;ye ba\u015fbakan&#8217;dan tepki geldi.\u00a0<!--more--><\/p>\n<p style=\"text-align: justify;\">&#8220;Ben b\u00fcrokrasiden gelmedim, o meydanlardan geldim. Ama Say\u0131n K\u0131l\u0131\u00e7daro\u011flu daha al\u0131\u015facak&#8221; diyen Ba\u015fbakan Erdo\u011fan, &#8220;Grup toplant\u0131s\u0131 meclis&#8217;te yap\u0131l\u0131r. Tando\u011fan&#8217;daki mitingdir. Vars\u0131n mitingini yaps\u0131n&#8221; diye konu\u015ftu.<\/p>\n<p style=\"text-align: justify;\">Seul&#8217;e giderken Almat\u0131 Havaliman\u0131&#8217;ndaki yak\u0131t ikmali s\u0131ras\u0131nda gazetecilerin sorular\u0131n\u0131 yan\u0131tlayan Ba\u015fbakan Erdo\u011fan, e\u011fitim sistemiyle ilgili \u00f6nemli a\u00e7\u0131klamalarda da bulundu.<\/p>\n<p style=\"text-align: justify;\">\u00dcniversite giri\u015f s\u0131nav\u0131n\u0131 ve \u00fcniversite haz\u0131rl\u0131k kurslar\u0131n\u0131 ortadan kald\u0131rmay\u0131 planlad\u0131klar\u0131n\u0131 a\u00e7\u0131klayan Ba\u015fbakan Erdo\u011fan, &#8220;Bu dershaneler ya liseye d\u00f6necekler ya da kapanacaklar&#8221; dedi.<\/p>\n<p style=\"text-align: justify;\">Ba\u015fbakan darbelerle ilgili Meclis Ara\u015ft\u0131rma Komisyonu kurulmas\u0131n\u0131n da g\u00fcndemde oldu\u011funu a\u00e7\u0131klad\u0131.<\/p>\n<p style=\"text-align: justify;\">Erdo\u011fan,, &#8220;28 \u015eubat&#8217;la ilgili bir Meclis Ara\u015ft\u0131rma Komisyonu kurulmas\u0131 niyetimiz var. ad\u0131 ne olursa olsun, devrim ya da postmodern darbe, 1960&#8217;tan beri hepsi ara\u015ft\u0131r\u0131lmal\u0131. Yarg\u0131ya d\u00fc\u015fen hususlar varsa, o ad\u0131mlar da at\u0131lacak&#8221; diye konu\u015ftu.<\/p>\n<p style=\"text-align: justify;\">Ba\u015fbakan Erdo\u011fan, T\u00fcrkiye&#8217;nin n\u00fckleer enerji konusundaki hedeflerini de anlatt\u0131. Rusya&#8217;yla ba\u015flat\u0131lan n\u00fckleer santral projesini ger\u00e7ekle\u015ftireceklerini s\u00f6yleyen Erdo\u011fan, ikinci projeye ba\u015flanaca\u011f\u0131n\u0131 da belirtti.<\/p>\n<p style=\"text-align: justify;\">Ba\u015fbakan yeni termik santrallere yerli k\u00f6m\u00fcr \u015fart\u0131 getireceklerini de s\u00f6yledi.<\/p>\n<p style=\"text-align: justify;\">Ba\u015fbakan&#8217;\u0131n g\u00fcndeminde d\u0131\u015f politika da vard\u0131. Suriye ile ili\u015fkilerin kopma noktas\u0131na geldi\u011fini s\u00f6yleyen Erdo\u011fan &#8220;Suriye&#8217;de muhatab\u0131m\u0131z kalmad\u0131&#8221; dedi ve T\u00fcrkiye&#8217;nin b\u00fcy\u00fckel\u00e7isini \u00e7ekebilece\u011finin sinyalini verdi.<\/p>\n<p style=\"text-align: justify;\"><a href=\"http:\/\/www.ntvmsnbc.com\/id\/25333595\/\" target=\"_blank\">Kaynak : NTVMSNBC<\/a><\/p>\n","protected":false},"excerpt":{"rendered":"<p style=\"text-align: center;\">\n<p style=\"text-align: justify;\">\u00dcniversite giri\u015f s\u0131nav\u0131n\u0131 ve \u00fcniversite haz\u0131rl\u0131k kurslar\u0131n\u0131 ortadan kald\u0131rmay\u0131 planlad\u0131klar\u0131n\u0131 a\u00e7\u0131klayan Ba\u015fbakan Erdo\u011fan, &#8220;Bu dershaneler ya liseye d\u00f6necekler ya da kapanacaklar&#8221; dedi.<\/p>\n<p style=\"text-align: justify;\">ALMATI &#8211; Kademeli e\u011fitim sistemiyle ilgili d\u00fczenlemeyi Tando\u011fan Meydan\u0131&#8217;nda yapaca\u011f\u0131 meclis grup toplant\u0131s\u0131 ile protesto etmeye haz\u0131rlanan CHP&#8217;ye ba\u015fbakan&#8217;dan tepki geldi. <\/p>\n","protected":false},"author":1,"featured_media":0,"comment_status":"open","ping_status":"open","sticky":false,"template":"","format":"standard","meta":{"footnotes":""},"categories":[105],"tags":[],"class_list":["post-49917","post","type-post","status-publish","format-standard","hentry","category-gundem","odd"],"_links":{"self":[{"href":"http:\/\/www.korhanyilmaz.com\/index.php?rest_route=\/wp\/v2\/posts\/49917","targetHints":{"allow":["GET"]}}],"collection":[{"href":"http:\/\/www.korhanyilmaz.com\/index.php?rest_route=\/wp\/v2\/posts"}],"about":[{"href":"http:\/\/www.korhanyilmaz.com\/index.php?rest_route=\/wp\/v2\/types\/post"}],"author":[{"embeddable":true,"href":"http:\/\/www.korhanyilmaz.com\/index.php?rest_route=\/wp\/v2\/users\/1"}],"replies":[{"embeddable":true,"href":"http:\/\/www.korhanyilmaz.com\/index.php?rest_route=%2Fwp%2Fv2%2Fcomments&post=49917"}],"version-history":[{"count":0,"href":"http:\/\/www.korhanyilmaz.com\/index.php?rest_route=\/wp\/v2\/posts\/49917\/revisions"}],"wp:attachment":[{"href":"http:\/\/www.korhanyilmaz.com\/index.php?rest_route=%2Fwp%2Fv2%2Fmedia&parent=49917"}],"wp:term":[{"taxonomy":"category","embeddable":true,"href":"http:\/\/www.korhanyilmaz.com\/index.php?rest_route=%2Fwp%2Fv2%2Fcategories&post=49917"},{"taxonomy":"post_tag","embeddable":true,"href":"http:\/\/www.korhanyilmaz.com\/index.php?rest_route=%2Fwp%2Fv2%2Ftags&post=49917"}],"curies":[{"name":"wp","href":"https:\/\/api.w.org\/{rel}","templated":true}]}}