{"id":49914,"date":"2012-03-24T18:45:05","date_gmt":"2012-03-24T16:45:05","guid":{"rendered":"http:\/\/www.korhanyilmaz.com\/?p=49914"},"modified":"2012-03-25T00:12:58","modified_gmt":"2012-03-24T22:12:58","slug":"issizlik-rakamlari-ile-oynaniyor","status":"publish","type":"post","link":"http:\/\/www.korhanyilmaz.com\/?p=49914","title":{"rendered":"&#8216;\u0130\u015fsizlik rakamlar\u0131 ile oynan\u0131yor&#8217;"},"content":{"rendered":"<p style=\"text-align: justify;\"><a href=\"http:\/\/www.korhanyilmaz.com\/wp-content\/uploads\/2012\/03\/A0102.jpg\"  class=\"lightview\"><img loading=\"lazy\" decoding=\"async\" class=\"aligncenter size-full wp-image-49915\" title=\"\" src=\"http:\/\/www.korhanyilmaz.com\/wp-content\/uploads\/2012\/03\/A0102.jpg\" alt=\"\" width=\"320\" height=\"100\" \/><\/a><\/p>\n<p style=\"text-align: justify;\">CHP Genel Ba\u015fkan\u0131 Kemal K\u0131l\u0131\u00e7daro\u011flu, 3&#215;4 yasas\u0131 ile e\u011fitimle ilgili mal ve hizmet al\u0131mlar\u0131n\u0131n Kamu \u0130hale Kanunu h\u00fck\u00fcmleri d\u0131\u015f\u0131nda tutulmas\u0131na ili\u015fkin olarak, &#8220;Vurgun yasas\u0131 o. 18-20 milyar dolarl\u0131k bir boyutu var. \u00c7ocuklar\u0131n s\u0131rt\u0131ndan vurgun yap\u0131lacak. Yolsuzlu\u011fu me\u015frula\u015ft\u0131ran bir yasa bu. AKP, 4 art\u0131 4 art\u0131 4 art\u0131&#8217;y\u0131 konu\u015fur, ama bu yolsuzlu\u011fu hi\u00e7 konu\u015fmaz&#8221; ele\u015ftirisinde bulundu.\u00a0<!--more--><\/p>\n<p style=\"text-align: justify;\">K\u0131l\u0131\u00e7daro\u011flu, partisinin TBMM Plan B\u00fct\u00e7e Komisyonu \u00fcyeleri ile birlikte ekonomi bas\u0131n\u0131 ile d\u00fczenledi\u011fi sohbet toplant\u0131s\u0131nda, gazetecilerin ekonomi g\u00fcndemine ili\u015fkin sorular\u0131 yan\u0131tlad\u0131.<\/p>\n<p style=\"text-align: justify;\">T\u00dc\u0130K&#8217;in rakamlarla oynay\u0131p oynamad\u0131\u011f\u0131na ili\u015fkin bir soru \u00fczerine K\u0131l\u0131\u00e7daro\u011flu, &#8220;T\u00dc\u0130K&#8217;in rakamlarla oyna\u011fd\u0131 kan\u0131s\u0131nday\u0131z. 2 milyon hektar arazi son 9 y\u0131lda ekilmedi. \u00c7ok basit bir \u00f6rnek verece\u011fim, patates \u00fcretimi 6 milyon tondu, 4,5 milyon tona d\u00fc\u015ft\u00fc. Nas\u0131l oluyor da tar\u0131mda istihdam canlan\u0131yor? Tah\u0131l \u00fcretimine baksan\u0131z d\u00fc\u015f\u00fc\u015f var. Di\u011fer \u00fcretim alanlar\u0131nda da d\u00fc\u015f\u00fc\u015f var. O zaman istihdam nas\u0131ll artt\u0131 tar\u0131mda?&#8221; yant\u0131n\u0131 verdi.<\/p>\n<p style=\"text-align: justify;\"><strong>&#8220;\u0130\u015eS\u0130ZL\u0130K RAKAMLARINDA OYNANIYOR&#8221;\u00a0<\/strong><\/p>\n<p style=\"text-align: justify;\">K\u0131l\u0131\u00e7daro\u011flu, &#8220;Sadece i\u015fsizlikle ilgili verilerde mi, yoksa genel verilerde mi oynad\u0131\u011f\u0131n\u0131 d\u00fc\u015f\u00fcn\u00fcyorsunuz?&#8221; \u015feklindeki bir ba\u015fka soruya, &#8220;\u0130\u015fsizlikle ilgili. \u00c7\u00fcnk\u00fc inand\u0131r\u0131c\u0131 gelmiyor&#8221; kar\u015f\u0131l\u0131\u011f\u0131n\u0131 verdi. Bu durumun plan ve b\u00fct\u00e7e komisyonu \u00fcyeleri taraf\u0131ndan da sorguland\u0131\u011f\u0131n\u0131 ve T\u00dc\u0130K&#8217;in b\u00fct\u00e7esi g\u00f6r\u00fc\u015f\u00fcl\u00fcrken de konunun dile getirildi\u011fini belirten K\u0131l\u0131\u00e7daro\u011flu, buna kar\u015f\u0131l\u0131k kendilerine, \u015fuana kadar tatmin edici bir yan\u0131t verilmedi\u011fini bildirdi.<\/p>\n<p style=\"text-align: justify;\"><strong>&#8220;N\u0130\u011eDE&#8217;DE PATATES \u00dcRET\u0130C\u0130LER\u0130N\u0130N HEPS\u0130 HAC\u0130ZL\u0130, DER\u0130NKUYU AKP \u0130L\u00c7E BA\u015eKANI D\u00c2H\u0130L&#8221;\u00a0<\/strong><\/p>\n<p style=\"text-align: justify;\">CHP&#8217;nin ekonomiye vurgu konusuna ili\u015fkin bir soru \u00fczerine K\u0131l\u0131\u00e7daro\u011flu, bu konuda belki seslerini yeteri kadar yans\u0131tamad\u0131klar\u0131n\u0131 ancak, bas\u0131nda da dile getirdikleri ekonomi konusunun yeteri kadar yer almad\u0131\u011f\u0131 ele\u015ftirisinde bulunarak, \u015funlar\u0131 s\u00f6yledi:<\/p>\n<p style=\"text-align: justify;\">&#8220;Ben Ni\u011fde&#8217;ye gitti\u011fimde patates \u00fcreticileri ile bulu\u015ftuk ve orada bir miting yapt\u0131k. Fakat bas\u0131nda patatesle ilgili bir sat\u0131r bile yer almad\u0131. Orada s\u00f6yledi\u011fim ba\u015fka \u015feyler yer ald\u0131, ancak ekonomiyle ilgili b\u00f6l\u00fcm pas ge\u00e7ildi. Bunun nedenini bilmiyoruz ama biz dile getiriyoruz. Anadolu&#8217;nun g\u00fcndemi \u00e7ok farkl\u0131. \u0130stanbul gibi de\u011fil. Patates \u00fcreticilerinin hepsi hacizli.<\/p>\n<p style=\"text-align: justify;\">Derinkuyu AKP il\u00e7e ba\u015fkan\u0131 d\u00e2hil. Hepsinin mal varl\u0131\u011f\u0131 hacizli. Bu tablo, \u00fcretimin te\u015fvikini de\u011fil, tam tersi \u00fcretimsizli\u011fi esas alan bir tablo, bir politika. Ne kazanabiliyorlar ne satabiliyorlar. Ben \u015fu \u00f6rne\u011fi de verdim: Patates \u00fcretimiyle ilgili 10 y\u0131l \u00f6nce, bir kilo patates 35 kuru\u015ftu. 1 litre mazot da 1 TL&#8217;ydi. 10 y\u0131l sonra, 1 kg patates 40 kuru\u015f, 5 kuru\u015f artm\u0131\u015f, 1 litre mazot 4 TL&#8217;ye \u00e7\u0131km\u0131\u015f. \u015eimdi bu \u00fcreticiye bakt\u0131\u011f\u0131n\u0131z zaman Ni\u011fde&#8217;de patates \u00fcreticisiyle bir konu\u015fun. Bir tek dayak yemedi\u011fi kal\u0131r. Herkes burnundan soluyor. Fakat bak\u0131yoruz medyaya patatesten bahsedilmiyor. Oysa sadece Ni\u011fde, patates \u00fcretiminin y\u00fczde 20&#8217;sini ger\u00e7ekle\u015ftiriyor. M\u00fcthi\u015f bir dram var o b\u00f6lgede. Belki ekonomi \u00fczerinde biraz daha a\u011f\u0131rl\u0131kl\u0131 durmak gerekiyor.&#8221;<\/p>\n<p style=\"text-align: justify;\"><strong>&#8220;MB&#8217;N\u0130N BA\u011eIMSIZLI\u011eINDA DURMU\u015e YILMAZ D\u00d6NEM\u0130 HAR\u0130\u00c7T\u0130R&#8221;\u00a0<\/strong><\/p>\n<p style=\"text-align: justify;\">K\u0131l\u0131\u00e7daro\u011flu, &#8220;Son y\u0131llarda Merkez Bankas\u0131&#8217;n\u0131n ba\u011f\u0131ms\u0131zl\u0131\u011f\u0131 konusundaki endi\u015felerin alt\u0131n\u0131 siz de \u00e7izdiniz. Bu son y\u0131llara Durmu\u015f Y\u0131lmaz d\u00f6nemi d\u00e2hil mi, yoksa ba\u015fka d\u00f6nemlerden mi bahsediyorsunuz?\u201d \u015feklindeki bir soruya K\u0131l\u0131\u00e7daro\u011flu, &#8220;Durmu\u015f Y\u0131lmaz d\u00f6nemi hari\u00e7. O ger\u00e7ek bir Merkez Bankas\u0131 ba\u015fkan\u0131yd\u0131&#8221; yan\u0131t\u0131n\u0131 verdi. \u0130\u015fsizli\u011fin umudunu kaybedenlerle birlikte yakla\u015f\u0131k 1.5 milyon ki\u015fi oldu\u011fu ve bu ki\u015filerin ekonomik anlamda umudunu kesip kesmedi\u011fine ili\u015fkin bir soruya K\u0131l\u0131\u00e7daro\u011flu, &#8220;\u00d6yle g\u00f6r\u00fcn\u00fcyor. \u0130\u015f aram\u0131yor. Fakat soruyorlar bu ki\u015filere, &#8216;i\u015f bulursan \u00e7al\u0131\u015f\u0131r m\u0131s\u0131n&#8217;, o da, &#8216;evet \u00e7al\u0131\u015f\u0131r\u0131m diyor&#8217;, onlar\u0131 i\u015fsiz kapsam\u0131ndan \u00e7\u0131kart\u0131yorlar&#8221; dedi.<\/p>\n<p style=\"text-align: justify;\"><strong>&#8220;VURGUN YASASI O&#8221;\u00a0<\/strong><\/p>\n<p style=\"text-align: justify;\">Bir gazetecinin, &#8220;4 art\u0131 4 art\u0131 4 meselesinde de bir ekonomik ayak var diye konu\u015fuluyor kulislerde. Bu konudaki g\u00f6r\u00fc\u015fleriniz nelerdir?\u201d \u015feklindeki bir sorusuna K\u0131l\u0131\u00e7daro\u011flu, \u015fu yan\u0131t\u0131 verdi:<\/p>\n<p style=\"text-align: justify;\">&#8220;Olmaz olur mu? As\u0131l ekonomi orada. Vurgun yasas\u0131 o. 2030&#8217;a kadar, e\u011fitimle ilgili a\u015fa\u011f\u0131 yukar\u0131 t\u00fcm al\u0131mlar kamu ihale yasas\u0131n\u0131n kapsam\u0131 d\u0131\u015f\u0131nda olacak. O nedenle vurgun yasas\u0131 diyoruz. \u00c7ocuklar\u0131n s\u0131rt\u0131ndan vurgun yap\u0131lacak.<\/p>\n<p style=\"text-align: justify;\">Yolsuzlu\u011fu me\u015frula\u015ft\u0131ran bir yasa bu. Bak\u0131n AKP, 4 art\u0131 4 art\u0131 4 art\u0131&#8217;y\u0131 konu\u015fur, ama bu yolsuzlu\u011fu hi\u00e7 konu\u015fmaz. 18-20 milyar dolarl\u0131k bir boyutu var. Yani, 18-20 milyar dolarl\u0131k bir paray\u0131, ihale yasas\u0131 kapsam\u0131 d\u0131\u015f\u0131nda arzu ettiklerinize da\u011f\u0131tacaks\u0131n\u0131z. Ailelerden okul i\u00e7in katk\u0131 pay\u0131 isteniyor biliyorsunuz. Her ne kadar istenmiyor dense de, \u00e7ocu\u011funu g\u00f6nderen her aileden para isteniyor.<\/p>\n<p style=\"text-align: justify;\">Para yoksa da, annesine deniyor ki, &#8216;gel okulu temizle, sen de i\u015fini b\u00f6yle yap&#8217;. Bu kald\u0131r\u0131lm\u0131yor mesela. Yasal bir d\u00fczenleme de yap\u0131lm\u0131yor. Fakat, 18-20 milyar dolarl\u0131k bir al\u0131m i\u00e7in pekala d\u00fczenleme yap\u0131labiliyor, &#8216;kamu ihale yasas\u0131n\u0131n kapsam\u0131n\u0131n d\u0131\u015f\u0131ndad\u0131r&#8217; deniyor.&#8221;<\/p>\n<p style=\"text-align: justify;\">K\u0131l\u0131\u00e7daro\u011flu, AB ilerleme raporunda \u00f6n\u00fcm\u00fczdeki d\u00f6nemde bu konunun da ele\u015ftiri konusu olabilece\u011fi \u00f6ng\u00f6r\u00fcs\u00fcnde bulundu.<\/p>\n<p style=\"text-align: justify;\"><strong>&#8220;T\u00dcRK\u0130YE&#8217;DEN Y\u00dcKSEK FA\u0130Z ALIYORLAR, \u00d6VMEY\u0130P DE NE YAPACAK?&#8221;\u00a0<\/strong><\/p>\n<p style=\"text-align: justify;\">K\u0131l\u0131\u00e7daro\u011flu, &#8220;Yurt d\u0131\u015f\u0131ndan gelen fonlar oluyor, onlarda bir tak\u0131m pembe tablolar \u00e7iziyorlar? D\u0131\u015far\u0131ya \u00e7ok mu iyi anlat\u0131l\u0131yor? Bu durumu nas\u0131l yorumluyorsunuz? sorusu \u00fczerine, &#8220;D\u0131\u015far\u0131dan pembe tablo \u00e7izilmesi gayet do\u011fal. O kadar y\u00fcksek faizi ba\u015fka bir \u00fclkeden alam\u0131yorlar. T\u00fcrkiye&#8217;den al\u0131yorlar. \u00d6vmeyip de ne yapacak&#8221; dedi. D\u00fcnya ekonomisi konusuna da de\u011finen K\u0131l\u0131\u00e7daro\u011flu, \u00c7in ekonomisinde durgunluk ba\u015flad\u0131\u011f\u0131n\u0131, b\u00fcy\u00fcmenin d\u00fc\u015ft\u00fc\u011f\u00fcn\u00fc s\u00f6yledi.<\/p>\n<p style=\"text-align: justify;\">Bu durumun \u00c7in&#8217;in ithalat\u0131n\u0131n d\u00fc\u015fmesi anlam\u0131na geldi\u011finin alt\u0131n\u0131 \u00e7izen K\u0131l\u0131\u00e7daro\u011flu, &#8220;Bu d\u00fcnya ekonomisini birinci elden ilgilendirir. B\u00fct\u00fcn ekonomistler yorum yapmaya ba\u015flad\u0131lar. Bana s\u00f6yler misiniz, bizde hangi bakan, acaba bu konular\u0131, d\u00fcnya ekonomisini izliyor? O kadar a\u00e7\u0131k bir yap\u0131 ki t\u00fcm\u00fcyle s\u0131cak paraya endeksli bir ekonomi politikam\u0131z var. S\u0131cak para gitti, ekonomi bat\u0131yor, s\u0131cak para geldi durum iyi. \u0130dare edip gidiyoruz. \u00d6nlem? Bana \u00e7\u0131k\u0131p birisi, ekonomi konusunda \u015fu \u00f6nlemi ald\u0131k desin. \u00d6nlem t\u00fcm\u00fcyle s\u0131cak parayla ilgili. Paran\u0131n gelmesi ve T\u00fcrkiye&#8217;de kalmas\u0131 gerekiyor, onun i\u00e7in de y\u00fcksek faiz vermeleri gerekiyor&#8221; de\u011ferlendirmesinde bulundu.<\/p>\n<p style=\"text-align: justify;\"><strong>\u00dc\u00c7\u00dcNC\u00dc K\u00d6PR\u00dc\u00a0<\/strong><\/p>\n<p style=\"text-align: justify;\">CHP Milletvekili Faik \u00d6ztrak, \u00fc\u00e7\u00fcnc\u00fc k\u00f6pr\u00fcyle ilgili bir soru \u00fczerine, h\u00fck\u00fcmetin \u00fc\u00e7\u00fcnc\u00fc k\u00f6pr\u00fcde ihaleye \u00e7\u0131kt\u0131\u011f\u0131nda teklif almakta zorland\u0131\u011f\u0131n\u0131, ancak ge\u00e7mi\u015fte de ba\u015flam\u0131\u015f olan ve kredisi bulunamam\u0131\u015f bir tak\u0131m yat\u0131r\u0131mlar\u0131n da oldu\u011funu s\u00f6yledi. \u00d6ztrak, a\u00e7\u0131klamas\u0131n\u0131 \u015f\u00f6yle s\u00fcrd\u00fcrd\u00fc:<\/p>\n<p style=\"text-align: justify;\">&#8220;H\u00fck\u00fcmetin yapmaya \u00e7al\u0131\u015ft\u0131\u011f\u0131 \u015fey, yap-i\u015flet-devret kapsam\u0131ndaki projelerle ilgili olarak, &#8216;e\u011fer bu proje yap-i\u015flet-devret\u2019i alan firma taraf\u0131ndan bir \u015fekilde y\u00fcr\u00fct\u00fclemezse ve bir s\u0131k\u0131nt\u0131 \u00e7\u0131karsa, bu \u015firketin alm\u0131\u015f oldu\u011fu kredinin kullan\u0131lan k\u0131sm\u0131n\u0131 ve kullan\u0131lacak k\u0131sm\u0131n\u0131 Hazine \u00fcstlenebilir&#8217; diyor. Bakan da \u015funu iddia ediyor, &#8216;bu asl\u0131nda Hazine garantisi de\u011fildir&#8217; diyor. Hay\u0131r, tamamen Hazine garantisidir. Ko\u015fullu bir y\u00fck\u00fcml\u00fcl\u00fckt\u00fcr. \u00c7\u00fcnk\u00fc \u015funu s\u00f6yl\u00fcyorsunuz, &#8216;bu krediyi \u00f6zel kesim \u00f6deyemezde bat\u0131r\u0131rsa, Hazine olarak arkas\u0131nda ben var\u0131m. Ben bunu devralaca\u011f\u0131m&#8217; diyorsunuz. Apa\u00e7\u0131k, d\u00fcped\u00fcz garantidir.&#8221;<\/p>\n<p style=\"text-align: justify;\"><strong>&#8220;\u0130LK DEFA \u00d6ZEL SEKT\u00d6R\u00dcN ALDI\u011eI KRED\u0130YE GARANT\u0130 VER\u0130L\u0130YOR&#8221;\u00a0<\/strong><\/p>\n<p style=\"text-align: justify;\">B\u00f6ylelikle, T\u00fcrkiye&#8217;de ilk defa \u00f6zel sekt\u00f6r\u00fcn ald\u0131\u011f\u0131 krediye de garanti verildi\u011fini iddia eden \u00d6ztrak, ayr\u0131ca bunun sadece yeni projeler i\u00e7in uygulanmad\u0131\u011f\u0131n\u0131, ge\u00e7mi\u015fteki projelere de uyguland\u0131\u011f\u0131n\u0131 belirterek, &#8220;Hen\u00fcz kredisini bulamam\u0131\u015f, fakat ihaleyi kazanm\u0131\u015flar i\u00e7in de bunu uygulayacak. Bu \u015fu demek: Daha \u00f6nce Hazine garantisi yokken, teklif verenler, asl\u0131nda Hazine garantisi olmayan duruma g\u00f6re kredi maliyetlerini dikkate al\u0131p teklif vermi\u015flerdi. O nedenle y\u00fcksek teklif vermi\u015flerdi. \u015eimdi Hazine garantisi geldi\u011fi i\u00e7in kredi maliyeti d\u00fc\u015fece\u011fi i\u00e7in birincisi, e\u011fer kazanan firma varsa, o firman\u0131n kar\u0131 artacakt\u0131r. \u0130ki, bu a\u00e7\u0131k\u00e7a di\u011fer firmalar\u0131, bu bilgiye sahip olmamalar\u0131 nedeniyle ihaleye girememeleri anlam\u0131na gelir ki bu ihaleye fesat kar\u0131\u015ft\u0131rmakt\u0131r&#8221; dedi.<\/p>\n<p style=\"text-align: justify;\">CHP Milletvekili Faik \u00d6ztrak, yine bu konuda b\u00fct\u00fcn Genel Kurul&#8217;daki g\u00f6r\u00fc\u015fme boyunca Bakanlar Kurulu masas\u0131nda oturan ki\u015finin Ula\u015ft\u0131rma Bakan\u0131 oldu\u011funu s\u00f6yledi. \u00d6ztrak, &#8220;Garantiyi veren Ali Babacan de\u011fildir. KDV istisnas\u0131n\u0131 veren Maliye Bakan\u0131 de\u011fildir, Ula\u015ft\u0131rma Bakan\u0131&#8217;d\u0131r. H\u00fck\u00fcmetin i\u00e7inde \u00f6yle g\u00f6r\u00fcn\u00fcyor ki bir koalisyon var. Bu yat\u0131r\u0131mc\u0131 bakanlar koalisyonu \u015fu anda bask\u0131n bir hale gelmi\u015f vaziyette, ancak \u00e7at\u0131rd\u0131yor gibi de g\u00f6r\u00fcn\u00fcyor&#8221; dedi.<\/p>\n<p style=\"text-align: justify;\">CHP&#8217;li bir milletvekili de, ge\u00e7mi\u015fte TBMM Plan ve B\u00fct\u00e7e Komisyonu&#8217;nda b\u00fct\u00e7e ve yasalar g\u00f6r\u00fc\u015f\u00fcl\u00fcrken, mutlaka ekonomi muhabirlerinin bulundu\u011funu, bu y\u0131l s\u00fckut-u hayale u\u011frad\u0131\u011f\u0131n\u0131 ve hi\u00e7 bir gazetenin ekonomi muhabirinin Plan ve B\u00fct\u00e7e komisyonunda olmad\u0131\u011f\u0131n\u0131 belirterek, &#8220;Dolay\u0131s\u0131yla CHP&#8217;li \u00fcyelerin yapt\u0131klar\u0131 \u00e7al\u0131\u015fmalar, bas\u0131na bu nedenle yans\u0131m\u0131yor&#8221; ele\u015ftirisinde bulundu.<\/p>\n<p style=\"text-align: justify;\"><a href=\"http:\/\/haber.gazetevatan.com\/issizlik-rakamlari-ile-oynaniyor\/438848\/9\/Siyaset\" target=\"_blank\">Kaynak : VATAN Gazetesi<\/a><\/p>\n","protected":false},"excerpt":{"rendered":"<p style=\"text-align: justify;\">\n<p style=\"text-align: justify;\">CHP Genel Ba\u015fkan\u0131 Kemal K\u0131l\u0131\u00e7daro\u011flu, 3&#215;4 yasas\u0131 ile e\u011fitimle ilgili mal ve hizmet al\u0131mlar\u0131n\u0131n Kamu \u0130hale Kanunu h\u00fck\u00fcmleri d\u0131\u015f\u0131nda tutulmas\u0131na ili\u015fkin olarak, &#8220;Vurgun yasas\u0131 o. 18-20 milyar dolarl\u0131k bir boyutu var. \u00c7ocuklar\u0131n s\u0131rt\u0131ndan vurgun yap\u0131lacak. Yolsuzlu\u011fu me\u015frula\u015ft\u0131ran bir yasa bu. AKP, 4 art\u0131 4 art\u0131 4 art\u0131&#8217;y\u0131 konu\u015fur, ama bu <\/p>\n","protected":false},"author":1,"featured_media":0,"comment_status":"open","ping_status":"open","sticky":false,"template":"","format":"standard","meta":{"footnotes":""},"categories":[105],"tags":[],"class_list":["post-49914","post","type-post","status-publish","format-standard","hentry","category-gundem","odd"],"_links":{"self":[{"href":"http:\/\/www.korhanyilmaz.com\/index.php?rest_route=\/wp\/v2\/posts\/49914","targetHints":{"allow":["GET"]}}],"collection":[{"href":"http:\/\/www.korhanyilmaz.com\/index.php?rest_route=\/wp\/v2\/posts"}],"about":[{"href":"http:\/\/www.korhanyilmaz.com\/index.php?rest_route=\/wp\/v2\/types\/post"}],"author":[{"embeddable":true,"href":"http:\/\/www.korhanyilmaz.com\/index.php?rest_route=\/wp\/v2\/users\/1"}],"replies":[{"embeddable":true,"href":"http:\/\/www.korhanyilmaz.com\/index.php?rest_route=%2Fwp%2Fv2%2Fcomments&post=49914"}],"version-history":[{"count":0,"href":"http:\/\/www.korhanyilmaz.com\/index.php?rest_route=\/wp\/v2\/posts\/49914\/revisions"}],"wp:attachment":[{"href":"http:\/\/www.korhanyilmaz.com\/index.php?rest_route=%2Fwp%2Fv2%2Fmedia&parent=49914"}],"wp:term":[{"taxonomy":"category","embeddable":true,"href":"http:\/\/www.korhanyilmaz.com\/index.php?rest_route=%2Fwp%2Fv2%2Fcategories&post=49914"},{"taxonomy":"post_tag","embeddable":true,"href":"http:\/\/www.korhanyilmaz.com\/index.php?rest_route=%2Fwp%2Fv2%2Ftags&post=49914"}],"curies":[{"name":"wp","href":"https:\/\/api.w.org\/{rel}","templated":true}]}}