{"id":49902,"date":"2012-03-24T15:15:35","date_gmt":"2012-03-24T13:15:35","guid":{"rendered":"http:\/\/www.korhanyilmaz.com\/?p=49902"},"modified":"2012-03-24T23:30:57","modified_gmt":"2012-03-24T21:30:57","slug":"babam-boyle-istedi","status":"publish","type":"post","link":"http:\/\/www.korhanyilmaz.com\/?p=49902","title":{"rendered":"&#8220;Babam b\u00f6yle istedi&#8221;"},"content":{"rendered":"<p style=\"text-align: center;\"><a href=\"http:\/\/www.korhanyilmaz.com\/wp-content\/uploads\/2012\/03\/A0099.jpg\"  class=\"lightview\"><img loading=\"lazy\" decoding=\"async\" class=\"aligncenter  wp-image-49903\" src=\"http:\/\/www.korhanyilmaz.com\/wp-content\/uploads\/2012\/03\/A0099.jpg\" alt=\"\" width=\"396\" height=\"180\" \/><\/a><\/p>\n<p style=\"text-align: justify;\">Fatih Erbakan: Babam para pe\u015finde, maddi menfaat pe\u015finde olsayd\u0131, d\u00fcnyan\u0131n say\u0131l\u0131 zengin adamlar\u0131ndan biri olabilirdi.<\/p>\n<p style=\"text-align: justify;\">K\u00dcTAHYA &#8211; Saadet Partisi (SP) Genel Ba\u015fkan Ba\u015fdan\u0131\u015fman\u0131 Fatih Erbakan, vefat eden babas\u0131 Necmettin Erbakan&#8217;\u0131n para, makam ve mevki pe\u015finde olmad\u0131\u011f\u0131n\u0131 s\u00f6yledi. Erbakan, &#8220;Babam para pe\u015finde, maddi menfaat pe\u015finde olsayd\u0131, sahip oldu\u011fu \u00fcst\u00fcn \u00f6zelliklerle elindeki b\u00fcy\u00fck f\u0131rsatlarla T\u00fcrkiye&#8217;nin de\u011fil, d\u00fcnyan\u0131n say\u0131l\u0131 zengin adamlar\u0131ndan biri olabilirdi&#8221; dedi.\u00a0<!--more--><\/p>\n<p style=\"text-align: justify;\">K\u00fctahya&#8217;n\u0131n Tav\u015fanl\u0131 il\u00e7esinde SP il\u00e7e te\u015fkilat\u0131 taraf\u0131ndan d\u00fczenlenen &#8216;Necmettin Erbakan&#8217;\u0131 Anma&#8217; toplant\u0131s\u0131 Belediye K\u00fclt\u00fcr Merkezi&#8217;nde yap\u0131ld\u0131. Toplant\u0131ya Necmettin Erbakan&#8217;\u0131n o\u011flu ve SP Genel Ba\u015fkan Ba\u015fdan\u0131\u015fman\u0131 olan Fatih Erbakan, SP&#8217;li Tav\u015fanl\u0131 Belediye Ba\u015fkan\u0131 Mustafa G\u00fcler ile \u00e7ok say\u0131da ki\u015fi kat\u0131ld\u0131.<\/p>\n<p style=\"text-align: justify;\"><strong>\u00d6M\u00dcR BOYU CUMHURBA\u015eKANI DA OLURDU<\/strong><\/p>\n<p style=\"text-align: justify;\">Partililerin &#8220;M\u00fccahit Erbakan&#8221; sloganlar\u0131yla konu\u015fma yapaca\u011f\u0131 k\u00fcrs\u00fcye giden Fatih Erbakan babas\u0131 Necmettin Erbakan&#8217;\u0131n para, menfaat ve mevki pe\u015finde olmad\u0131\u011f\u0131n\u0131 s\u00f6yledi. Fatih Erbakan konu\u015fmas\u0131n\u0131 \u015f\u00f6yle s\u00fcrd\u00fcrd\u00fc:<\/p>\n<p style=\"text-align: justify;\">&#8220;Babam para pe\u015finde, maddi menfaat pe\u015finde olsayd\u0131, sahip oldu\u011fu \u00fcst\u00fcn \u00f6zelliklerle elindeki b\u00fcy\u00fck f\u0131rsatlarla T\u00fcrkiye&#8217;nin de\u011fil, d\u00fcnyan\u0131n say\u0131l\u0131 zengin adamlar\u0131ndan bir tanesi olabilirdi. E\u011fer makam, mevki, koltuk pe\u015finde, ba\u015fbakanl\u0131k ve cumhurba\u015fkanl\u0131\u011f\u0131 pe\u015finde olsayd\u0131, bug\u00fcn \u00f6rneklerini g\u00f6rd\u00fc\u011f\u00fcm\u00fcz kimseler gibi Allah muhafaza davas\u0131ndan ve de\u011ferlerinden tavizler vererek \u00f6m\u00fcr boyu ba\u015fbakan ve \u00f6m\u00fcr boyu cumhurba\u015fkan\u0131 da olurdu. Fakat \u015f\u00f6hreti ve d\u00fcnyal\u0131k menfaati de\u011fil ecri ve sevab\u0131 tercih etti. B\u00fct\u00fcn hayat\u0131 boyunca hepimiz \u015fahitlik ederiz ki &#8216;Bir elime g\u00fcne\u015fi di\u011fer elime ay\u0131 da koysan\u0131z davamdan d\u00f6nmem&#8217; demi\u015fti. B\u00f6l\u00fcnmeden, par\u00e7alanmadan, birbirlerine kenetlenmi\u015f bir \u015fekilde karde\u015flik i\u00e7erisinde onun m\u00fcjdeledi\u011fi fetihleri bizler ger\u00e7ekle\u015ftirece\u011fiz. Onun m\u00fcjdeledi\u011fi fetihleri onun arkas\u0131ndan bizler ger\u00e7ekle\u015ftirece\u011fiz. B\u00fct\u00fcn bir camia olarak birlik i\u00e7inde m\u00fccadelemizi yapaca\u011f\u0131z.&#8221;<\/p>\n<p style=\"text-align: justify;\"><strong>M\u0130LL\u0130 G\u00d6R\u00dc\u015e OLMADAN M\u0130LL\u0130 OTOMOB\u0130L OLMAZ<\/strong><\/p>\n<p style=\"text-align: justify;\">Milli g\u00f6r\u00fc\u015f olmadan milli otomobil ve a\u011f\u0131r sanayinin olmayaca\u011f\u0131n\u0131 s\u00f6yleyen Fatih Erbakan, &#8220;Yerli otomobil yapaca\u011f\u0131z diye yola \u00e7\u0131kt\u0131lar, sonunda anla\u015f\u0131ld\u0131 ki \u0130talya&#8217;da \u00fcretimi sona eren bantlar\u0131 getirip onlar\u0131n otomobilini \u00fcretecekleri anla\u015f\u0131ld\u0131. Bu hocaya, \u00f6dev kapa\u011f\u0131n\u0131n \u00fcst\u00fcndeki ismini de\u011fi\u015ftirip kendi ismini yazan, kendi \u00f6deviymi\u015f gibi veren tembel \u00f6\u011frenciye benziyorlar. Milli g\u00f6r\u00fc\u015f olmadan milli otomobil, a\u011f\u0131r sanayi olmaz. \u00d6nce \u00e7\u0131kartt\u0131\u011f\u0131n g\u00f6mle\u011fi giyeceksin sonra milli otomobil yapacaks\u0131n. Avrupa Birli\u011fi Bakanl\u0131\u011f\u0131 kurmu\u015f, b\u00fct\u00fcn dertleri Avrupa&#8217;ya girmek. Fransa&#8217;daki gavur gavurlu\u011fu yap\u0131nca Ermeni Soyk\u0131r\u0131m tasar\u0131s\u0131n\u0131 \u00e7\u0131kart\u0131nca bu sefer birden bire gulu gulu dans\u0131na, tamtam dans\u0131na ba\u015fl\u0131yorlar&#8221; dedi.<\/p>\n<p style=\"text-align: justify;\"><strong>HAN\u0130 Y\u00dcZDE B\u0130RE D\u00dc\u015eM\u00dc\u015eT\u00dc?<\/strong><\/p>\n<p style=\"text-align: justify;\">Son g\u00fcnlerde s\u00fcrekli olarak SP&#8217;den bahsedildi\u011fini ifade eden Fatih Erbakan, milli g\u00f6r\u00fc\u015fle yat\u0131l\u0131p milli g\u00f6r\u00fc\u015fle kalk\u0131nd\u0131\u011f\u0131n\u0131 s\u00f6yledi. Fatih Erbakan \u015f\u00f6yle konu\u015ftu:<\/p>\n<p style=\"text-align: justify;\">&#8220;Son olaylar ise bir haftadan bu yana Saadet Partisinden bahsediliyor. Merhum hocan\u0131n dedi\u011fi gibi &#8216;Sizi gidiler sizi.&#8217; Su\u00e7\u00fcst\u00fc yakaland\u0131n\u0131z. Bize artistlik yap\u0131yorsunuz ama korkudan dudaklar\u0131n\u0131z u\u00e7uklad\u0131. Ne diye milli g\u00f6r\u00fc\u015fle yat\u0131p kalk\u0131yorsunuz. Hani y\u00fczde 1&#8217;e d\u00fc\u015fm\u00fc\u015ft\u00fc, hani milli g\u00f6r\u00fc\u015f bitmi\u015fti, hani milli g\u00f6r\u00fc\u015ften bir \u015fey olmazd\u0131. Bunlar\u0131 s\u00f6yl\u00fcyorsunuz ama merhum liderimizin dedi\u011fi gibi fanilan\u0131z g\u00f6r\u00fcn\u00fcyor. Y\u00fczde 1&#8217;e d\u00fc\u015ft\u00fcyse bu Milli G\u00f6r\u00fc\u015ften bir \u015fey olmayacaksa ne diye bir haftadan bu yana milli g\u00f6r\u00fc\u015fle yat\u0131p kalk\u0131yorsunuz. Saadet Partisi&#8217;nin oy oran\u0131n\u0131n \u00e7ok d\u00fc\u015f\u00fck oldu\u011fu s\u00f6yleniyor ama bir haftad\u0131r man\u015fetlerde milli g\u00f6r\u00fc\u015ften ve Erbakan&#8217;dan bahsediliyor.&#8221;<\/p>\n<p style=\"text-align: justify;\">Babas\u0131 i\u00e7in &#8220;Erbakan&#8217;\u0131 g\u00f6mmek yetmez, \u00fczerine beton d\u00f6kmek laz\u0131m&#8221; diyenler oldu\u011funu s\u00f6yleyen Fatih Erbakan, &#8220;Erbakan&#8217;\u0131n \u00fczerine kur\u015fun da d\u00f6kseniz bitiremezsiniz&#8221; diye konu\u015ftu.<\/p>\n<p style=\"text-align: justify;\">Konu\u015fmalar\u0131n ard\u0131ndan SP il\u00e7e te\u015fkilat\u0131 taraf\u0131ndan Fatih Erbakan&#8217;a plaket ve \u00e7e\u015fitli hediyeler verildi.<\/p>\n<p style=\"text-align: justify;\"><a href=\"http:\/\/www.gazeteport.com\/haber\/86307\/babam_boyle_istedi\" target=\"_blank\">Kaynak : GAZETEPORT<\/a><\/p>\n","protected":false},"excerpt":{"rendered":"<p style=\"text-align: center;\">\n<p style=\"text-align: justify;\">Fatih Erbakan: Babam para pe\u015finde, maddi menfaat pe\u015finde olsayd\u0131, d\u00fcnyan\u0131n say\u0131l\u0131 zengin adamlar\u0131ndan biri olabilirdi.<\/p>\n<p style=\"text-align: justify;\">K\u00dcTAHYA &#8211; Saadet Partisi (SP) Genel Ba\u015fkan Ba\u015fdan\u0131\u015fman\u0131 Fatih Erbakan, vefat eden babas\u0131 Necmettin Erbakan&#8217;\u0131n para, makam ve mevki pe\u015finde olmad\u0131\u011f\u0131n\u0131 s\u00f6yledi. Erbakan, &#8220;Babam para pe\u015finde, maddi menfaat pe\u015finde olsayd\u0131, sahip oldu\u011fu \u00fcst\u00fcn <\/p>\n","protected":false},"author":1,"featured_media":0,"comment_status":"open","ping_status":"open","sticky":false,"template":"","format":"standard","meta":{"footnotes":""},"categories":[105],"tags":[],"class_list":["post-49902","post","type-post","status-publish","format-standard","hentry","category-gundem","odd"],"_links":{"self":[{"href":"http:\/\/www.korhanyilmaz.com\/index.php?rest_route=\/wp\/v2\/posts\/49902","targetHints":{"allow":["GET"]}}],"collection":[{"href":"http:\/\/www.korhanyilmaz.com\/index.php?rest_route=\/wp\/v2\/posts"}],"about":[{"href":"http:\/\/www.korhanyilmaz.com\/index.php?rest_route=\/wp\/v2\/types\/post"}],"author":[{"embeddable":true,"href":"http:\/\/www.korhanyilmaz.com\/index.php?rest_route=\/wp\/v2\/users\/1"}],"replies":[{"embeddable":true,"href":"http:\/\/www.korhanyilmaz.com\/index.php?rest_route=%2Fwp%2Fv2%2Fcomments&post=49902"}],"version-history":[{"count":0,"href":"http:\/\/www.korhanyilmaz.com\/index.php?rest_route=\/wp\/v2\/posts\/49902\/revisions"}],"wp:attachment":[{"href":"http:\/\/www.korhanyilmaz.com\/index.php?rest_route=%2Fwp%2Fv2%2Fmedia&parent=49902"}],"wp:term":[{"taxonomy":"category","embeddable":true,"href":"http:\/\/www.korhanyilmaz.com\/index.php?rest_route=%2Fwp%2Fv2%2Fcategories&post=49902"},{"taxonomy":"post_tag","embeddable":true,"href":"http:\/\/www.korhanyilmaz.com\/index.php?rest_route=%2Fwp%2Fv2%2Ftags&post=49902"}],"curies":[{"name":"wp","href":"https:\/\/api.w.org\/{rel}","templated":true}]}}