{"id":49894,"date":"2012-03-24T18:08:58","date_gmt":"2012-03-24T16:08:58","guid":{"rendered":"http:\/\/www.korhanyilmaz.com\/?p=49894"},"modified":"2012-03-24T23:21:45","modified_gmt":"2012-03-24T21:21:45","slug":"milletimiz-sadece-basbakan-erdogana-bakiyor","status":"publish","type":"post","link":"http:\/\/www.korhanyilmaz.com\/?p=49894","title":{"rendered":"&#8216;Milletimiz sadece Ba\u015fbakan Erdo\u011fan&#8217;a bak\u0131yor&#8217;"},"content":{"rendered":"<p style=\"text-align: center;\"><a href=\"http:\/\/www.korhanyilmaz.com\/wp-content\/uploads\/2012\/03\/A0097.jpg\"  class=\"lightview\"><img loading=\"lazy\" decoding=\"async\" class=\"aligncenter  wp-image-49895\" src=\"http:\/\/www.korhanyilmaz.com\/wp-content\/uploads\/2012\/03\/A0097.jpg\" alt=\"\" width=\"320\" height=\"214\" \/><\/a><\/p>\n<p style=\"text-align: justify;\">Gen\u00e7lik ve Spor Bakan\u0131 Suat K\u0131l\u0131\u00e7, &#8220;Milletimiz kimin milletvekili, kimin il ba\u015fkan\u0131, belediye ba\u015fkan\u0131, kimin bakan olup olmad\u0131\u011f\u0131na de\u011fil, sadece Recep Tayip Erdo\u011fan&#8217;\u0131n olup olmad\u0131\u011f\u0131na bak\u0131yor. Allah Ba\u015fbakan\u0131m\u0131za uzun \u00f6m\u00fcr versin&#8221; dedi.<\/p>\n<p style=\"text-align: justify;\">Baz\u0131 temaslarda bulunmak \u00fczere Karaman&#8217;a gelen K\u0131l\u0131\u00e7, bir otelde d\u00fczenlenen AK Parti \u0130l Kongresi&#8217;ne kat\u0131ld\u0131. \u00d6l\u00e7\u00fcl\u00fc seviyeli ve AK Parti&#8217;li olman\u0131n ahlak\u0131na yak\u0131\u015fan bir kongre ya\u015fand\u0131\u011f\u0131n\u0131 ifade eden K\u0131l\u0131\u00e7, \u201cSizleri kutluyor ve tebrik ediyorum.<!--more--><\/p>\n<p style=\"text-align: justify;\">Bizim kongrelerimizde sandalyeler havada u\u00e7u\u015fmaz. Bizim kongrelerimizde pet \u015fi\u015feler havada u\u00e7u\u015fmaz. Bizim kongrelerimiz tek adayl\u0131 da olsa, 5 adayl\u0131 da olsa AK Parti&#8217;nin t\u00fcz\u00fc\u011f\u00fcne, program\u0131na, siyasetine ve Genel Ba\u015fkan\u0131m\u0131z Recep Tayyip Erdo\u011fan&#8217;\u0131n beklentilerine uygun kongreler olur. Bu salonda bu hava var. Sizi kutluyorum\u201d diye konu\u015ftu.<\/p>\n<p style=\"text-align: justify;\">AK Parti&#8217;nin 1-2 de\u011fil, 10 y\u0131ld\u0131r tek ba\u015f\u0131na g\u00f6revde oldu\u011funu, hi\u00e7bir mazeretin, \u00f6zr\u00fcn ve gecikme ifadesinin kabul edilemeyece\u011fini belirten K\u0131l\u0131\u00e7, \u015funlar\u0131 s\u00f6yledi:<\/p>\n<p style=\"text-align: justify;\">\u201cMilletimiz kimin milletvekili, kimin il ba\u015fkan\u0131, belediye ba\u015fkan\u0131, il genel meclisi \u00fcyesi oldu\u011funa, kimin bakan olup olmad\u0131\u011f\u0131na de\u011fil, sadece Recep Tayip Erdo\u011fan&#8217;\u0131n olup olmad\u0131\u011f\u0131na bak\u0131yor. Allah Ba\u015fbakan\u0131m\u0131za uzun \u00f6m\u00fcr versin. Ger\u00e7ekten T\u00fcrk siyasetine \u00e7ok b\u00fcy\u00fck de\u011fer katt\u0131. Sadece kendi varl\u0131\u011f\u0131yla, bak\u0131\u015f\u0131yla, felsefesiyle de\u011fil AK Parti \u00fczerinden T\u00fcrkiye&#8217;ye \u00e7ok b\u00fcy\u00fck de\u011ferler kazand\u0131rd\u0131. AK Parti g\u00f6revi devrald\u0131\u011f\u0131nda IMF&#8217;ye 23.5 milyar dolar borcumuz vard\u0131. Onun i\u00e7in T\u00fcrkiye Masas\u0131 \u015eefi Ankara&#8217;ya intikal etti\u011fi zaman herkes aya\u011fa kalk\u0131yor, ceketini ilikliyor, bir yanl\u0131\u015f\u0131m\u0131z olmas\u0131n diye a\u011fz\u0131ndan d\u00f6k\u00fclen kelimeleri adeta havada kap\u0131yorlard\u0131. Bug\u00fcn T\u00fcrkiye&#8217;nin IMF&#8217;ye olan borcu 3 milyar dolar\u0131n alt\u0131nda.\u201d<\/p>\n<p style=\"text-align: justify;\">\u201cBor\u00e7 yi\u011fidin kam\u00e7\u0131s\u0131d\u0131r\u201d s\u00f6z\u00fcn\u00fc hat\u0131rlatan K\u0131l\u0131\u00e7, \u201c\u0130yi de bor\u00e7 &#8216;yi\u011fidin&#8217; kam\u00e7\u0131s\u0131d\u0131r. Bizden \u00f6ncekiler borcu ald\u0131lar ancak yi\u011fitlik yapmad\u0131lar, \u00f6demeye kalkmad\u0131lar. Sadece bor\u00e7 ald\u0131lar, bor\u00e7lar ne zaman \u00f6dendi? Bir yi\u011fit Ba\u015fbakan oldu\u011funda \u00f6dendi. Bir\u00e7ok kurulu\u015fa olan bor\u00e7lar\u0131m\u0131z ayn\u0131 \u015fekilde \u00f6dendi ve \u00f6denmeye de davam ediyor. Hep birlikte \u00e7ok \u00e7al\u0131\u015f\u0131p \u00fclkemizi daha g\u00fczel yerlere getirece\u011fiz\u201d ifadesini kulland\u0131. Kongrenin ard\u0131ndan Karaman Belediye Ba\u015fkan\u0131 Kamil U\u011furlu&#8217;yu makam\u0131nda ziyaret eden K\u0131l\u0131\u00e7, U\u011furlu&#8217;dan belediye \u00e7al\u0131\u015fmalar\u0131 hakk\u0131nda bilgi ald\u0131. K\u0131l\u0131\u00e7, daha sonra olimpik y\u00fczme havuzu ile Kaz\u0131m Karabekir Spor Salonu&#8217;nda incelemelerde bulundu. \u0130smet Pa\u015fa Caddesi&#8217;ndeki esnaf\u0131 ziyaret eden K\u0131l\u0131\u00e7, Aktekke Camisi, Karaman Kalesi, \u00c7e\u015fmeli Kilise ve Tartan Evi&#8217;ni gezdikten sonra Karaman&#8217;dan ayr\u0131ld\u0131.<\/p>\n<p style=\"text-align: justify;\"><a href=\"http:\/\/www.radikal.com.tr\/Radikal.aspx?aType=RadikalDetayV3&amp;ArticleID=1082815&amp;CategoryID=78\" target=\"_blank\">Kaynak : Radikal.com.tr<\/a><\/p>\n","protected":false},"excerpt":{"rendered":"<p style=\"text-align: center;\">\n<p style=\"text-align: justify;\">Gen\u00e7lik ve Spor Bakan\u0131 Suat K\u0131l\u0131\u00e7, &#8220;Milletimiz kimin milletvekili, kimin il ba\u015fkan\u0131, belediye ba\u015fkan\u0131, kimin bakan olup olmad\u0131\u011f\u0131na de\u011fil, sadece Recep Tayip Erdo\u011fan&#8217;\u0131n olup olmad\u0131\u011f\u0131na bak\u0131yor. Allah Ba\u015fbakan\u0131m\u0131za uzun \u00f6m\u00fcr versin&#8221; dedi.<\/p>\n<p style=\"text-align: justify;\">Baz\u0131 temaslarda bulunmak \u00fczere Karaman&#8217;a gelen K\u0131l\u0131\u00e7, bir otelde d\u00fczenlenen AK Parti \u0130l Kongresi&#8217;ne kat\u0131ld\u0131. \u00d6l\u00e7\u00fcl\u00fc <\/p>\n","protected":false},"author":1,"featured_media":0,"comment_status":"open","ping_status":"open","sticky":false,"template":"","format":"standard","meta":{"footnotes":""},"categories":[105],"tags":[],"class_list":["post-49894","post","type-post","status-publish","format-standard","hentry","category-gundem","odd"],"_links":{"self":[{"href":"http:\/\/www.korhanyilmaz.com\/index.php?rest_route=\/wp\/v2\/posts\/49894","targetHints":{"allow":["GET"]}}],"collection":[{"href":"http:\/\/www.korhanyilmaz.com\/index.php?rest_route=\/wp\/v2\/posts"}],"about":[{"href":"http:\/\/www.korhanyilmaz.com\/index.php?rest_route=\/wp\/v2\/types\/post"}],"author":[{"embeddable":true,"href":"http:\/\/www.korhanyilmaz.com\/index.php?rest_route=\/wp\/v2\/users\/1"}],"replies":[{"embeddable":true,"href":"http:\/\/www.korhanyilmaz.com\/index.php?rest_route=%2Fwp%2Fv2%2Fcomments&post=49894"}],"version-history":[{"count":0,"href":"http:\/\/www.korhanyilmaz.com\/index.php?rest_route=\/wp\/v2\/posts\/49894\/revisions"}],"wp:attachment":[{"href":"http:\/\/www.korhanyilmaz.com\/index.php?rest_route=%2Fwp%2Fv2%2Fmedia&parent=49894"}],"wp:term":[{"taxonomy":"category","embeddable":true,"href":"http:\/\/www.korhanyilmaz.com\/index.php?rest_route=%2Fwp%2Fv2%2Fcategories&post=49894"},{"taxonomy":"post_tag","embeddable":true,"href":"http:\/\/www.korhanyilmaz.com\/index.php?rest_route=%2Fwp%2Fv2%2Ftags&post=49894"}],"curies":[{"name":"wp","href":"https:\/\/api.w.org\/{rel}","templated":true}]}}