{"id":49890,"date":"2012-03-24T17:52:33","date_gmt":"2012-03-24T15:52:33","guid":{"rendered":"http:\/\/www.korhanyilmaz.com\/?p=49890"},"modified":"2012-03-24T23:16:27","modified_gmt":"2012-03-24T21:16:27","slug":"basbakan-erdogana-10-yilin-sahsiyeti-odulu","status":"publish","type":"post","link":"http:\/\/www.korhanyilmaz.com\/?p=49890","title":{"rendered":"Ba\u015fbakan Erdo\u011fan&#8217;a &#8217;10 y\u0131l\u0131n \u015fahsiyeti&#8217; \u00f6d\u00fcl\u00fc"},"content":{"rendered":"<p style=\"text-align: center;\"><a href=\"http:\/\/www.korhanyilmaz.com\/wp-content\/uploads\/2012\/03\/A0096.jpg\"  class=\"lightview\"><img loading=\"lazy\" decoding=\"async\" class=\"aligncenter  wp-image-49891\" src=\"http:\/\/www.korhanyilmaz.com\/wp-content\/uploads\/2012\/03\/A0096.jpg\" alt=\"\" width=\"320\" height=\"214\" \/><\/a><\/p>\n<p style=\"text-align: justify;\">Slovenya&#8217;n\u0131n ba\u015fkenti Ljubljana&#8217;da faaliyet g\u00f6steren Uluslararas\u0131 Ortado\u011fu ve Balkanlar Ara\u015ft\u0131rma Enstit\u00fcs\u00fc (IFIMES), Ba\u015fbakan Recep Tayyip Erdo\u011fan&#8217;\u0131 &#8220;10 y\u0131l\u0131n \u015fahsiyeti&#8221; ilan etti.<\/p>\n<p style=\"text-align: justify;\">Enstit\u00fcn\u00fcn 10. y\u0131l d\u00f6n\u00fcm\u00fc vesilesiyle d\u00fczenlenen \u00f6d\u00fcl t\u00f6reninde, son \u201c10 y\u0131l\u0131n \u015fahsiyeti \u00f6zel \u00f6d\u00fcl\u00fc\u201dn\u00fcn Ba\u015fbakan Recep Tayyip Erdo\u011fan&#8217;a verildi\u011fi a\u00e7\u0131kland\u0131.<!--more--><\/p>\n<p style=\"text-align: justify;\">Ba\u015fbakan Erdo\u011fan&#8217;\u0131n \u00f6d\u00fcl\u00fc, Ortado\u011fu ve Balkanlar&#8217;da izledi\u011fi olumlu politikalar dolay\u0131s\u0131yla ald\u0131\u011f\u0131 belirtildi. \u00d6d\u00fcl\u00fcn Erdo\u011fan&#8217;a daha sonra takdim edilece\u011fi kaydedildi.<\/p>\n<p style=\"text-align: justify;\">IFIMES Enstit\u00fcs\u00fc &#8220;2012 y\u0131l\u0131n\u0131n \u015fahsiyetleri&#8221; \u00f6d\u00fclleri Slovenya Anayasa Mahkemesi Ba\u015fkan\u0131 Ernest Petri\u00e7, S\u0131rbistan&#8217;\u0131n eski Ba\u015fbakan\u0131 Zoran Jivkovi\u00e7, eski Arnavutluk Ba\u015fbakan\u0131 \u0130lir Meta, Avrupa Parlamentosu \u00dcyesi Yelko Kacin ve Bosna Hersek&#8217;in Lahey Mahkemesi&#8217;ndeki irtibat subay\u0131 Amir Ahmi\u00e7&#8217;e, uluslararas\u0131 ve b\u00f6lgesel faaliyetlerinden dolay\u0131 verildi. \u00d6d\u00fcller, H\u0131rvatistan&#8217;\u0131n eski Cumhurba\u015fkan\u0131 Styepan Mesi\u00e7 taraf\u0131ndan takdim edildi.<\/p>\n<p style=\"text-align: justify;\"><a href=\"http:\/\/www.radikal.com.tr\/Radikal.aspx?aType=RadikalDetayV3&amp;ArticleID=1082812&amp;CategoryID=81\" target=\"_blank\">Kaynak : Radikal.com.tr<\/a><\/p>\n","protected":false},"excerpt":{"rendered":"<p style=\"text-align: center;\">\n<p style=\"text-align: justify;\">Slovenya&#8217;n\u0131n ba\u015fkenti Ljubljana&#8217;da faaliyet g\u00f6steren Uluslararas\u0131 Ortado\u011fu ve Balkanlar Ara\u015ft\u0131rma Enstit\u00fcs\u00fc (IFIMES), Ba\u015fbakan Recep Tayyip Erdo\u011fan&#8217;\u0131 &#8220;10 y\u0131l\u0131n \u015fahsiyeti&#8221; ilan etti.<\/p>\n<p style=\"text-align: justify;\">Enstit\u00fcn\u00fcn 10. y\u0131l d\u00f6n\u00fcm\u00fc vesilesiyle d\u00fczenlenen \u00f6d\u00fcl t\u00f6reninde, son \u201c10 y\u0131l\u0131n \u015fahsiyeti \u00f6zel \u00f6d\u00fcl\u00fc\u201dn\u00fcn Ba\u015fbakan Recep Tayyip Erdo\u011fan&#8217;a verildi\u011fi a\u00e7\u0131kland\u0131.<\/p>\n","protected":false},"author":1,"featured_media":0,"comment_status":"open","ping_status":"open","sticky":false,"template":"","format":"standard","meta":{"footnotes":""},"categories":[105],"tags":[],"class_list":["post-49890","post","type-post","status-publish","format-standard","hentry","category-gundem","odd"],"_links":{"self":[{"href":"http:\/\/www.korhanyilmaz.com\/index.php?rest_route=\/wp\/v2\/posts\/49890","targetHints":{"allow":["GET"]}}],"collection":[{"href":"http:\/\/www.korhanyilmaz.com\/index.php?rest_route=\/wp\/v2\/posts"}],"about":[{"href":"http:\/\/www.korhanyilmaz.com\/index.php?rest_route=\/wp\/v2\/types\/post"}],"author":[{"embeddable":true,"href":"http:\/\/www.korhanyilmaz.com\/index.php?rest_route=\/wp\/v2\/users\/1"}],"replies":[{"embeddable":true,"href":"http:\/\/www.korhanyilmaz.com\/index.php?rest_route=%2Fwp%2Fv2%2Fcomments&post=49890"}],"version-history":[{"count":0,"href":"http:\/\/www.korhanyilmaz.com\/index.php?rest_route=\/wp\/v2\/posts\/49890\/revisions"}],"wp:attachment":[{"href":"http:\/\/www.korhanyilmaz.com\/index.php?rest_route=%2Fwp%2Fv2%2Fmedia&parent=49890"}],"wp:term":[{"taxonomy":"category","embeddable":true,"href":"http:\/\/www.korhanyilmaz.com\/index.php?rest_route=%2Fwp%2Fv2%2Fcategories&post=49890"},{"taxonomy":"post_tag","embeddable":true,"href":"http:\/\/www.korhanyilmaz.com\/index.php?rest_route=%2Fwp%2Fv2%2Ftags&post=49890"}],"curies":[{"name":"wp","href":"https:\/\/api.w.org\/{rel}","templated":true}]}}