{"id":4989,"date":"2009-03-12T18:58:37","date_gmt":"2009-03-12T16:58:37","guid":{"rendered":"http:\/\/www.korhanyilmaz.com\/?p=4989"},"modified":"2009-03-12T18:58:37","modified_gmt":"2009-03-12T16:58:37","slug":"erdogan-bu-kafaya-cok-kizdi","status":"publish","type":"post","link":"http:\/\/www.korhanyilmaz.com\/?p=4989","title":{"rendered":"Erdo\u011fan bu kafaya \u00e7ok k\u0131zd\u0131!"},"content":{"rendered":"<p style=\"text-align: center;\"><a href=\"http:\/\/www.korhanyilmaz.com\/wp-content\/uploads\/2009\/03\/120320091857323686528.jpg\"  class=\"lightview\"><img loading=\"lazy\" decoding=\"async\" class=\"aligncenter size-full wp-image-4990\" title=\"Erdo\u011fan bu kafaya \u00e7ok k\u0131zd\u0131! \" src=\"http:\/\/www.korhanyilmaz.com\/wp-content\/uploads\/2009\/03\/120320091857323686528.jpg\" alt=\"Erdo\u011fan bu kafaya \u00e7ok k\u0131zd\u0131! \" width=\"320\" height=\"100\" \/><\/a><a class=\"lightview\" title=\"Erdo\u011fan bu kafaya \u00e7ok k\u0131zd\u0131! ::  :: width: 500, height: 395\" rel=\"iframe\" href=\"http:\/\/www.korhanyilmaz.com\/swf\/flvplayer.swf?file=http:\/\/video.gazetevatan.com\/video\/file\/120320091849354028538.flv \"><img loading=\"lazy\" decoding=\"async\" class=\"aligncenter\" src=\"wp-data\/images\/video_izle_tikla.png\" alt=\"Erdo\u011fan bu kafaya \u00e7ok k\u0131zd\u0131!\" width=\"30\" height=\"30\" \/ class=\"lightview\"><\/a><\/p>\n<p><strong>Ba\u015fbakan Erdo\u011fan&#8217;\u0131n Ni\u011fde&#8217;deki mitingi sonras\u0131 kamera \u015fakas\u0131 gibi bir olay ya\u015fand\u0131. <\/strong><\/p>\n<p>Yakla\u015f\u0131k bir saat s\u00fcren konu\u015fmas\u0131n\u0131n ard\u0131ndan adaylarla birlikte halk\u0131 selamlayan Ba\u015fbakan Erdo\u011fan kafas\u0131n\u0131 araya sokmaya \u00e7al\u0131\u015fan adaya \u00e7ok k\u0131zd\u0131.<\/p>\n<p>Adaylar ile el ele tutu\u015farak selam veren Ba\u015fbakan, koltu\u011funun alt\u0131ndan kafas\u0131n\u0131 sokarak Erdo\u011fan ile ayn\u0131 kareye girmeye \u00e7al\u0131\u015fan adaya sert bir bak\u0131\u015f atarak, &#8220;\u00d6b\u00fcr tarafa, \u00f6b\u00fcr tarafa, \u00f6b\u00fcr tarafa!&#8221; diyerek onu uyard\u0131.<br \/>\nT\u00f6ren selamlama merasiminin ard\u0131ndan sona erdi.<\/p>\n<p><span style=\"color: #888888;\">Kaynak : Vatan Gazetesi<\/span><\/p>\n","protected":false},"excerpt":{"rendered":"<p style=\"text-align: center;\">\n<p>Ba\u015fbakan Erdo\u011fan&#8217;\u0131n Ni\u011fde&#8217;deki mitingi sonras\u0131 kamera \u015fakas\u0131 gibi bir olay ya\u015fand\u0131. <\/p>\n<p>Yakla\u015f\u0131k bir saat s\u00fcren konu\u015fmas\u0131n\u0131n ard\u0131ndan adaylarla birlikte halk\u0131 selamlayan Ba\u015fbakan Erdo\u011fan kafas\u0131n\u0131 araya sokmaya \u00e7al\u0131\u015fan adaya \u00e7ok k\u0131zd\u0131.<\/p>\n<p>Adaylar ile el ele tutu\u015farak selam veren Ba\u015fbakan, koltu\u011funun alt\u0131ndan kafas\u0131n\u0131 sokarak Erdo\u011fan ile ayn\u0131 kareye girmeye \u00e7al\u0131\u015fan adaya sert bir <\/p>\n","protected":false},"author":1,"featured_media":0,"comment_status":"open","ping_status":"closed","sticky":false,"template":"","format":"standard","meta":{"footnotes":""},"categories":[105],"tags":[],"class_list":["post-4989","post","type-post","status-publish","format-standard","hentry","category-gundem","odd"],"_links":{"self":[{"href":"http:\/\/www.korhanyilmaz.com\/index.php?rest_route=\/wp\/v2\/posts\/4989","targetHints":{"allow":["GET"]}}],"collection":[{"href":"http:\/\/www.korhanyilmaz.com\/index.php?rest_route=\/wp\/v2\/posts"}],"about":[{"href":"http:\/\/www.korhanyilmaz.com\/index.php?rest_route=\/wp\/v2\/types\/post"}],"author":[{"embeddable":true,"href":"http:\/\/www.korhanyilmaz.com\/index.php?rest_route=\/wp\/v2\/users\/1"}],"replies":[{"embeddable":true,"href":"http:\/\/www.korhanyilmaz.com\/index.php?rest_route=%2Fwp%2Fv2%2Fcomments&post=4989"}],"version-history":[{"count":0,"href":"http:\/\/www.korhanyilmaz.com\/index.php?rest_route=\/wp\/v2\/posts\/4989\/revisions"}],"wp:attachment":[{"href":"http:\/\/www.korhanyilmaz.com\/index.php?rest_route=%2Fwp%2Fv2%2Fmedia&parent=4989"}],"wp:term":[{"taxonomy":"category","embeddable":true,"href":"http:\/\/www.korhanyilmaz.com\/index.php?rest_route=%2Fwp%2Fv2%2Fcategories&post=4989"},{"taxonomy":"post_tag","embeddable":true,"href":"http:\/\/www.korhanyilmaz.com\/index.php?rest_route=%2Fwp%2Fv2%2Ftags&post=4989"}],"curies":[{"name":"wp","href":"https:\/\/api.w.org\/{rel}","templated":true}]}}