{"id":49874,"date":"2012-03-24T14:30:40","date_gmt":"2012-03-24T12:30:40","guid":{"rendered":"http:\/\/www.korhanyilmaz.com\/?p=49874"},"modified":"2012-03-24T16:24:07","modified_gmt":"2012-03-24T14:24:07","slug":"ikili-gorusme-terorle-mucadeleyi-sonlandirmaz","status":"publish","type":"post","link":"http:\/\/www.korhanyilmaz.com\/?p=49874","title":{"rendered":"\u2018\u0130kili g\u00f6r\u00fc\u015fme ter\u00f6rle m\u00fccadeleyi sonland\u0131rmaz\u2019"},"content":{"rendered":"<p style=\"text-align: center;\"><a href=\"http:\/\/www.korhanyilmaz.com\/wp-content\/uploads\/2012\/03\/A0092.jpg\"  class=\"lightview\"><img loading=\"lazy\" decoding=\"async\" class=\"aligncenter  wp-image-49875\" src=\"http:\/\/www.korhanyilmaz.com\/wp-content\/uploads\/2012\/03\/A0092.jpg\" alt=\"\" width=\"380\" height=\"218\" \/><\/a><\/p>\n<p style=\"text-align: justify;\">CHP lideri K\u0131l\u0131\u00e7daro\u011flu, Ba\u015fbakan&#8217;\u0131n BDP ile g\u00f6r\u00fc\u015febiliriz a\u00e7\u0131klamas\u0131yla ilgili olarak, \u201c\u0130kili g\u00f6r\u00fc\u015fmenin ter\u00f6rle m\u00fccadeleyi sonland\u0131raca\u011f\u0131na inanm\u0131yorum\u201d dedi. K\u0131l\u0131\u00e7daro\u011flu ayr\u0131ca, 4+4+4 d\u00fczenlemesini Genel Kurul\u2019a sevk eden Meclis Ba\u015fkan\u0131 \u00c7i\u00e7ek&#8217;i de ele\u015ftirdi.<!--more--><\/p>\n<p style=\"text-align: justify;\">\u0130STANBUL &#8211; CHP Genel Ba\u015fkan\u0131 Kemal K\u0131l\u0131\u00e7daro\u011flu, Ba\u015fbakan&#8217;\u0131n BDP ile g\u00f6r\u00fc\u015febiliriz a\u00e7\u0131klamas\u0131yla ilgili olarak, \u201cG\u00f6r\u00fc\u015fmeye devam ederlerse bundan mutluluk duyar\u0131z. \u0130kili g\u00f6r\u00fc\u015fmenin ter\u00f6rle m\u00fccadeleyi sonland\u0131raca\u011f\u0131na inanm\u0131yorum. Bir toplumsal uzla\u015fmayla \u00e7\u00f6z\u00fclmesi gerekir, halktan destek al\u0131nmal\u0131d\u0131r\u201d dedi.<\/p>\n<p style=\"text-align: justify;\">K\u0131l\u0131\u00e7daro\u011flu, partisinin Plan B\u00fct\u00e7e Komisyonu \u00fcyeleriyle birlikte d\u00fczenledi\u011fi ve ekonomi gazetecileriyle bir araya geldi\u011fi toplant\u0131da yapt\u0131\u011f\u0131 konu\u015fmada ise, ekonomi, d\u0131\u015f politika ve e\u011fitimle ilgili mesajlar verdi.<\/p>\n<p style=\"text-align: justify;\">K\u0131l\u0131\u00e7daro\u011flu, TBMM Ba\u015fkan\u0131 Cemil \u00c7i\u00e7ek\u2019in 4+4+4 d\u00fczenlemesini Genel Kurul\u2019a sevk etmesiyle ilgili bir soruya cevap verirken, \u00c7i\u00e7ek\u2019e atfen \u201cEvrak memuru oldu\u011fumu anneme s\u00f6ylemeyin, o beni h\u00e2l\u00e2 Meclis Ba\u015fkan\u0131 san\u0131yor\u201d dedi.<\/p>\n<p style=\"text-align: justify;\"><strong>GRUP TOPLANTISI TANDO\u011eAN MEYDANI&#8217;NDA<\/strong><\/p>\n<p style=\"text-align: justify;\">Kemal K\u0131l\u0131\u00e7daro\u011flu, grup toplant\u0131s\u0131n\u0131 Tando\u011fan Meydan\u0131&#8217;nda yapmaya kararl\u0131 olduklar\u0131n\u0131 belirterek,&#8221;Temel e\u011fitimde 4 4 4 konusunun temelinde de ekonomi oldu\u011funun s\u00f6ylendi\u011fi&#8221; y\u00f6n\u00fcndeki bir yorum \u00fczerine de K\u0131l\u0131\u00e7daro\u011flu, &#8221;Olmaz olur mu- As\u0131l ekonomi orada. Vurgun yasas\u0131 o. 2030&#8217;a kadar e\u011fitimle ilgili a\u015fa\u011f\u0131 yukar\u0131 t\u00fcm al\u0131mlar ihale yasas\u0131n\u0131n d\u0131\u015f\u0131nda olacak. Onun i\u00e7in &#8216;vurgun yasas\u0131&#8217; diyoruz. \u00c7ocuklar\u0131n s\u0131rt\u0131ndan vurgun yap\u0131lacak&#8221; \u015feklinde konu\u015ftu.<\/p>\n<p style=\"text-align: justify;\"><strong>\u2018SUR\u0130YE\u2019YE G\u0130RERSEK ME\u015eRU\u0130YET\u0130M\u0130Z KALMAZ\u2019<\/strong><\/p>\n<p style=\"text-align: justify;\">Suriye konusunda T\u00fcrkiye&#8217;nin gecikmeden pozisyon almas\u0131n\u0131 gerekti\u011fini, sorunun, &#8221;bu pozisyonun nas\u0131l olaca\u011f\u0131&#8221; oldu\u011funu ifade eden K\u0131l\u0131\u00e7daro\u011flu, \u015fu mesajlar\u0131 verdi:<\/p>\n<p style=\"text-align: justify;\">&#8221;Pozisyonlardan, istenen, T\u00fcrkiye do\u011frudan oraya girsin, tampon b\u00f6lge olu\u015ftursun veya silahl\u0131 m\u00fcdahale etsin. \u0130kinci pozisyon T\u00fcrkiye tarafs\u0131zl\u0131\u011f\u0131n\u0131 korusun, kals\u0131n burada ama Suriye&#8217;nin demokratikle\u015fmesi, \u00f6zg\u00fcrle\u015fmesi a\u00e7\u0131s\u0131ndan bir bask\u0131 unsuru olmaya devam etsin. Rusya&#8217;y\u0131, \u00c7in&#8217;i ikna etsin, \u0130ran Rusya \u00c7in bir araya gelsinler \u00e7\u00f6zmek i\u00e7in \u00e7aba harcas\u0131nlar, olmas\u0131 gereken bu. Ama bat\u0131 T\u00fcrkiye&#8217;nin s\u0131rt\u0131n\u0131 s\u0131vazl\u0131yor &#8216;siz buraya girin&#8217;&#8230; Niye, BM karar\u0131 yok, NATO&#8217;nun karar\u0131 yok. T\u00fcrkiye&#8217;nin bir se\u00e7enek olarak oraya girmesi uluslararas\u0131 alanda me\u015frulu\u011funu kaybetmesine yol a\u00e7ar.&#8221;<\/p>\n<p style=\"text-align: justify;\"><a href=\"http:\/\/www.ntvmsnbc.com\/id\/25333508\/\" target=\"_blank\">Kaynak : NTVMSNBC<\/a><\/p>\n","protected":false},"excerpt":{"rendered":"<p style=\"text-align: center;\">\n<p style=\"text-align: justify;\">CHP lideri K\u0131l\u0131\u00e7daro\u011flu, Ba\u015fbakan&#8217;\u0131n BDP ile g\u00f6r\u00fc\u015febiliriz a\u00e7\u0131klamas\u0131yla ilgili olarak, \u201c\u0130kili g\u00f6r\u00fc\u015fmenin ter\u00f6rle m\u00fccadeleyi sonland\u0131raca\u011f\u0131na inanm\u0131yorum\u201d dedi. K\u0131l\u0131\u00e7daro\u011flu ayr\u0131ca, 4+4+4 d\u00fczenlemesini Genel Kurul\u2019a sevk eden Meclis Ba\u015fkan\u0131 \u00c7i\u00e7ek&#8217;i de ele\u015ftirdi.<\/p>\n","protected":false},"author":1,"featured_media":0,"comment_status":"open","ping_status":"open","sticky":false,"template":"","format":"standard","meta":{"footnotes":""},"categories":[105],"tags":[],"class_list":["post-49874","post","type-post","status-publish","format-standard","hentry","category-gundem","odd"],"_links":{"self":[{"href":"http:\/\/www.korhanyilmaz.com\/index.php?rest_route=\/wp\/v2\/posts\/49874","targetHints":{"allow":["GET"]}}],"collection":[{"href":"http:\/\/www.korhanyilmaz.com\/index.php?rest_route=\/wp\/v2\/posts"}],"about":[{"href":"http:\/\/www.korhanyilmaz.com\/index.php?rest_route=\/wp\/v2\/types\/post"}],"author":[{"embeddable":true,"href":"http:\/\/www.korhanyilmaz.com\/index.php?rest_route=\/wp\/v2\/users\/1"}],"replies":[{"embeddable":true,"href":"http:\/\/www.korhanyilmaz.com\/index.php?rest_route=%2Fwp%2Fv2%2Fcomments&post=49874"}],"version-history":[{"count":0,"href":"http:\/\/www.korhanyilmaz.com\/index.php?rest_route=\/wp\/v2\/posts\/49874\/revisions"}],"wp:attachment":[{"href":"http:\/\/www.korhanyilmaz.com\/index.php?rest_route=%2Fwp%2Fv2%2Fmedia&parent=49874"}],"wp:term":[{"taxonomy":"category","embeddable":true,"href":"http:\/\/www.korhanyilmaz.com\/index.php?rest_route=%2Fwp%2Fv2%2Fcategories&post=49874"},{"taxonomy":"post_tag","embeddable":true,"href":"http:\/\/www.korhanyilmaz.com\/index.php?rest_route=%2Fwp%2Fv2%2Ftags&post=49874"}],"curies":[{"name":"wp","href":"https:\/\/api.w.org\/{rel}","templated":true}]}}