{"id":49865,"date":"2012-03-24T14:36:09","date_gmt":"2012-03-24T12:36:09","guid":{"rendered":"http:\/\/www.korhanyilmaz.com\/?p=49865"},"modified":"2012-03-24T16:14:33","modified_gmt":"2012-03-24T14:14:33","slug":"tuik-verilerle-oynuyor","status":"publish","type":"post","link":"http:\/\/www.korhanyilmaz.com\/?p=49865","title":{"rendered":"&#8216;T\u00dc\u0130K verilerle oynuyor&#8217;"},"content":{"rendered":"<p style=\"text-align: center;\"><a href=\"http:\/\/www.korhanyilmaz.com\/wp-content\/uploads\/2012\/03\/A0090.jpg\"  class=\"lightview\"><img loading=\"lazy\" decoding=\"async\" class=\"aligncenter  wp-image-49866\" src=\"http:\/\/www.korhanyilmaz.com\/wp-content\/uploads\/2012\/03\/A0090.jpg\" alt=\"\" width=\"322\" height=\"241\" \/><\/a><\/p>\n<p style=\"text-align: justify;\">CHP Genel Ba\u015fkan\u0131 Kemal K\u0131l\u0131\u00e7daro\u011flu, istihdam ve \u00fcretim rakamlar\u0131na ili\u015fkin &#8221;T\u00dc\u0130K&#8217;in rakamlarla oynad\u0131\u011f\u0131 kan\u0131s\u0131nday\u0131m&#8221; dedi.<\/p>\n<p style=\"text-align: justify;\">\u0130stanbul &#8211; K\u0131l\u0131\u00e7daro\u011flu, partisinin Plan B\u00fct\u00e7e Komisyonu \u00fcyeleriyle birlikte d\u00fczenledi\u011fi ve ekonomi gazetecileriyle bir araya geldi\u011fi toplant\u0131da yapt\u0131\u011f\u0131 konu\u015fmada, gazetelere bak\u0131ld\u0131\u011f\u0131nda ola\u011fan\u00fcst\u00fc ekonomik geli\u015fmelere imza atan, konusunu iyi bilen, hedeflerini iyi saptayan bir h\u00fck\u00fcmet oldu\u011fu gibi bir g\u00f6r\u00fcnt\u00fc bulundu\u011funu dile getirdi.\u00a0<!--more--><\/p>\n<p style=\"text-align: justify;\">Bununla ilgili baz\u0131 \u00f6rnekler vermek istedi\u011fini, Orta Vadeli Programda T\u00dcFE&#8217;nin 5,3 olarak belirlendi\u011fini anlatan K\u0131l\u0131\u00e7daro\u011flu, &#8221;T\u00dc\u0130K&#8217;in rakam\u0131 10,45. 5,3 nerde, 10,45 nerde? Bir ekonomide temel bir konuda bu kadar b\u00fcy\u00fck bir sapma iyi bir tahmin, sonu\u00e7 olarak d\u00fc\u015f\u00fcn\u00fclemez&#8221; diye konu\u015ftu.<\/p>\n<p style=\"text-align: justify;\">Cari a\u00e7\u0131k konusunda Orta Vadeli Programda hedefin 42,2 milyar dolar oldu\u011funu, 2011&#8217;de bu rakam\u0131n 77 milyar dolar seviyesinde ger\u00e7ekle\u015fti\u011fini anlatan K\u0131l\u0131\u00e7daro\u011flu, bir y\u0131l i\u00e7inde y\u00fczde 65&#8217;lik bir sapman\u0131n s\u00f6z konusu oldu\u011funu ifade etti.<\/p>\n<p style=\"text-align: justify;\">ABD&#8217;den sonra en y\u00fcksek cari a\u00e7\u0131\u011f\u0131n T\u00fcrkiye&#8217;de oldu\u011funu s\u00f6yleyen K\u0131l\u0131\u00e7daro\u011flu, &#8221;Sormam\u0131z gerekiyor acaba ger\u00e7ekten bunlar ekonomiyi iyi y\u00f6netiyorlar m\u0131, \u00f6ng\u00f6r\u00fcleri iyi mi, hedefler sa\u011fl\u0131kl\u0131 belirlenmi\u015f mi? Yok b\u00f6yle bir \u015fey&#8221; dedi.<\/p>\n<p style=\"text-align: justify;\">AKP h\u00fck\u00fcmetleri d\u00f6neminde en y\u00fcksek i\u015fsizlik oranlar\u0131n\u0131n yakaland\u0131\u011f\u0131n\u0131 kaydeden K\u0131l\u0131\u00e7daro\u011flu, b\u00fcy\u00fcme i\u00e7in rekorlar k\u0131r\u0131ld\u0131 denildi\u011fini, AKP \u00f6ncesindeki 30 y\u0131la bak\u0131ld\u0131\u011f\u0131nda b\u00fcy\u00fcme oranlar\u0131n\u0131n a\u015fa\u011f\u0131 yukar\u0131 ayn\u0131 oldu\u011funu kaydetti.<\/p>\n<p style=\"text-align: justify;\">Rakamlara bak\u0131ld\u0131\u011f\u0131nda bu ger\u00e7eklerin g\u00f6r\u00fclmesinin m\u00fcmk\u00fcn oldu\u011funu belirten K\u0131l\u0131\u00e7daro\u011flu, \u015f\u00f6yle devam etti:<\/p>\n<p style=\"text-align: justify;\">&#8221;Son a\u00e7\u0131klanan i\u015fsizlik rakamlar\u0131nda y\u00fczde 9,8&#8217;e d\u00fc\u015fm\u00fc\u015f. Ayr\u0131nt\u0131ya bak\u0131yorsunuz neden i\u015fsizlik d\u00fc\u015ft\u00fc diye, tar\u0131mda istihdam artm\u0131\u015f deniyor. Tar\u0131mda \u00fcretim d\u00fc\u015ft\u00fc. Ekili alanlarda, milyonlarca d\u00f6n\u00fcm alan ekilmiyor art\u0131k, peki nas\u0131l oldu da tar\u0131mda istihdam artt\u0131? Bunun hi\u00e7bir yan\u0131t\u0131 yok. Umudunu kaybetmi\u015f insanlar var, onlar i\u015fsiz say\u0131lm\u0131yor. Onlar\u0131 da dahil etti\u011finiz zaman y\u00fczde 14-15&#8217;lerde ciddi bir rakam bu i\u015fsizlik. T\u00fcrkiye&#8217;nin en temel sorunlar\u0131ndan birisi.&#8221;<\/p>\n<p style=\"text-align: justify;\">\u00d6demeler dengesinde net hata ve noksan diye \u00f6nlerine 12 milyar 461 milyon dolar kayna\u011f\u0131 belli olmayan paran\u0131n konuldu\u011funu kaydeden K\u0131l\u0131\u00e7daro\u011flu, &#8221;Bana d\u00fcnyada herhangi bir \u00fclkede planl\u0131 ekonomi varsa 12 milyar dolarl\u0131k bir kayna\u011f\u0131n nereden geldi\u011fini bilmeyen bir h\u00fck\u00fcmet g\u00f6sterin. 12 milyar 461 bin dolar para geliyor, h\u00fck\u00fcmet kayna\u011f\u0131n\u0131 bilmiyor. Merkez Bankas\u0131, Hazine kayna\u011f\u0131n\u0131 bilmiyor. \u0130nsaf. O zaman sormayacak m\u0131y\u0131z, bunlar ekonomiyi nas\u0131l y\u00f6netiyorlar? E\u011fer 12 milyar dolarl\u0131k bir kayna\u011f\u0131n nereden geldi\u011fini bilmiyorsan\u0131z kay\u0131t d\u0131\u015f\u0131 ekonomi art\u0131k normal ekonominin, kay\u0131tl\u0131 ekonominin \u00f6n\u00fcne ge\u00e7mi\u015f demektir&#8221; diye konu\u015ftu.<\/p>\n<p style=\"text-align: justify;\">Kay\u0131t d\u0131\u015f\u0131 istihdama da de\u011finen K\u0131l\u0131\u00e7daro\u011flu, \u0130ngiltere&#8217;de y\u00fczde 2, Almanya&#8217;da y\u00fczde 6, Polonya&#8217;da y\u00fczde 14, Romanya&#8217;da y\u00fczde 21 olan kay\u0131t d\u0131\u015f\u0131 istihdam\u0131n T\u00fcrkiye&#8217;de y\u00fczde 42 oldu\u011funu s\u00f6yledi.<\/p>\n<p style=\"text-align: justify;\">Kay\u0131t d\u0131\u015f\u0131 istihdamla ilgili h\u00fck\u00fcmetin bir eylem plan\u0131 geli\u015ftirece\u011fini dile getiren K\u0131l\u0131\u00e7daro\u011flu, b\u00fct\u00fcn m\u00fccadele sonras\u0131nda gelinen noktan\u0131n bu oldu\u011funu vurgulayarak, &#8221;\u015eimdi sormak gerekiyor, kay\u0131t d\u0131\u015f\u0131 istihdam\u0131 azaltmak i\u00e7in ne yapt\u0131n\u0131z? Y\u00fczde 42 utan\u0131lacak bir rakamd\u0131r. Kay\u0131t d\u0131\u015f\u0131 istihdam bir insanl\u0131k su\u00e7udur&#8221; dedi.<\/p>\n<p style=\"text-align: justify;\"><strong>&#8221;Merkez Bankas\u0131 ba\u011f\u0131ms\u0131zl\u0131\u011f\u0131n\u0131 kaybetti&#8221;\u00a0<\/strong><\/p>\n<p style=\"text-align: justify;\">Merkez Bankas\u0131&#8217;n\u0131n son y\u0131llarda ba\u011f\u0131ms\u0131zl\u0131\u011f\u0131n\u0131 kaybetti\u011fini, iktidara ba\u011f\u0131ml\u0131 hale geldi\u011fini ileri s\u00fcren K\u0131l\u0131\u00e7daro\u011flu, bunun ekonomi a\u00e7\u0131s\u0131ndan \u00e7ok ciddi bir sorun oldu\u011funu s\u00f6yledi.<\/p>\n<p style=\"text-align: justify;\">D\u00f6viz a\u00e7\u0131\u011f\u0131n\u0131n 356 milyar dolara \u00e7\u0131kt\u0131\u011f\u0131n\u0131 an\u0131msatan K\u0131l\u0131\u00e7daro\u011flu, ge\u00e7en y\u0131l temmuz ay\u0131nda 56 milyar dolar olan Merkez Bankas\u0131 net d\u00f6viz pozisyonundaki paran\u0131n, 22 Mart 2012&#8217;de 38 milyar 400 milyon dolara indi\u011fini anlatt\u0131. K\u0131l\u0131\u00e7daro\u011flu, rezervlerin eridi\u011fini, bu fedakarl\u0131\u011fa kar\u015f\u0131n d\u00f6vizin ayn\u0131 rakamlarda durdu\u011funu ifade etti.<\/p>\n<p style=\"text-align: justify;\">K\u0131l\u0131\u00e7daro\u011flu, &#8221;Ekonomi konusunda ciddi endi\u015felerimiz var. Bir iktidar elbette ki toz pembe g\u00f6stermek isteyecektir, &#8216;ekonomide sorun yoktur&#8217; diyecektir. Biz bug\u00fcne kadar T\u00fcrkiye&#8217;nin yo\u011fun g\u00fcndemi nedeniyle ekonominin \u00e7ok fazla \u00f6ne \u00e7\u0131kmad\u0131\u011f\u0131n\u0131 g\u00f6r\u00fcyoruz. Art\u0131k ekonominin de \u00f6ne \u00e7\u0131kmas\u0131 gerekiyor. Anadolu&#8217;nun g\u00fcndemi ekonomidir asl\u0131nda, i\u015fsizliktir. Bu herkes taraf\u0131ndan bilinen bir ba\u015fka ger\u00e7ek&#8221; diye konu\u015ftu.<\/p>\n<p style=\"text-align: justify;\">&#8221;Ekonomiyi y\u00f6netti\u011fini sanan bakanlar\u0131n asl\u0131nda ekonomiyi y\u00f6netmediklerini&#8221; de iyi bildiklerini ifade eden K\u0131l\u0131\u00e7daro\u011flu, \u015fu g\u00f6r\u00fc\u015fleri dile getirdi:<\/p>\n<p style=\"text-align: justify;\">&#8221;AKP Grubu taraf\u0131ndan ekonomi y\u00f6netilmek isteniyor. Bakanlar \u00e7aresiz vaziyette, \u00f6yle g\u00f6r\u00fcn\u00fcyor. Bak\u0131n TMSF, BDDK ba\u015fkanlar\u0131n\u0131n g\u00f6rev s\u00fcreleriyle ilgili bir yasa geldi parlamentoya teklif var, say\u0131n bakan &#8216;benim haberim yok&#8217; diyor. Sorumlu olan bakan\u0131n bilgisi olmadan bir kanun teklifiyle g\u00f6rev s\u00fcreleri uzat\u0131l\u0131yor. &#8216;Herhalde \u00f6z\u00fcr dilerler&#8217; diyor, say\u0131n Canikli de diyor ki &#8216;biz niye \u00f6z\u00fcr dileyece\u011fiz?&#8217; Bir ekonomik tutarl\u0131l\u0131k, politikada bir tutarl\u0131l\u0131k var m\u0131 burada? Kim kimi y\u00f6netiyor hangi gerek\u00e7eyle y\u00f6netiyor belli de\u011fil.&#8221;<\/p>\n<p style=\"text-align: justify;\">Hazine garantileriyle ilgili de bir teklifin geldi\u011fini dile getiren K\u0131l\u0131\u00e7daro\u011flu, \u00f6zel sekt\u00f6r\u00fcn alaca\u011f\u0131 kredilere hazine garantisinin verilece\u011fini s\u00f6yledi.<\/p>\n<p style=\"text-align: justify;\">K\u0131l\u0131\u00e7daro\u011flu, &#8221;Hazine, Maliye Bakanl\u0131\u011f\u0131 &#8216;evet&#8217; diyor mu? Diyorlar ki &#8216;b\u0131rak\u0131n\u0131z efendim onlar\u0131, karar\u0131 biz veririz&#8217;. Bu anlay\u0131\u015f yanl\u0131\u015ft\u0131r, bu anlay\u0131\u015fla bir ekonomi sa\u011fl\u0131kl\u0131 y\u00f6netilemez&#8221; dedi.<\/p>\n<p style=\"text-align: justify;\">Ekonomiyle ilgili ayda bir &#8221;Eko B\u00fclten&#8221; ve veriler a\u00e7\u0131kland\u0131k\u00e7a haz\u0131rlanan &#8221;Ekonomik G\u00f6r\u00fcn\u00fcm&#8221; adl\u0131 yay\u0131nlarla ekonomiye farkl\u0131 bir pencereden bakt\u0131klar\u0131n\u0131 anlatan K\u0131l\u0131\u00e7daro\u011flu, Plan B\u00fct\u00e7e Komisyonu \u00fcyelerinin 2012 b\u00fct\u00e7esinin yetersizli\u011fini anlatt\u0131klar\u0131 bir kitap yay\u0131nlad\u0131klar\u0131n\u0131 bildirdi.<\/p>\n<p style=\"text-align: justify;\"><strong>&#8221;T\u00dc\u0130K&#8217;in rakamlarla oynad\u0131\u011f\u0131 kan\u0131s\u0131nday\u0131m&#8221;\u00a0<\/strong><\/p>\n<p style=\"text-align: justify;\">Sorular\u0131 da yan\u0131tlayan K\u0131l\u0131\u00e7daro\u011flu, istihdam ve \u00fcretim rakamlar\u0131na ili\u015fkin ele\u015ftirileri hakk\u0131ndaki bir soru \u00fczerine, &#8221;T\u00dc\u0130K&#8217;in rakamlarla oynad\u0131\u011f\u0131 kan\u0131s\u0131nday\u0131m&#8221; dedi.<\/p>\n<p style=\"text-align: justify;\">T\u00dc\u0130K&#8217;in rakamlar\u0131n\u0131n inand\u0131r\u0131c\u0131 olmad\u0131\u011f\u0131n\u0131 bunu bir\u00e7ok kez dile getirdiklerini anlatan K\u0131l\u0131\u00e7daro\u011flu tatmin edici cevap alamad\u0131klar\u0131n\u0131 s\u00f6yledi.<\/p>\n<p style=\"text-align: justify;\">Merkez Bankas\u0131&#8217;na ili\u015fkin ele\u015ftirilerini hat\u0131rlatan bir gazetecinin, bunlar\u0131n Durmu\u015f Y\u0131lmaz d\u00f6nemini de kapsay\u0131p kapsamad\u0131\u011f\u0131 y\u00f6n\u00fcndeki sorusuna da K\u0131l\u0131\u00e7daro\u011flu, &#8221;Durmu\u015f Y\u0131lmaz d\u00f6nemi hari\u00e7. O ger\u00e7ek bir Merkez Bankas\u0131 Ba\u015fkan\u0131yd\u0131&#8221; kar\u015f\u0131l\u0131\u011f\u0131n\u0131 verdi.<\/p>\n<p style=\"text-align: justify;\">Kemal K\u0131l\u0131\u00e7daro\u011flu, grup toplant\u0131s\u0131n\u0131 Tando\u011fan Meydan\u0131&#8217;nda yapmaya kararl\u0131 olduklar\u0131n\u0131 belirtti.<\/p>\n<p style=\"text-align: justify;\">&#8221;Temel e\u011fitimde 4 4 4 konusunun temelinde de ekonomi oldu\u011funun s\u00f6ylendi\u011fi&#8221; y\u00f6n\u00fcndeki bir yorum \u00fczerine de K\u0131l\u0131\u00e7daro\u011flu, &#8221;Olmaz olur mu? As\u0131l ekonomi orada. Vurgun yasas\u0131 o. 2030&#8217;a kadar e\u011fitimle ilgili a\u015fa\u011f\u0131 yukar\u0131 t\u00fcm al\u0131mlar ihale yasas\u0131n\u0131n d\u0131\u015f\u0131nda olacak. Onun i\u00e7in &#8216;vurgun yasas\u0131&#8217; diyoruz. \u00c7ocuklar\u0131n s\u0131rt\u0131ndan vurgun yap\u0131lacak&#8221; dedi.<\/p>\n<p style=\"text-align: justify;\">K\u0131l\u0131\u00e7daro\u011flu, Cumhurba\u015fkanl\u0131\u011f\u0131 g\u00f6rev s\u00fcresine ili\u015fkin Anayasa Mahkemesi&#8217;ne ba\u015fvuruda bulunduklar\u0131n\u0131 hat\u0131rlatan bir gazetecinin, mahkemenin buna ili\u015fkin karar\u0131 iptal etmesi halinde T\u00fcrkiye&#8217;nin kendisini bir se\u00e7im ortam\u0131nda bulabilece\u011fini, bununla ilgili bir haz\u0131rl\u0131klar\u0131n\u0131n olup olmad\u0131\u011f\u0131 y\u00f6n\u00fcndeki sorusu \u00fczerine, &#8221;Yap\u0131yoruz tabii. Her olas\u0131l\u0131\u011fa kar\u015f\u0131l\u0131k bir haz\u0131rl\u0131\u011f\u0131m\u0131z var&#8221; kar\u015f\u0131l\u0131\u011f\u0131n\u0131 verdi.<\/p>\n<p style=\"text-align: justify;\">Gazetecinin, &#8221;Akl\u0131n\u0131zdan bir aday ge\u00e7iyor mu diye sormayaca\u011f\u0131m&#8221; demesi \u00fczerine, &#8221;\u0130zin verirseniz tabii, evet. Kar\u015f\u0131 taraf\u0131n aday\u0131 belli zaten&#8221; dedi.<\/p>\n<p style=\"text-align: justify;\">K\u0131l\u0131\u00e7daro\u011flu, yurt d\u0131\u015f\u0131ndan baz\u0131 \u00e7evrelerin T\u00fcrk ekonomisini \u00f6vmesinin onlar\u0131n fonlar\u0131na, y\u00fcksek faiz oranlar\u0131n\u0131 vermesinden kaynakland\u0131\u011f\u0131n\u0131 belirterek, &#8221;E\u011fer siz ekonominizi \u00fcretime ve ihracata g\u00f6re d\u00fczenlemezseniz ciddi sorunlarla kar\u015f\u0131la\u015f\u0131rs\u0131n\u0131z&#8221; diye konu\u015ftu.<\/p>\n<p style=\"text-align: justify;\">T\u00fcrkiye&#8217;nin tamamen s\u0131cak paraya dayal\u0131 bir ekonomisi bulundu\u011funu savunan K\u0131l\u0131\u00e7daro\u011flu, s\u0131cak para gelirse ekonominin iyi gitti\u011fini, gelmesi i\u00e7in de y\u00fcksek faiz verilmesi gerekti\u011fini s\u00f6yledi.<\/p>\n<p style=\"text-align: justify;\"><strong>&#8221;T\u00fcrkiye Suriye konusunda gecikmeden pozisyon almal\u0131&#8221;\u00a0<\/strong><\/p>\n<p style=\"text-align: justify;\">K\u0131l\u0131\u00e7daro\u011flu, 2012 ve sonras\u0131nda ekonomide parlak bir tablo olmad\u0131\u011f\u0131n\u0131, Afrika ve Ortado\u011fu&#8217;daki geli\u015fmelerin ekonomiyi olumsuz etkiledi\u011fini dile getirdi.<\/p>\n<p style=\"text-align: justify;\">Suriye konusunda T\u00fcrkiye&#8217;nin gecikmeden pozisyon almas\u0131n\u0131 gerekti\u011fini, sorunun, &#8221;bu pozisyonun nas\u0131l olaca\u011f\u0131&#8221; oldu\u011funu ifade eden K\u0131l\u0131\u00e7daro\u011flu, \u015f\u00f6yle konu\u015ftu:<\/p>\n<p style=\"text-align: justify;\">&#8221;Pozisyonlardan, istenen, T\u00fcrkiye do\u011frudan oraya girsin, tampon b\u00f6lge olu\u015ftursun veya silahl\u0131 m\u00fcdahale etsin. \u0130kinci pozisyon T\u00fcrkiye tarafs\u0131zl\u0131\u011f\u0131n\u0131 korusun, kals\u0131n burada ama Suriye&#8217;nin demokratikle\u015fmesi, \u00f6zg\u00fcrle\u015fmesi a\u00e7\u0131s\u0131ndan bir bask\u0131 unsuru olmaya devam etsin. Rusya&#8217;y\u0131, \u00c7in&#8217;i ikna etsin, \u0130ran Rusya \u00c7in bir araya gelsinler \u00e7\u00f6zmek i\u00e7in \u00e7aba harcas\u0131nlar, olmas\u0131 gereken bu. Ama bat\u0131 T\u00fcrkiye&#8217;nin s\u0131rt\u0131n\u0131 s\u0131vazl\u0131yor &#8216;siz buraya girin&#8217;&#8230; Niye, BM karar\u0131 yok, NATO&#8217;nun karar\u0131 yok. T\u00fcrkiye&#8217;nin bir se\u00e7enek olarak oraya girmesi uluslararas\u0131 alanda me\u015frulu\u011funu kaybetmesine yol a\u00e7ar.&#8221;<\/p>\n<p style=\"text-align: justify;\">K\u0131l\u0131\u00e7daro\u011flu, yabanc\u0131lar\u0131n T\u00fcrkiye&#8217;den gayr\u0131menkul edinmesinde kar\u015f\u0131l\u0131kl\u0131\u011f\u0131n yeni yasa ile kald\u0131r\u0131lmas\u0131n\u0131n Anayasaya ayk\u0131r\u0131 oldu\u011funu savunarak, bu durumda Anayasa Mahkemesi&#8217;ne ba\u015fvuracaklar\u0131n\u0131 bildirdi.<\/p>\n<p style=\"text-align: justify;\"><a href=\"http:\/\/www.cumhuriyet.com.tr\/?hn=324880\" target=\"_blank\">Kaynak : Cumhuriyet Haber Portal\u0131<\/a><\/p>\n","protected":false},"excerpt":{"rendered":"<p style=\"text-align: center;\">\n<p style=\"text-align: justify;\">CHP Genel Ba\u015fkan\u0131 Kemal K\u0131l\u0131\u00e7daro\u011flu, istihdam ve \u00fcretim rakamlar\u0131na ili\u015fkin &#8221;T\u00dc\u0130K&#8217;in rakamlarla oynad\u0131\u011f\u0131 kan\u0131s\u0131nday\u0131m&#8221; dedi.<\/p>\n<p style=\"text-align: justify;\">\u0130stanbul &#8211; K\u0131l\u0131\u00e7daro\u011flu, partisinin Plan B\u00fct\u00e7e Komisyonu \u00fcyeleriyle birlikte d\u00fczenledi\u011fi ve ekonomi gazetecileriyle bir araya geldi\u011fi toplant\u0131da yapt\u0131\u011f\u0131 konu\u015fmada, gazetelere bak\u0131ld\u0131\u011f\u0131nda ola\u011fan\u00fcst\u00fc ekonomik geli\u015fmelere imza atan, konusunu iyi bilen, hedeflerini iyi saptayan bir <\/p>\n","protected":false},"author":1,"featured_media":0,"comment_status":"open","ping_status":"open","sticky":false,"template":"","format":"standard","meta":{"footnotes":""},"categories":[105],"tags":[],"class_list":["post-49865","post","type-post","status-publish","format-standard","hentry","category-gundem","odd"],"_links":{"self":[{"href":"http:\/\/www.korhanyilmaz.com\/index.php?rest_route=\/wp\/v2\/posts\/49865","targetHints":{"allow":["GET"]}}],"collection":[{"href":"http:\/\/www.korhanyilmaz.com\/index.php?rest_route=\/wp\/v2\/posts"}],"about":[{"href":"http:\/\/www.korhanyilmaz.com\/index.php?rest_route=\/wp\/v2\/types\/post"}],"author":[{"embeddable":true,"href":"http:\/\/www.korhanyilmaz.com\/index.php?rest_route=\/wp\/v2\/users\/1"}],"replies":[{"embeddable":true,"href":"http:\/\/www.korhanyilmaz.com\/index.php?rest_route=%2Fwp%2Fv2%2Fcomments&post=49865"}],"version-history":[{"count":0,"href":"http:\/\/www.korhanyilmaz.com\/index.php?rest_route=\/wp\/v2\/posts\/49865\/revisions"}],"wp:attachment":[{"href":"http:\/\/www.korhanyilmaz.com\/index.php?rest_route=%2Fwp%2Fv2%2Fmedia&parent=49865"}],"wp:term":[{"taxonomy":"category","embeddable":true,"href":"http:\/\/www.korhanyilmaz.com\/index.php?rest_route=%2Fwp%2Fv2%2Fcategories&post=49865"},{"taxonomy":"post_tag","embeddable":true,"href":"http:\/\/www.korhanyilmaz.com\/index.php?rest_route=%2Fwp%2Fv2%2Ftags&post=49865"}],"curies":[{"name":"wp","href":"https:\/\/api.w.org\/{rel}","templated":true}]}}