{"id":49862,"date":"2012-03-24T12:42:04","date_gmt":"2012-03-24T10:42:04","guid":{"rendered":"http:\/\/www.korhanyilmaz.com\/?p=49862"},"modified":"2012-03-24T16:09:39","modified_gmt":"2012-03-24T14:09:39","slug":"suriyeli-pilot-turkiyeye-sigindi","status":"publish","type":"post","link":"http:\/\/www.korhanyilmaz.com\/?p=49862","title":{"rendered":"&#8220;Suriyeli pilot T\u00fcrkiye&#8217;ye s\u0131\u011f\u0131nd\u0131&#8221;"},"content":{"rendered":"<p style=\"text-align: center;\"><a href=\"http:\/\/www.korhanyilmaz.com\/wp-content\/uploads\/2012\/03\/A0089.jpg\"  class=\"lightview\"><img loading=\"lazy\" decoding=\"async\" class=\"aligncenter  wp-image-49863\" src=\"http:\/\/www.korhanyilmaz.com\/wp-content\/uploads\/2012\/03\/A0089.jpg\" alt=\"\" width=\"396\" height=\"180\" \/><\/a><\/p>\n<p style=\"text-align: justify;\">Suriye\u2019de d\u00fcn ger\u00e7ekle\u015ftirilen Esad rejimi kar\u015f\u0131t\u0131 protesto g\u00f6sterilerinde, sivilleri vurmas\u0131 i\u00e7in emir alan bir sava\u015f u\u00e7a\u011f\u0131 pilotunun emirleri redderek Halep\u2019teki bir g\u00fcvenlik noktas\u0131n\u0131 vurdu\u011fu ve ard\u0131ndan T\u00fcrkiye\u2019ye ka\u00e7t\u0131\u011f\u0131 \u00f6ne s\u00fcr\u00fcld\u00fc.<\/p>\n<p style=\"text-align: justify;\">El Arabiya\u2019n\u0131n haberine g\u00f6re, emirlere kar\u015f\u0131 gelerek muhalifler yerine Halep\u2019teki bir askeri noktay\u0131 vuran pilot, cephanesinin t\u00fckenmesinin ard\u0131ndan T\u00fcrkiye\u2019ye u\u00e7tu. Gazete, Suriye\u2019den ka\u00e7an binlerce g\u00f6\u00e7menin T\u00fcrkiye\u2019ye s\u0131\u011f\u0131nd\u0131\u011f\u0131na dikkat \u00e7ekerek, \u00d6zg\u00fcr Suriye Ordusu\u2019nun (\u00d6SO) lideri Albay Riyad El Esad\u2019\u0131n da T\u00fcrkiye s\u0131n\u0131rlar\u0131 i\u00e7inde oldu\u011funu belirtti.\u00a0<!--more--><\/p>\n<p style=\"text-align: justify;\">\u0130stanbul merkezli Suriye Ulusal Konseyi\u2019nden (SUK) bir yetkili, s\u00f6z konusu pilotun T\u00fcrkiye\u2019ye ka\u00e7t\u0131\u011f\u0131n\u0131 do\u011frulad\u0131 ve Be\u015far Esad h\u00fck\u00fcmetinin orduyu kontrol edemez bir noktaya geldi\u011fini \u00f6ne s\u00fcrd\u00fc. Ayn\u0131 kaynak, ba\u015fkanl\u0131k saray\u0131na d\u00fczenlenebilecek bir sald\u0131r\u0131 riskinden dolay\u0131, askeri u\u00e7aklar\u0131n cephanesiz olarak u\u00e7tu\u011funu iddia etti.<\/p>\n<p style=\"text-align: justify;\">Suriye devlet haber ajans\u0131 SANA ise Suriyeli yetkililerin, bir pilotun T\u00fcrkiye\u2019ye ka\u00e7t\u0131\u011f\u0131 iddialar\u0131n\u0131 yalanlad\u0131\u011f\u0131n\u0131 belirtti.<\/p>\n<p style=\"text-align: justify;\"><strong>CUMA G\u00dcN\u00dc KANA BULANDI<\/strong><\/p>\n<p style=\"text-align: justify;\">Suriye\u2019de d\u00fcn b\u00fcy\u00fck g\u00f6sterilerin d\u00fczenlendi\u011fi belirtilirken, askeri g\u00fc\u00e7lerin \u00e7ok say\u0131da b\u00f6lgeyi bombald\u0131\u011f\u0131 ve muhalif g\u00fc\u00e7lerle \u00e7at\u0131\u015fmaya girdi\u011fi ifade edildi. Suriye \u0130nsan Haklar\u0131 G\u00f6zlemevi, g\u00f6sterilere on binlerce insan\u0131n kat\u0131ld\u0131\u011f\u0131n\u0131 belirtirken, \u00fclke \u00e7ap\u0131ndaki \u015fiddet olaylar\u0131nda en az 33 ki\u015finin \u00f6ld\u00fc\u011f\u00fc bildirildi. \u0130ngiliz merkezli \u00f6rg\u00fct, \u00f6lenlerin 17\u2019sinin sivil, 13\u2019\u00fcn\u00fcn asker, \u00fc\u00e7 tanesinin de ordu firarisi oldu\u011funu aktard\u0131.<\/p>\n<p style=\"text-align: justify;\">Humus kentinde en az dokuz ki\u015finin a\u00e7\u0131lan ate\u015f ve patlamalardan \u00f6ld\u00fc\u011f\u00fc iletilirken, Halep\u2019in kuzeyindeki Aazaz b\u00f6lgesinde ordudan ka\u00e7an askerler ile rejim g\u00fc\u00e7leri aras\u0131nda \u00e7\u0131kan \u00e7at\u0131\u015fmada en az \u00fc\u00e7 firarinin ve \u00e7ok say\u0131da sivilin \u00f6ld\u00fc\u011f\u00fc ifade edildi.<\/p>\n<p style=\"text-align: justify;\">T\u00fcrkiye s\u0131n\u0131r\u0131na yak\u0131n olan Aazaz, \u00d6SO \u00fcyeleri i\u00e7in stratejik bir tedarik yolu ge\u00e7i\u015fi olma \u00f6nemine sahip. Aktivistler ayn\u0131 zamanda Halep ve Aazas aras\u0131ndaki Haritan ve Anadan k\u00f6ylerinde de \u015fiddetli \u00e7at\u0131\u015fmalar ya\u015fand\u0131\u011f\u0131n\u0131 bildirdi.<\/p>\n<p style=\"text-align: justify;\"><strong>ANNAN\u2019IN TEMASLARI S\u00dcR\u00dcYOR<\/strong><\/p>\n<p style=\"text-align: justify;\">Birle\u015fmi\u015f Milletler Suriye \u00d6zel Temsilcisi ve eski BM Genel Sektreteri Kofi Annan ise politik kaosun \u00e7\u00f6z\u00fcm bulmas\u0131 i\u00e7in temaslar\u0131n\u0131 s\u00fcrd\u00fcr\u00fcyor. Annan, bu hafta sonu Rusya\u2019n\u0131n ba\u015fkenti Moskova ve \u00c7in\u2019in ba\u015fkenti Pekin\u2019e ziyaretler d\u00fczenleyecek. Her iki \u00fclke, BM G\u00fcvenlik Konseyi\u2019nde Suriye i\u00e7in al\u0131nan kararlar\u0131 veto etmi\u015fti. Annan\u2019\u0131n, iki \u00fclkedeki temaslar\u0131n\u0131n ard\u0131ndan 10 Mart\u2019ta Esad\u2019la g\u00f6r\u00fc\u015ft\u00fc\u011f\u00fc \u015eam\u2019a hemen d\u00f6nmesi beklenmiyor.<\/p>\n<p style=\"text-align: justify;\">ABD \u0130\u00e7 g\u00fcvenlik Bakan\u0131 Janet Napolitano, ABD\u2019de bulunan Suriyelilerin vizeleri dolmas\u0131na ra\u011fmen vize s\u00fcrelerini uzatabileceklerini ve Suriye\u2019ye d\u00f6nme zorunluluklar\u0131n\u0131n bulunmad\u0131\u011f\u0131n\u0131 belirtti.<\/p>\n<p style=\"text-align: justify;\"><a href=\"http:\/\/www.gazeteport.com.tr\/haber\/86286\/quotsuriyeli_pilot_turkiyeye_sigindiquot\" target=\"_blank\">Kaynak : GAZETEPORT<\/a><\/p>\n","protected":false},"excerpt":{"rendered":"<p style=\"text-align: center;\">\n<p style=\"text-align: justify;\">Suriye\u2019de d\u00fcn ger\u00e7ekle\u015ftirilen Esad rejimi kar\u015f\u0131t\u0131 protesto g\u00f6sterilerinde, sivilleri vurmas\u0131 i\u00e7in emir alan bir sava\u015f u\u00e7a\u011f\u0131 pilotunun emirleri redderek Halep\u2019teki bir g\u00fcvenlik noktas\u0131n\u0131 vurdu\u011fu ve ard\u0131ndan T\u00fcrkiye\u2019ye ka\u00e7t\u0131\u011f\u0131 \u00f6ne s\u00fcr\u00fcld\u00fc.<\/p>\n<p style=\"text-align: justify;\">El Arabiya\u2019n\u0131n haberine g\u00f6re, emirlere kar\u015f\u0131 gelerek muhalifler yerine Halep\u2019teki bir askeri noktay\u0131 vuran pilot, cephanesinin t\u00fckenmesinin ard\u0131ndan <\/p>\n","protected":false},"author":1,"featured_media":0,"comment_status":"open","ping_status":"open","sticky":false,"template":"","format":"standard","meta":{"footnotes":""},"categories":[105],"tags":[],"class_list":["post-49862","post","type-post","status-publish","format-standard","hentry","category-gundem","odd"],"_links":{"self":[{"href":"http:\/\/www.korhanyilmaz.com\/index.php?rest_route=\/wp\/v2\/posts\/49862","targetHints":{"allow":["GET"]}}],"collection":[{"href":"http:\/\/www.korhanyilmaz.com\/index.php?rest_route=\/wp\/v2\/posts"}],"about":[{"href":"http:\/\/www.korhanyilmaz.com\/index.php?rest_route=\/wp\/v2\/types\/post"}],"author":[{"embeddable":true,"href":"http:\/\/www.korhanyilmaz.com\/index.php?rest_route=\/wp\/v2\/users\/1"}],"replies":[{"embeddable":true,"href":"http:\/\/www.korhanyilmaz.com\/index.php?rest_route=%2Fwp%2Fv2%2Fcomments&post=49862"}],"version-history":[{"count":0,"href":"http:\/\/www.korhanyilmaz.com\/index.php?rest_route=\/wp\/v2\/posts\/49862\/revisions"}],"wp:attachment":[{"href":"http:\/\/www.korhanyilmaz.com\/index.php?rest_route=%2Fwp%2Fv2%2Fmedia&parent=49862"}],"wp:term":[{"taxonomy":"category","embeddable":true,"href":"http:\/\/www.korhanyilmaz.com\/index.php?rest_route=%2Fwp%2Fv2%2Fcategories&post=49862"},{"taxonomy":"post_tag","embeddable":true,"href":"http:\/\/www.korhanyilmaz.com\/index.php?rest_route=%2Fwp%2Fv2%2Ftags&post=49862"}],"curies":[{"name":"wp","href":"https:\/\/api.w.org\/{rel}","templated":true}]}}