{"id":49858,"date":"2012-03-23T17:58:34","date_gmt":"2012-03-23T15:58:34","guid":{"rendered":"http:\/\/www.korhanyilmaz.com\/?p=49858"},"modified":"2012-03-24T13:49:56","modified_gmt":"2012-03-24T11:49:56","slug":"erdogani-o-komutan-karsiladi","status":"publish","type":"post","link":"http:\/\/www.korhanyilmaz.com\/?p=49858","title":{"rendered":"Erdo\u011fan&#8217;\u0131 o komutan kar\u015f\u0131lad\u0131"},"content":{"rendered":"<div id=\"attachment_49859\" style=\"width: 330px\" class=\"wp-caption aligncenter\"><a href=\"http:\/\/www.korhanyilmaz.com\/wp-content\/uploads\/2012\/03\/A0088.jpg\"  class=\"lightview\"><img loading=\"lazy\" decoding=\"async\" aria-describedby=\"caption-attachment-49859\" class=\" wp-image-49859 \" src=\"http:\/\/www.korhanyilmaz.com\/wp-content\/uploads\/2012\/03\/A0088.jpg\" alt=\"\" width=\"320\" height=\"214\" \/><\/a><p id=\"caption-attachment-49859\" class=\"wp-caption-text\">G\u00fcner'in ad\u0131 Ankara Garnizon Komutan\u0131yken Cumhurba\u015fkan\u0131 Abdullah G\u00fcl'\u00fcn e\u015fi Hayrunnisa G\u00fcl le tokala\u015fmamak i\u00e7in protokolden ayr\u0131lan komutan olarak g\u00fcndeme gelmi\u015fti<\/p><\/div>\n<p style=\"text-align: justify;\">Ba\u015fbakan Erdo\u011fan, Harp Akademileri Komutanl\u0131\u011f\u0131na yapt\u0131\u011f\u0131 ziyarette Hayrunnisa G\u00fcl&#8217;le tokala\u015fmamak i\u00e7in protokolden ayr\u0131lan Orgeneral G\u00fcner taraf\u0131ndan kar\u015f\u0131land\u0131.<\/p>\n<p style=\"text-align: justify;\">\u0130STANBUL &#8211; Ba\u015fbakan Recep Tayyip Erdo\u011fan, Maslak&#8217;taki Harp Akademileri Komutanl\u0131\u011f\u0131nda subaylara seslendi. Erdo\u011fan\u2019\u0131, Genelkurmay Ba\u015fkan\u0131 Orgeneral Necdet \u00d6zel ve Harp Akademileri Komutan\u0131 Orgeneral Arslan G\u00fcner kar\u015f\u0131lad\u0131.<\/p>\n<p style=\"text-align: justify;\">Orgeneral G\u00fcner, Harp Akademileri Komutan\u0131yken Balyoz soru\u015fturmas\u0131 kapsam\u0131nda tutuklanan Orgeneral Bilgin Balanl\u0131&#8217;n\u0131n yerine atand\u0131. Bug\u00fcn Ba\u015fbakan Erdo\u011fan&#8217;\u0131 kar\u015f\u0131layan G\u00fcner&#8217;in ad\u0131 Ankara Garnizon Komutan\u0131yken Cumhurba\u015fkan\u0131 Abdullah G\u00fcl&#8217;\u00fcn e\u015fi Hayrunnisa G\u00fcl\u2019le tokala\u015fmamak i\u00e7in protokolden ayr\u0131lan komutan olarak g\u00fcndeme geldi.<\/p>\n<p style=\"text-align: justify;\">\u0130ddialara g\u00f6re son Askeri \u015eura&#8217;da Ba\u015fer&#8217;in Kara Kuvvetleri Komutanl\u0131\u011f\u0131na atanmas\u0131na Cumhurba\u015fkan\u0131 G\u00fcl muhalefet etti.<\/p>\n<p style=\"text-align: justify;\"><strong>\u0130\u00c7ER\u0130K SIR G\u0130B\u0130 SAKLANIYOR\u00a0<\/strong><\/p>\n<p style=\"text-align: justify;\">Bas\u0131n mensuplar\u0131na tamamen kapal\u0131 olan ziyaretin ard\u0131ndan Erdo\u011fan&#8217;\u0131n akademide yap\u0131lacak bir konferansta subaylara konu\u015fma yapaca\u011f\u0131 \u00f6\u011frenildi. Konferans\u0131n i\u00e7eri\u011fiyle ilgili herhangi bir a\u00e7\u0131klama yap\u0131lmad\u0131. Harp Akademilerinin internet sitesinde konferansla ilgili hi\u00e7 bir i\u00e7eri\u011fe yer verilmedi. Benzer ziyaretlerin aksine bu kez i\u00e7eriye Anadolu Ajans\u0131 muhabiri dahi al\u0131nmad\u0131.<\/p>\n<p style=\"text-align: justify;\"><strong>\u00a0M\u0130T M\u00dcSTE\u015eARIYLA G\u00d6R\u00dc\u015eT\u00dc\u00a0<\/strong><\/p>\n<p style=\"text-align: justify;\">Erdo\u011fan, daha sonra s\u00fcrpriz bir \u015fekilde yeniden \u00dcsk\u00fcdar&#8217;daki evine ge\u00e7ti. Ba\u015fbakan Erdo\u011fan eve girdikten k\u0131sa s\u00fcre sonra M\u0130T M\u00fcste\u015far\u0131 Hakan Fidan da Erdo\u011fan&#8217;\u0131n konutuna geldi. G\u00f6r\u00fc\u015fmeye ili\u015fkin herhangi bir a\u00e7\u0131klama yap\u0131lmad\u0131.<\/p>\n<p style=\"text-align: justify;\"><a href=\"http:\/\/www.radikal.com.tr\/Radikal.aspx?aType=RadikalDetayV3&amp;ArticleID=1082743&amp;CategoryID=77\" target=\"_blank\">Kaynak : Radikal.com.tr<\/a><\/p>\n","protected":false},"excerpt":{"rendered":"<p id=\"caption-attachment-49859\" class=\"wp-caption-text\">G\u00fcner&#8217;in ad\u0131 Ankara Garnizon Komutan\u0131yken Cumhurba\u015fkan\u0131 Abdullah G\u00fcl&#8217;\u00fcn e\u015fi Hayrunnisa G\u00fcl le tokala\u015fmamak i\u00e7in protokolden ayr\u0131lan komutan olarak g\u00fcndeme gelmi\u015fti<\/p>\n<p style=\"text-align: justify;\">Ba\u015fbakan Erdo\u011fan, Harp Akademileri Komutanl\u0131\u011f\u0131na yapt\u0131\u011f\u0131 ziyarette Hayrunnisa G\u00fcl&#8217;le tokala\u015fmamak i\u00e7in protokolden ayr\u0131lan Orgeneral G\u00fcner taraf\u0131ndan kar\u015f\u0131land\u0131.<\/p>\n<p style=\"text-align: justify;\">\u0130STANBUL &#8211; Ba\u015fbakan Recep Tayyip Erdo\u011fan, Maslak&#8217;taki Harp Akademileri Komutanl\u0131\u011f\u0131nda subaylara seslendi. <\/p>\n","protected":false},"author":1,"featured_media":0,"comment_status":"open","ping_status":"open","sticky":false,"template":"","format":"standard","meta":{"footnotes":""},"categories":[105],"tags":[949,926,950,774],"class_list":["post-49858","post","type-post","status-publish","format-standard","hentry","category-gundem","tag-arslan-guner","tag-hakan-fidan","tag-harp-akademileri-komutanligi","tag-necdet-ozel","odd"],"_links":{"self":[{"href":"http:\/\/www.korhanyilmaz.com\/index.php?rest_route=\/wp\/v2\/posts\/49858","targetHints":{"allow":["GET"]}}],"collection":[{"href":"http:\/\/www.korhanyilmaz.com\/index.php?rest_route=\/wp\/v2\/posts"}],"about":[{"href":"http:\/\/www.korhanyilmaz.com\/index.php?rest_route=\/wp\/v2\/types\/post"}],"author":[{"embeddable":true,"href":"http:\/\/www.korhanyilmaz.com\/index.php?rest_route=\/wp\/v2\/users\/1"}],"replies":[{"embeddable":true,"href":"http:\/\/www.korhanyilmaz.com\/index.php?rest_route=%2Fwp%2Fv2%2Fcomments&post=49858"}],"version-history":[{"count":0,"href":"http:\/\/www.korhanyilmaz.com\/index.php?rest_route=\/wp\/v2\/posts\/49858\/revisions"}],"wp:attachment":[{"href":"http:\/\/www.korhanyilmaz.com\/index.php?rest_route=%2Fwp%2Fv2%2Fmedia&parent=49858"}],"wp:term":[{"taxonomy":"category","embeddable":true,"href":"http:\/\/www.korhanyilmaz.com\/index.php?rest_route=%2Fwp%2Fv2%2Fcategories&post=49858"},{"taxonomy":"post_tag","embeddable":true,"href":"http:\/\/www.korhanyilmaz.com\/index.php?rest_route=%2Fwp%2Fv2%2Ftags&post=49858"}],"curies":[{"name":"wp","href":"https:\/\/api.w.org\/{rel}","templated":true}]}}