{"id":49850,"date":"2012-03-24T00:05:36","date_gmt":"2012-03-23T22:05:36","guid":{"rendered":"http:\/\/www.korhanyilmaz.com\/?p=49850"},"modified":"2012-03-24T13:29:37","modified_gmt":"2012-03-24T11:29:37","slug":"akpli-eski-bakan-da-isyan-etti","status":"publish","type":"post","link":"http:\/\/www.korhanyilmaz.com\/?p=49850","title":{"rendered":"AKP&#8217;li eski bakan da isyan etti"},"content":{"rendered":"<p style=\"text-align: center;\"><a href=\"http:\/\/www.korhanyilmaz.com\/wp-content\/uploads\/2012\/03\/A0086.jpg\"  class=\"lightview\"><img loading=\"lazy\" decoding=\"async\" class=\"aligncenter  wp-image-49851\" src=\"http:\/\/www.korhanyilmaz.com\/wp-content\/uploads\/2012\/03\/A0086.jpg\" alt=\"\" width=\"396\" height=\"180\" \/><\/a><\/p>\n<p>G\u00fcl h\u00fck\u00fcmetinin Ba\u015fbakan yard\u0131mc\u0131s\u0131 AKP\u2019li Ertu\u011frul Yal\u00e7\u0131nbay\u0131r, yak\u0131n arkada\u015f\u0131 hakk\u0131ndaki takipsizlik karar\u0131na isyan etti.<\/p>\n<p>GAZETEPORT\/ANKARA- Bursa Emniyet M\u00fcd\u00fcrl\u00fc\u011f\u00fcnde 32 y\u0131l \u00f6nce g\u00f6zalt\u0131ndayken \u00f6len Avukat Hilmi Feyzio\u011flu, Abdullah G\u00fcl h\u00fck\u00fcmetinin Ba\u015fbakan yard\u0131mc\u0131s\u0131 Ertu\u011frul Yal\u00e7\u0131nbay\u0131r\u2019\u0131n yak\u0131n arkada\u015f\u0131 \u00e7\u0131kt\u0131. Yal\u00e7\u0131nbay\u0131r, 32 y\u0131l \u00f6nce meydana gelen olay\u0131n \u2018\u2019\u0130ntihar de\u011fil, i\u015fkence sonucu \u00f6l\u00fcm\u2019\u2019 oldu\u011funu a\u00e7\u0131klad\u0131.\u00a0<!--more--><\/p>\n<p>Avukat Feyzio\u011flu 1980 y\u0131l\u0131nda Bursa\u2019da g\u00f6zalt\u0131na al\u0131nm\u0131\u015f ve emniyetin 5 kat\u0131ndan atlayarak intihar etti\u011fi \u00f6ne s\u00fcr\u00fclm\u00fc\u015ft\u00fc. Olayla ilgili ge\u00e7en y\u0131l yeniden yap\u0131lan su\u00e7 duyurusundan da sonu\u00e7 \u00e7\u0131kmad\u0131 ve zaman a\u015f\u0131m\u0131 nedeniyle takipsizlik karar\u0131 verildi.<\/p>\n<p>Feyzio\u011flu\u2019nun yak\u0131n arkada\u015f\u0131 olan Yal\u00e7\u0131nbay\u0131r \u2018\u2019Disk ve Maden-\u0130\u015f\u2019in avukat\u0131yd\u0131. G\u00f6zalt\u0131ndayken ziyaret ettik. (Beni s\u0131k s\u0131k aray\u0131n) demi\u015fti. Ama ertesi g\u00fcn 2 Ekim 1980\u2019de emniyetin 5\u2019inci kat\u0131ndan kendini at\u0131p, intihar etti\u011fi s\u00f6ylendi. \u0130\u015fkence kurumsalla\u015fm\u0131\u015ft\u0131. Onu tan\u0131yanlar intihar\u0131na inanmad\u0131\u2019\u2019 dedi.<\/p>\n<p>Avukat Feyzio\u011flu\u2019nun \u00f6l\u00fcm haberini ailesine kendisinin verdi\u011fini de belirten Yal\u00e7\u0131nbay\u0131r, \u2018\u2019Onun su\u00e7land\u0131\u011f\u0131 TCK\u2019n\u0131n 141 ve 142\u2019inci maddeleri bug\u00fcn art\u0131k su\u00e7 de\u011fil. \u0130\u015fkence bir insanl\u0131k su\u00e7u. Bu t\u00fcr su\u00e7larda dava ve ceza zamana\u015f\u0131m\u0131 i\u015flemez. Ne kadar zaman ge\u00e7se bunlar unutulmaz.\u2019\u2019 dedi.<\/p>\n<p><a href=\"http:\/\/www.gazeteport.com.tr\/haber\/86213\/akpli_eski_bakan_da_isyan_etti\" target=\"_blank\">Kaynak : GAZETEPORT<\/a><\/p>\n","protected":false},"excerpt":{"rendered":"<p style=\"text-align: center;\">\n<p>G\u00fcl h\u00fck\u00fcmetinin Ba\u015fbakan yard\u0131mc\u0131s\u0131 AKP\u2019li Ertu\u011frul Yal\u00e7\u0131nbay\u0131r, yak\u0131n arkada\u015f\u0131 hakk\u0131ndaki takipsizlik karar\u0131na isyan etti.<\/p>\n<p>GAZETEPORT\/ANKARA- Bursa Emniyet M\u00fcd\u00fcrl\u00fc\u011f\u00fcnde 32 y\u0131l \u00f6nce g\u00f6zalt\u0131ndayken \u00f6len Avukat Hilmi Feyzio\u011flu, Abdullah G\u00fcl h\u00fck\u00fcmetinin Ba\u015fbakan yard\u0131mc\u0131s\u0131 Ertu\u011frul Yal\u00e7\u0131nbay\u0131r\u2019\u0131n yak\u0131n arkada\u015f\u0131 \u00e7\u0131kt\u0131. Yal\u00e7\u0131nbay\u0131r, 32 y\u0131l \u00f6nce meydana gelen olay\u0131n \u2018\u2019\u0130ntihar de\u011fil, i\u015fkence sonucu \u00f6l\u00fcm\u2019\u2019 oldu\u011funu a\u00e7\u0131klad\u0131. <\/p>\n","protected":false},"author":1,"featured_media":0,"comment_status":"open","ping_status":"open","sticky":false,"template":"","format":"standard","meta":{"footnotes":""},"categories":[105],"tags":[],"class_list":["post-49850","post","type-post","status-publish","format-standard","hentry","category-gundem","odd"],"_links":{"self":[{"href":"http:\/\/www.korhanyilmaz.com\/index.php?rest_route=\/wp\/v2\/posts\/49850","targetHints":{"allow":["GET"]}}],"collection":[{"href":"http:\/\/www.korhanyilmaz.com\/index.php?rest_route=\/wp\/v2\/posts"}],"about":[{"href":"http:\/\/www.korhanyilmaz.com\/index.php?rest_route=\/wp\/v2\/types\/post"}],"author":[{"embeddable":true,"href":"http:\/\/www.korhanyilmaz.com\/index.php?rest_route=\/wp\/v2\/users\/1"}],"replies":[{"embeddable":true,"href":"http:\/\/www.korhanyilmaz.com\/index.php?rest_route=%2Fwp%2Fv2%2Fcomments&post=49850"}],"version-history":[{"count":0,"href":"http:\/\/www.korhanyilmaz.com\/index.php?rest_route=\/wp\/v2\/posts\/49850\/revisions"}],"wp:attachment":[{"href":"http:\/\/www.korhanyilmaz.com\/index.php?rest_route=%2Fwp%2Fv2%2Fmedia&parent=49850"}],"wp:term":[{"taxonomy":"category","embeddable":true,"href":"http:\/\/www.korhanyilmaz.com\/index.php?rest_route=%2Fwp%2Fv2%2Fcategories&post=49850"},{"taxonomy":"post_tag","embeddable":true,"href":"http:\/\/www.korhanyilmaz.com\/index.php?rest_route=%2Fwp%2Fv2%2Ftags&post=49850"}],"curies":[{"name":"wp","href":"https:\/\/api.w.org\/{rel}","templated":true}]}}