{"id":49838,"date":"2012-03-24T11:58:20","date_gmt":"2012-03-24T09:58:20","guid":{"rendered":"http:\/\/www.korhanyilmaz.com\/?p=49838"},"modified":"2012-03-24T13:00:26","modified_gmt":"2012-03-24T11:00:26","slug":"miras-kavgasinda-son-perde","status":"publish","type":"post","link":"http:\/\/www.korhanyilmaz.com\/?p=49838","title":{"rendered":"Miras kavgas\u0131nda son perde&#8230;"},"content":{"rendered":"<p style=\"text-align: center;\"><a href=\"http:\/\/www.korhanyilmaz.com\/wp-content\/uploads\/2012\/03\/A0083.jpg\"  class=\"lightview\"><img loading=\"lazy\" decoding=\"async\" class=\"aligncenter  wp-image-49839\" src=\"http:\/\/www.korhanyilmaz.com\/wp-content\/uploads\/2012\/03\/A0083.jpg\" alt=\"\" width=\"307\" height=\"236\" \/><\/a><\/p>\n<p style=\"text-align: justify;\">&#8216;Miras&#8217; nedeniyle karde\u015flerini su\u00e7layan Zeynep Erbakan&#8217;\u0131n, psikiyatrik rahats\u0131zl\u0131\u011f\u0131n\u0131 g\u00f6steren raporlar ortaya \u00e7\u0131kt\u0131. Aileye yak\u0131n kaynaklar, psikolojik durumuna ili\u015fkin raporlar\u0131n miras davas\u0131nda mahkemeye sunulaca\u011f\u0131 g\u00f6r\u00fc\u015f\u00fcnde.<\/p>\n<p style=\"text-align: justify;\">Erbakan Ailesi&#8217;nde &#8216;miras&#8217; kavgas\u0131n\u0131n sanc\u0131lar\u0131 s\u00fcrerken, bu kez sa\u011fl\u0131k raporu tart\u0131\u015fmas\u0131 \u00e7\u0131kt\u0131. Karde\u015flerini, babalar\u0131n\u0131n malvarl\u0131\u011f\u0131n\u0131 \u00fczerlerine ge\u00e7irip kendisinden mal ka\u00e7\u0131rmakla su\u00e7layan Zeynep Erbakan, ge\u00e7en y\u0131l e\u015finden ayr\u0131lm\u0131\u015ft\u0131.<!--more--><\/p>\n<p style=\"text-align: justify;\">Bo\u015fanma davas\u0131nda dosyaya, Zeynep Erbakan&#8217;\u0131n organik del\u00fczyonel tan\u0131s\u0131yla bir s\u00fcre tedavi g\u00f6rd\u00fc\u011f\u00fcne ili\u015fkin sa\u011fl\u0131k raporunun da girdi\u011fi ortaya \u00e7\u0131kt\u0131. Ak\u015fam gazetesine g\u00f6re, bu rapor miras davas\u0131nda da kullan\u0131labilir.<\/p>\n<p style=\"text-align: justify;\">Erbakan Ailesi&#8217;nin b\u00fcy\u00fck k\u0131z\u0131 Zeynep Erbakan, karde\u015fleri Fatih Erbakan, Elif Erbakan Alt\u0131n\u00f6z ve e\u015fi Mehmet Alt\u0131n\u00f6z hakk\u0131nda su\u00e7 duyurusunda bulunmu\u015ftu.<\/p>\n<p style=\"text-align: justify;\">Ailedeki gergin s\u00fcre\u00e7 devam ederken, karde\u015fler aras\u0131ndaki uyu\u015fmazl\u0131k \u00e7\u00f6z\u00fclemedi. Aileye ait t\u00fcm malvarl\u0131\u011f\u0131 listesi kamuoyuna yans\u0131d\u0131. Bu kez de \u00f6zel sa\u011fl\u0131k raporlar\u0131 g\u00fcndemde. Zeynep Erbakan ile Faruk Bayko\u00e7&#8217;un, anla\u015fmal\u0131 olarak bo\u015fand\u0131klar\u0131 ve 4 \u00e7ocu\u011fun velayetinin babaya verildi\u011fi davan\u0131n dosyas\u0131ndaki sa\u011fl\u0131k raporlar\u0131 ortaya \u00e7\u0131kt\u0131.<\/p>\n<p style=\"text-align: justify;\">Ankara 11. Aile Mahkemesi&#8217;ndeki dosyada, Zeynep Erbakan&#8217;la ilgili \u00e7e\u015fitli \u00fcniversite-vak\u0131f hastanelerinden al\u0131nan sa\u011fl\u0131k ve ila\u00e7 kullan\u0131m raporlar\u0131na da yer verilmi\u015f. Bu raporlara g\u00f6re, Zeynep Erbakan epilepsi tedavisi g\u00f6rm\u00fc\u015f. Bal\u0131kl\u0131 Rum Hastanesi raporuna g\u00f6re abla Erbakan&#8217;a 23 Mart-3 Nisan 2010 tarihleri aras\u0131nda &#8216;organik miza\u00e7 bozuklu\u011fu&#8217; nedeniyle tedavi uygulanm\u0131\u015f.<\/p>\n<p style=\"text-align: justify;\">Hacettepe&#8217;nin 1 \u015eubat-20 Haziran 2011 tarihli muayenelerinde, mental bozukluk ve bipolar miza\u00e7 bozuklu\u011fu tan\u0131lar\u0131 konmu\u015f. Bir ba\u015fka rapor da Gazi \u00dcniversitesi T\u0131p Fak\u00fcltesi Hastanesi&#8217;ne ait. 6 May\u0131s 2008 tarihli ila\u00e7 kullan\u0131m raporunda epilepsi-organik del\u00fczyonel (\u015fizofren benzeri) bozukluklar tan\u0131s\u0131 ve tedaviye ili\u015fkin ila\u00e7lar yer al\u0131yor.<\/p>\n<p style=\"text-align: justify;\"><strong>Davaya yans\u0131yabilir<\/strong><\/p>\n<p style=\"text-align: justify;\">Erbakan Ailesi&#8217;ne yak\u0131n kaynaklar, s\u00f6z konusu sa\u011fl\u0131k raporlar\u0131n\u0131n miras davas\u0131nda da gerekli g\u00f6r\u00fcld\u00fc\u011f\u00fc halde mahkemeye sunulaca\u011f\u0131n\u0131 belirtiyor.<\/p>\n<p style=\"text-align: justify;\"><a href=\"http:\/\/www.cnnturk.com\/2012\/guncel\/03\/24\/miras.kavgasinda.son.perde\/654486.0\/index.html\" target=\"_blank\">Kaynak : CNN T\u00dcRK<\/a><\/p>\n","protected":false},"excerpt":{"rendered":"<p style=\"text-align: center;\">\n<p style=\"text-align: justify;\">&#8216;Miras&#8217; nedeniyle karde\u015flerini su\u00e7layan Zeynep Erbakan&#8217;\u0131n, psikiyatrik rahats\u0131zl\u0131\u011f\u0131n\u0131 g\u00f6steren raporlar ortaya \u00e7\u0131kt\u0131. Aileye yak\u0131n kaynaklar, psikolojik durumuna ili\u015fkin raporlar\u0131n miras davas\u0131nda mahkemeye sunulaca\u011f\u0131 g\u00f6r\u00fc\u015f\u00fcnde.<\/p>\n<p style=\"text-align: justify;\">Erbakan Ailesi&#8217;nde &#8216;miras&#8217; kavgas\u0131n\u0131n sanc\u0131lar\u0131 s\u00fcrerken, bu kez sa\u011fl\u0131k raporu tart\u0131\u015fmas\u0131 \u00e7\u0131kt\u0131. Karde\u015flerini, babalar\u0131n\u0131n malvarl\u0131\u011f\u0131n\u0131 \u00fczerlerine ge\u00e7irip kendisinden mal ka\u00e7\u0131rmakla su\u00e7layan Zeynep Erbakan, ge\u00e7en <\/p>\n","protected":false},"author":1,"featured_media":0,"comment_status":"open","ping_status":"open","sticky":false,"template":"","format":"standard","meta":{"footnotes":""},"categories":[105],"tags":[],"class_list":["post-49838","post","type-post","status-publish","format-standard","hentry","category-gundem","odd"],"_links":{"self":[{"href":"http:\/\/www.korhanyilmaz.com\/index.php?rest_route=\/wp\/v2\/posts\/49838","targetHints":{"allow":["GET"]}}],"collection":[{"href":"http:\/\/www.korhanyilmaz.com\/index.php?rest_route=\/wp\/v2\/posts"}],"about":[{"href":"http:\/\/www.korhanyilmaz.com\/index.php?rest_route=\/wp\/v2\/types\/post"}],"author":[{"embeddable":true,"href":"http:\/\/www.korhanyilmaz.com\/index.php?rest_route=\/wp\/v2\/users\/1"}],"replies":[{"embeddable":true,"href":"http:\/\/www.korhanyilmaz.com\/index.php?rest_route=%2Fwp%2Fv2%2Fcomments&post=49838"}],"version-history":[{"count":0,"href":"http:\/\/www.korhanyilmaz.com\/index.php?rest_route=\/wp\/v2\/posts\/49838\/revisions"}],"wp:attachment":[{"href":"http:\/\/www.korhanyilmaz.com\/index.php?rest_route=%2Fwp%2Fv2%2Fmedia&parent=49838"}],"wp:term":[{"taxonomy":"category","embeddable":true,"href":"http:\/\/www.korhanyilmaz.com\/index.php?rest_route=%2Fwp%2Fv2%2Fcategories&post=49838"},{"taxonomy":"post_tag","embeddable":true,"href":"http:\/\/www.korhanyilmaz.com\/index.php?rest_route=%2Fwp%2Fv2%2Ftags&post=49838"}],"curies":[{"name":"wp","href":"https:\/\/api.w.org\/{rel}","templated":true}]}}