{"id":49834,"date":"2012-03-23T15:43:46","date_gmt":"2012-03-23T13:43:46","guid":{"rendered":"http:\/\/www.korhanyilmaz.com\/?p=49834"},"modified":"2012-03-24T10:36:37","modified_gmt":"2012-03-24T08:36:37","slug":"erdogandan-harp-akademilerine-sir-ziyaret","status":"publish","type":"post","link":"http:\/\/www.korhanyilmaz.com\/?p=49834","title":{"rendered":"Erdo\u011fan&#8217;dan Harp Akademileri&#8217;ne s\u0131r ziyaret"},"content":{"rendered":"<p style=\"text-align: justify;\"><a href=\"http:\/\/www.korhanyilmaz.com\/wp-content\/uploads\/2012\/03\/A0082.jpg\"  class=\"lightview\"><img loading=\"lazy\" decoding=\"async\" class=\"aligncenter size-full wp-image-49835\" title=\"\" src=\"http:\/\/www.korhanyilmaz.com\/wp-content\/uploads\/2012\/03\/A0082.jpg\" alt=\"\" width=\"292\" height=\"183\" \/><\/a><\/p>\n<p style=\"text-align: justify;\">Ba\u015fbakan Recep Tayyip Erdo\u011fan, K\u0131s\u0131kl\u0131&#8217;da k\u0131ld\u0131\u011f\u0131 cuma namaz\u0131n\u0131n ard\u0131ndan Maslak&#8217;taki Harp Akademileri Komutanl\u0131\u011f\u0131na ge\u00e7ti. Saat 14:25&#8217;te akademiye giri\u015f yapan Erdo\u011fan, \u00f6nce komutanl\u0131\u011f\u0131 ziyaret etti.<\/p>\n<p style=\"text-align: justify;\">Erdo\u011fan, Harp Akademileri Komutan\u0131 Orgeneral Arslan G\u00fcner taraf\u0131ndan kar\u015f\u0131land\u0131. Orgeneral G\u00fcner, Harp Akademileri Komutan\u0131yken Balyoz soru\u015fturmas\u0131 kapsam\u0131nda tutuklanan Orgeneral Bilgin Balanl\u0131&#8217;n\u0131n yerine atand\u0131.<!--more--><\/p>\n<p style=\"text-align: justify;\">Bug\u00fcn Ba\u015fbakan Erdo\u011fan&#8217;\u0131n kar\u015f\u0131layan G\u00fcner&#8217;in ad\u0131 Ankara Garnizon Komutan\u0131yken Cumhurba\u015fkan\u0131 Abdullah G\u00fcl&#8217;\u00fcn e\u015fi Hayrunnisa G\u00fcl&#8217;le tokala\u015fmamak i\u00e7in protokolden ayr\u0131lan komutan olarak g\u00fcndeme geldi. \u0130ddilara g\u00f6re son Askeri \u015eura&#8217;da Ba\u015fer&#8217;in Kara kuvvetleri Komutanl\u0131\u011f\u0131na atanmas\u0131na Cumhurba\u015fkan\u0131 G\u00fcl muhalefet etti.<\/p>\n<p style=\"text-align: justify;\"><strong>\u0130\u00e7erik s\u0131r gibi saklan\u0131yor<\/strong><\/p>\n<p style=\"text-align: justify;\">Bas\u0131n mensuplar\u0131na tamamen kapal\u0131 olan ziyaretin ard\u0131ndan Erdo\u011fan&#8217;\u0131n akademide yap\u0131lacak bir konferansta subaylara konu\u015fma yapaca\u011f\u0131 \u00f6\u011frenildi. Konferans\u0131n i\u00e7eri\u011fiyle ilgili herhangi bir a\u00e7\u0131klama yap\u0131lmad\u0131. Harp Akademilerinin internet sitesinde konferansla ilgili hi\u00e7bir i\u00e7eri\u011fe yer verilmedi. Benzer ziyaretlerin aksine bu kez i\u00e7eriye Anadolu Ajans\u0131 muhabiri dahi al\u0131nmad\u0131.<\/p>\n<p style=\"text-align: justify;\"><a href=\"http:\/\/www.cnnturk.com\/2012\/turkiye\/03\/23\/erdogandan.harp.akademilerine.sir.ziyaret\/654412.0\/index.html\" target=\"_blank\">Kaynak : CNN T\u00dcRK<\/a><\/p>\n","protected":false},"excerpt":{"rendered":"<p style=\"text-align: justify;\">\n<p style=\"text-align: justify;\">Ba\u015fbakan Recep Tayyip Erdo\u011fan, K\u0131s\u0131kl\u0131&#8217;da k\u0131ld\u0131\u011f\u0131 cuma namaz\u0131n\u0131n ard\u0131ndan Maslak&#8217;taki Harp Akademileri Komutanl\u0131\u011f\u0131na ge\u00e7ti. Saat 14:25&#8217;te akademiye giri\u015f yapan Erdo\u011fan, \u00f6nce komutanl\u0131\u011f\u0131 ziyaret etti.<\/p>\n<p style=\"text-align: justify;\">Erdo\u011fan, Harp Akademileri Komutan\u0131 Orgeneral Arslan G\u00fcner taraf\u0131ndan kar\u015f\u0131land\u0131. Orgeneral G\u00fcner, Harp Akademileri Komutan\u0131yken Balyoz soru\u015fturmas\u0131 kapsam\u0131nda tutuklanan Orgeneral Bilgin Balanl\u0131&#8217;n\u0131n yerine atand\u0131.<\/p>\n","protected":false},"author":1,"featured_media":0,"comment_status":"open","ping_status":"open","sticky":false,"template":"","format":"standard","meta":{"footnotes":""},"categories":[105],"tags":[],"class_list":["post-49834","post","type-post","status-publish","format-standard","hentry","category-gundem","odd"],"_links":{"self":[{"href":"http:\/\/www.korhanyilmaz.com\/index.php?rest_route=\/wp\/v2\/posts\/49834","targetHints":{"allow":["GET"]}}],"collection":[{"href":"http:\/\/www.korhanyilmaz.com\/index.php?rest_route=\/wp\/v2\/posts"}],"about":[{"href":"http:\/\/www.korhanyilmaz.com\/index.php?rest_route=\/wp\/v2\/types\/post"}],"author":[{"embeddable":true,"href":"http:\/\/www.korhanyilmaz.com\/index.php?rest_route=\/wp\/v2\/users\/1"}],"replies":[{"embeddable":true,"href":"http:\/\/www.korhanyilmaz.com\/index.php?rest_route=%2Fwp%2Fv2%2Fcomments&post=49834"}],"version-history":[{"count":0,"href":"http:\/\/www.korhanyilmaz.com\/index.php?rest_route=\/wp\/v2\/posts\/49834\/revisions"}],"wp:attachment":[{"href":"http:\/\/www.korhanyilmaz.com\/index.php?rest_route=%2Fwp%2Fv2%2Fmedia&parent=49834"}],"wp:term":[{"taxonomy":"category","embeddable":true,"href":"http:\/\/www.korhanyilmaz.com\/index.php?rest_route=%2Fwp%2Fv2%2Fcategories&post=49834"},{"taxonomy":"post_tag","embeddable":true,"href":"http:\/\/www.korhanyilmaz.com\/index.php?rest_route=%2Fwp%2Fv2%2Ftags&post=49834"}],"curies":[{"name":"wp","href":"https:\/\/api.w.org\/{rel}","templated":true}]}}