{"id":49824,"date":"2012-03-23T23:11:17","date_gmt":"2012-03-23T21:11:17","guid":{"rendered":"http:\/\/www.korhanyilmaz.com\/?p=49824"},"modified":"2012-03-24T00:20:37","modified_gmt":"2012-03-23T22:20:37","slug":"g-kore-gezisi-oncesi-erdogandan-onemli-aciklamalar","status":"publish","type":"post","link":"http:\/\/www.korhanyilmaz.com\/?p=49824","title":{"rendered":"G.Kore gezisi \u00f6ncesi Erdo\u011fan&#8217;dan \u00f6nemli a\u00e7\u0131klamalar"},"content":{"rendered":"<p style=\"text-align: center;\"><a href=\"http:\/\/www.korhanyilmaz.com\/wp-content\/uploads\/2012\/03\/A0080.jpg\"  class=\"lightview\"><img loading=\"lazy\" decoding=\"async\" class=\"aligncenter  wp-image-49825\" src=\"http:\/\/www.korhanyilmaz.com\/wp-content\/uploads\/2012\/03\/A0080.jpg\" alt=\"\" width=\"408\" height=\"136\" \/><\/a><\/p>\n<p style=\"text-align: justify;\">Ba\u015fbakan Recep Tayyip Erdo\u011fan aralar\u0131nda M\u0130T M\u00fcste\u015far\u0131 Hakan Fidan ve bakanlar\u0131n bulundu\u011fu bir heyetle Seul\u2019da d\u00fczenlenecek olan N\u00fckleer G\u00fcvenlik Zirvesi\u2019ne kat\u0131lmak \u00fczere G\u00fcney Kore\u2019ye gitti.<\/p>\n<p style=\"text-align: justify;\">\u00d6zel ANA u\u00e7a\u011f\u0131yla ak\u015fam saatlerinde Seul\u2019a giden Ba\u015fbakan Erdo\u011fan\u2019\u0131 Atat\u00fcrk Havaliman\u0131 Devlet Konukevi\u2019nden \u0130stanbul Valisi H\u00fcseyin Avni Mutlu, \u0130stanbul \u0130l Emniyet M\u00fcd\u00fcr\u00fc H\u00fcseyin \u00c7apk\u0131n ve di\u011fer ilgililer u\u011furlad\u0131. Ba\u015fbakan Recep Tayyip Erdo\u011fan\u2019\u0131n Atat\u00fcrk Havaliman\u0131 Devlet Konukevi\u2019nde d\u00fczenledi\u011fi bas\u0131n toplant\u0131s\u0131na M\u0130T M\u00fcste\u015far\u0131 Hakan Fidan dinleyici olarak kat\u0131lmas\u0131 dikkat \u00e7ekti.\u00a0<!--more--><\/p>\n<p style=\"text-align: justify;\"><strong>BAKANLAR DA E\u015eL\u0130K ETT\u0130<\/strong><\/p>\n<p style=\"text-align: justify;\">Ba\u015fbakan Recep Tayyip Erdo\u011fan\u2019a G\u00fcney Kore ziyaretinde Mit M\u00fcste\u015far\u0131 Hakan Fidan, D\u0131\u015fi\u015fleri Bakan\u0131 Ahmet Davuto\u011flu, Enerji ve Tabii Kaynaklar Bakan\u0131 Taner Y\u0131ld\u0131z, Ekonomi Bakan\u0131 Zafer \u00c7a\u011flayan, Ak Parti Genel Ba\u015fkan Yard\u0131mc\u0131s\u0131 \u00d6mer \u00c7elik, Genel Kurmay \u0130kinci Ba\u015fkan\u0131 Hulisi Akar ve \u00e7ok say\u0131da gazeteci e\u015flik etti.<\/p>\n<p style=\"text-align: justify;\"><strong>SEUL Z\u0130YARET\u0130 VE Z\u0130RVE<\/strong><\/p>\n<p style=\"text-align: justify;\">N\u00fckleer G\u00fcvenlik Zirvesi\u2019nin ilki 2010 y\u0131l\u0131nda Washington\u2019da d\u00fczenlendi\u011fini hat\u0131rlatan Ba\u015fbakan Erdo\u011fan, \u201cBenim de kat\u0131ld\u0131\u011f\u0131m ilk n\u00fckleer g\u00fcvenlik zirvesinde yasa d\u0131\u015f\u0131 n\u00fckleer ticaretin ve n\u00fckleer ter\u00f6rizm \u00f6nlenmesi karar\u0131n\u0131 alm\u0131\u015ft\u0131k. Ayr\u0131ca n\u00fckleer maddelerin g\u00fcvenlik ve emniyetinin sa\u011flanmas\u0131 hedeflerine y\u00f6nelik \u00e7abalar\u0131n birle\u015ftirilmesinin karar\u0131n\u0131 alm\u0131\u015ft\u0131k. \u015eimdi Seul\u2019de ger\u00e7ekle\u015fecek bu ikinci zirvede ilk zirveden buraya n\u00fckleer emniyet konular\u0131nda ulusal ve uluslar aras\u0131 d\u00fczeylerde sa\u011flanan geli\u015fmeleri de\u011ferlendirme imk\u00e2n\u0131 bulaca\u011f\u0131z. T\u00fcrkiye olarak bu alanda taraf oldu\u011fumuz uluslar aras\u0131 s\u00f6zle\u015fmelerle \u00fcstlendi\u011fimiz y\u00fck\u00fcml\u00fcl\u00fcklerin bilincindeyiz. Bunlar\u0131n gere\u011fi neyse bunlar\u0131 titizlikle yerine getiriyoruz. Seul zirvesi, T\u00fcrkiye bak\u0131m\u0131ndan bu alanda kaydetti\u011fimiz ilerlemelerin muhasebesine bakmak i\u00e7in bir f\u0131rsat olu\u015fturacakt\u0131r. Zirveye bu \u00e7er\u00e7evede bir ulusal ilerleme raporu da sunaca\u011f\u0131z. \u00d6n\u00fcm\u00fczdeki d\u00f6nemde Seul zirvesinin son sonu\u00e7lar\u0131 \u0131\u015f\u0131\u011f\u0131nda uygulama hedeflerimize odaklanmay\u0131 \u00f6n g\u00f6r\u00fcyoruz. N\u00fckleer maddelerin emniyeti, d\u00fcnyam\u0131z\u0131 daha g\u00fcvenli hale getirme yolunda t\u00fcm insanl\u0131\u011f\u0131n payla\u015fmas\u0131 gereken bir hedeftir. Bu konuda her \u00fclkenin hem ulusal d\u00fczeyde hem de uluslar aras\u0131 planda sorumluluklar\u0131 mevcuttur. Bizde T\u00fcrkiye olarak \u00f6n\u00fcm\u00fczdeki d\u00f6nemde de n\u00fckleer g\u00fcvenlik s\u00fcrecine deste\u011fimizi s\u00fcrd\u00fcrmekte kararl\u0131y\u0131z&#8221; dedi.<\/p>\n<p style=\"text-align: justify;\"><strong>\u0130RAN\u2019A Z\u0130YARET<\/strong><\/p>\n<p style=\"text-align: justify;\">Seul\u2019deki N\u00fckleer G\u00fcvenlik zirvesinin ard\u0131ndan \u0130ran\u2019a bir ziyarette bulunacaklar\u0131n\u0131 belirten Erdo\u011fan \u015funlar\u0131 s\u00f6yledi:<\/p>\n<p style=\"text-align: justify;\">\u201c\u0130ran\u2019da Cumhurba\u015fkan\u0131 Birinci Yard\u0131mc\u0131s\u0131 Muhammed R\u0131za Rahimi\u2019nin yan\u0131 s\u0131ra Cumhurba\u015fkan\u0131 Mahmud Ahmedinejad g\u00f6r\u00fc\u015fmelerde bulunmay\u0131 \u00f6n g\u00f6r\u00fcyoruz. Ziyaret \u00e7er\u00e7evesinde Tahran\u2019daki Yunus Emre K\u00fclt\u00fcr Merkezi\u2019nin a\u00e7\u0131l\u0131\u015f\u0131n\u0131 yapaca\u011f\u0131z. Bu ziyaret \u0130ran\u2019la ikili ili\u015fkilerimizin yan\u0131 s\u0131ra \u00fclkelerimizi yak\u0131nda ilgilendiren b\u00f6lgesel ve uluslar aras\u0131 g\u00fcndem konular\u0131nda g\u00f6r\u00fc\u015f al\u0131\u015fveri\u015finde bulunaca\u011f\u0131z. \u0130ki \u00fclke aras\u0131nda son d\u00f6nemde ger\u00e7ekle\u015fen kar\u015f\u0131l\u0131kl\u0131 ve \u00e7e\u015fitli d\u00fczeylerdeki ziyaretlerin s\u0131kl\u0131\u011f\u0131 ili\u015fkilerimizdeki memnuniyet verici geli\u015fmenin bir yans\u0131mas\u0131d\u0131r. Bunun yan\u0131nda potansiyellerimiz de g\u00f6z \u00f6n\u00fcne al\u0131nd\u0131\u011f\u0131nda ekonomik alanda iran ile birlikte kat edece\u011fimiz daha \u00e7ok mesafer var. Her \u015feyden \u00f6nce petrol ve do\u011fal gaz konusundaki vazge\u00e7ilmezlerimizde konunun ayr\u0131 bir ba\u015fl\u0131\u011f\u0131d\u0131r. Ziyaret s\u0131ras\u0131ndaki temaslarda \u0130ranl\u0131 yetkililerle her iki \u00fclkenin mevcut potansiyellerini en etkin bi\u00e7imde kullan\u0131lmas\u0131 i\u00e7in at\u0131lacak ilave ad\u0131mlar\u0131 ele alaca\u011f\u0131z&#8221;<\/p>\n<p style=\"text-align: justify;\"><strong>&#8220;ATTI\u011eIMIZ ADIMLARI S\u00d6YLED\u0130K&#8221;<\/strong><\/p>\n<p style=\"text-align: justify;\">Seul ve \u0130ran temaslar\u0131 hakk\u0131nda bilgi veren Ba\u015fbakan Recep Tayyip Erdo\u011fan daha sonra gazetecilerin sorular\u0131n\u0131 yan\u0131tlad\u0131. Bug\u00fcn Harp akademileri komutanl\u0131\u011f\u0131nda yap\u0131lan konferans ile ilgili bilgi veren Erdo\u011fan, \u201c<\/p>\n<p style=\"text-align: justify;\">Konu\u015fmalar\u0131m\u0131zdaki genel ba\u015fl\u0131\u011f\u0131m\u0131z \u00f6zellikle b\u00fcy\u00fcyen ve geli\u015fen T\u00fcrkiye ve 2023 hedeflerimizdir. D\u00fcne kadar s\u00fcrekli olarak d\u0131\u015fa ba\u011f\u0131ml\u0131 olan T\u00fcrkiye bug\u00fcn art\u0131k kendi savunma sanayiyle ilgili ihtiya\u00e7lar\u0131n\u0131 kar\u015f\u0131lama noktas\u0131na gelmi\u015ftir. Bizde bu ad\u0131mda att\u0131\u011f\u0131m\u0131z ad\u0131mlar\u0131 geni\u015f bir \u015fekilde anlatt\u0131k&#8221; diye ifade etti.<\/p>\n<p style=\"text-align: justify;\"><strong>&#8220;YAZI DAHA BANA GELMED\u0130&#8221;<\/strong><\/p>\n<p style=\"text-align: justify;\">Bir gazetecinin, \u201cM\u0130T m\u00fcste\u015far\u0131 Hakan Fidan ve di\u011fer M\u0130T g\u00f6revlilerin ifadeye \u00e7a\u011f\u0131r\u0131lmas\u0131 ile ilgili ba\u015flayan s\u00fcre\u00e7te d\u00fcn Yarg\u0131tay ba\u015fkan\u0131n\u0131n \u201c\u0130zin ba\u015fvurusu bize gelirse esasl\u0131 bir inceleme yap\u0131labilir&#8221; a\u00e7\u0131klamalar\u0131 sorulmas\u0131 \u00fczerine Erdo\u011fan, \u201cTabi bu konuyla ilgili olarak art\u0131k \u00e7\u0131kan yasa belli. Bu yasa \u00e7er\u00e7evesinde de bana gelen herhangi bir yaz\u0131 yok. Bir yaz\u0131 geldi\u011fi zaman tabi Ba\u015fbakan\u0131n iznine tabii oldu\u011fu a\u00e7\u0131k ortada. Dolay\u0131s\u0131yla bana gelen yaz\u0131y\u0131 g\u00f6rece\u011fim ve yaz\u0131y\u0131 g\u00f6rd\u00fckten sonra tak\u0131naca\u011f\u0131m tav\u0131r ortad\u0131r bellidir. Bundan sonra nas\u0131l bir s\u00fcre\u00e7 olu\u015fur o ayr\u0131 bir mesele&#8221; diye konu\u015ftu.<\/p>\n<p style=\"text-align: justify;\"><strong>&#8220;ARABULUCULU\u011eA HAZIRIZ&#8221;<\/strong><\/p>\n<p style=\"text-align: justify;\">Bir bas\u0131n mensubunun, \u201cN\u00fckleer g\u00fcvenlik konusunda T\u00fcrkiye\u2019nin \u0130ran\u2019la bat\u0131 aras\u0131nda bir arabulucuk giri\u015fimi s\u00f6z konusu mu? sorusu \u00fczerine Erdo\u011fan \u015funlar\u0131 s\u00f6yledi:<\/p>\n<p style=\"text-align: justify;\">\u201cO zaten hep g\u00fcndemimizde ve \u015fuanda da \u0130ran, \u00f6zellikle \u0130stanbul b\u00f6yle bir zirvenin yap\u0131lmas\u0131n\u0131 oda kabul ediyor. Onlar\u0131n b\u00f6yle bir teklifi olmu\u015ftur. Bizim arabuluculuk noktas\u0131ndaki teklifimiz zaten kendilerine daha \u00f6nceden yap\u0131ld\u0131. Ama Nihai karar\u0131 burada taraflar verecektir. E\u011fer T\u00fcrkiye\u2019yi arabulucu olarak kabul ederler \u0130stanbul\u2019da b\u00f6yle bir zirveyi ger\u00e7ekle\u015ftirmeyi arzu ederlerse biz buna haz\u0131r\u0131z.<\/p>\n<p style=\"text-align: justify;\"><strong>&#8220;\u00d6RG\u00dcTLE ASLA G\u00d6R\u00dc\u015eME YAPMAYIZ&#8221;<\/strong><\/p>\n<p style=\"text-align: justify;\">H\u00fck\u00fcmetin son zamanlarda ter\u00f6rle m\u00fccadele konusunda nas\u0131l bir yol haritas\u0131 hakk\u0131nda da bilgi veren Erdo\u011fan, \u201c Bu bizim h\u00fck\u00fcmetin ana stratejisidir. Ter\u00f6r \u00f6rg\u00fct\u00fc ile sonuna kadar m\u00fccadele, siyasi uzant\u0131s\u0131yla da m\u00fczakare. Biz buna haz\u0131r oldu\u011fumuzu s\u00f6yledik. Tabi\u00ee ki ter\u00f6r \u00f6rg\u00fct\u00fcyle kalk\u0131p bizler siyasi irade olarak herhangi bir masada asla ve katta g\u00f6r\u00fc\u015fme yapmay\u0131z. Fakat parlamento \u00e7at\u0131s\u0131 alt\u0131nda olan uzant\u0131lar\u0131 diyece\u011fim art\u0131k \u00e7\u00fcnk\u00fc biliyorsunuz onlarla bu g\u00fcne kadar arkada\u015flar\u0131m\u0131z\u0131n g\u00f6r\u00fc\u015fmeleri olmu\u015ftur. Bundan sonra biz yine onlarla g\u00f6r\u00fc\u015fme yapar\u0131z. Ama d\u00fcr\u00fcst davrand\u0131klar\u0131 s\u00fcrece. E\u011fer onlarda d\u00fcr\u00fcst davranmazsa onlarla da tabi\u00ee ki g\u00f6r\u00fc\u015fecek de\u011filiz. Bizim derdimiz \u00e7\u00f6z\u00fcmd\u00fcr. Kendi iradeleri yoksa. Kendi iradelerini kullanam\u0131yorlarsa, kendi adlar\u0131na konu\u015fam\u0131yorlarsa \u0130mral\u0131\u2019n\u0131n ve kandilin a\u011fz\u0131yla konu\u015fuyorlarsa g\u00fcn gele art\u0131k onlar\u0131 da bunlar\u0131 konu\u015famaz duruma geliriz&#8221; \u015feklinde konu\u015ftu.<\/p>\n<p style=\"text-align: justify;\">CHP\u2019YE Y\u00dcKLEND\u0130<\/p>\n<p style=\"text-align: justify;\">Bir bas\u0131n mensubunun, \u201c4+4+4 genel kurulundan ge\u00e7mesi halinde CHP Lideri K\u0131l\u0131\u00e7daro\u011flu biz halka gidece\u011fiz diye bir a\u00e7\u0131klamas\u0131 oldu. Bunu nas\u0131l de\u011ferlendiriyorsunuz&#8221; sorusu \u00fczerine Erdo\u011fan, \u201cBiz halk\u0131n i\u00e7inden geldik. Zaten halk bizden bunu istedi. Onlar halka gitmeye \u00e7ok gecikmi\u015fler varsa halka gitsinler biz yeni bir \u015fey icat etmiyoruz. Olmas\u0131 gereken halk\u0131n bizden istedi\u011fidir. Bu bir e\u011fitim \u015furas\u0131n\u0131n da bir karard\u0131r. E\u011fitim \u015furas\u0131n\u0131n karar\u0131 olarak \u015fuanda T\u00fcrkiye tarihinde g\u00f6rmedi\u011fi s\u0131\u00e7ramay\u0131 e\u011fitimde yapm\u0131\u015ft\u0131r. Son 9 y\u0131l i\u00e7erisinde at\u0131lan ad\u0131mlar ortadad\u0131r. B\u00fct\u00fcn fiziki imkanlardan tutun, milli e\u011fitime ay\u0131rd\u0131\u011f\u0131m\u0131z b\u00fct\u00e7eye kadar yapt\u0131\u011f\u0131m\u0131z dersliklere var\u0131ncaya kadar en ucra k\u00f6\u015felere uzanan e\u011fitim anlay\u0131\u015f\u0131m\u0131z var. Eksiklerimiz yok mu vard\u0131r. Ama bizden \u00f6nceki d\u00f6nemlerle mukayese edilmeyecek kadar ilerideyiz. Yap\u0131lan spek\u00fclasyonlar\u0131n hepsi yaland\u0131r. \u015euan da 4+4+4\u2019le biz bir defa anaokullar\u0131n\u0131 okul \u00f6ncesi e\u011fitimi y\u00fczde 11\u2019den ald\u0131k y\u00fczde 43\u2019e \u00e7\u0131kard\u0131k geri giden e\u011fitim bu mu? Niye bizden \u00f6nce on y\u0131llarca 11\u2019de kald\u0131lar. Biz \u015fimdi 60 ayda ba\u015fl\u0131yoruz ve bundan sonraki s\u00fcrecide 4 y\u0131l olarak 60 ay taban 72 ay tavan olmak \u00fczere. Bu arada s\u00fcreci ba\u015flat\u0131yoruz. 12 y\u0131l zorunlu bir e\u011fitim getiriyoruz. Ancak ilk d\u00f6rten sonra bir tercih ortaya koyuyoruz. Yani kesintili yani kesintisizde bu \u00fclkede \u00e7ok ciddi bir operasyon yapt\u0131lar. Bu operasyonla bu \u00fclkenin k\u0131z evlatlar\u0131 okula gitmekten mahrum edildi. E\u015fimle birlikte biz \u015eanl\u0131urfa\u2019da haydi k\u0131zlar okula kampanyas\u0131n\u0131 ba\u015flatt\u0131k. O zaman okuma yazma bilmeyen k\u0131z ve kad\u0131nlar\u0131m\u0131z\u0131n say\u0131s\u0131 700 bini a\u015fm\u0131\u015ft\u0131. Ama \u015fimdi 300 bin a\u015fk\u0131n okuma yazma bilen oradan bayan say\u0131s\u0131nda eksilme oldu. biz bu i\u015fi yap\u0131yoruz, beyfendiler de bu i\u015fi engellemek i\u00e7in ellerinden geleni yap\u0131yorlar&#8221; dedi.<\/p>\n<p style=\"text-align: justify;\"><strong>&#8220;OYUNA GELMEYECE\u011e\u0130Z&#8221;<\/strong><\/p>\n<p style=\"text-align: justify;\">CHP\u2019ye y\u00fcklenen Ba\u015fbakan Erdo\u011fan konu\u015fmas\u0131nda \u015funlar\u0131 da s\u00f6yledi: \u201cEntelekt\u00fcellere sayg\u0131lar\u0131 oldu\u011funu s\u00f6yl\u00fcyorlar. Bunlar\u0131n Entelekt\u00fcellere sayg\u0131s\u0131 falan yok Entelekt\u00fcellere sayg\u0131s\u0131 olan\u0131n kalk\u0131p da elindekini komisyon ba\u015fkan\u0131 Nabi Avc\u0131\u2019ya f\u0131rlatmazlard\u0131. Hemen yan\u0131 ba\u015f\u0131ndan ge\u00e7ti y\u00fcz\u00fcnde patlayabilirdi. Bumu entelekt\u00fcellere sayg\u0131s\u0131 olan, bu mu komisyon ba\u015fkan\u0131na sayg\u0131s\u0131 olmak. E\u011fer milli iradeye sayg\u0131n varsa gelip oraya konu\u015fman\u0131 yapars\u0131n bunun meclis i\u00e7 t\u00fcz\u00fc\u011f\u00fcnde \u015fart\u0131 bellidir. Genel kurulda konu\u015fman\u0131 yapars\u0131n ama ben bunu \u00e7\u0131kartmayaca\u011f\u0131m dersen senin milli iradeye sayg\u0131n yoktur. \u00c7\u00fcnk\u00fc milli irede ortaya bir tablo koymu\u015ftur. Orada konu\u015fmalar yap\u0131l\u0131r, tart\u0131\u015fmalar yap\u0131l\u0131r a\u00e7\u0131k oy kapal\u0131 oylama yap\u0131l\u0131r bunun neticesini de katlanmak zorunda kal\u0131rs\u0131n. Demokrasi biraz sayg\u0131d\u0131r. Demokrasi tekme tokat eline ne gelirse sald\u0131rmak de\u011fildir. Ama CHP zihneyitinde bu var. Bunlar oldu\u011fu i\u00e7in bunlarla engelleme yoluna gitmi\u015ftir. Tarihleri hep b\u00f6yle ama Ak Parti\u2019nin tarihi b\u00f6yle de\u011fildir. Bu oyuna gelmeyece\u011fiz. Onlar hangi dilden anlarsa o dilden muamele etmesine biliriz. Meclis genel kurulunda at\u0131lmas\u0131 gereken ad\u0131mlar at\u0131lacakt\u0131r. Kendilerini gerekli itirazlar\u0131 TBMM Ba\u015fkan\u0131na sunmu\u015ftur. Meclis ba\u015fkan\u0131 onlar\u0131n yazd\u0131\u011f\u0131 dilek\u00e7eleri ek yaparak komisyon ba\u015fkan\u0131na g\u00f6ndermi\u015ftir. Komisyon ba\u015fkan\u0131m\u0131z gereken de\u011ferlendirmeyi yapm\u0131\u015f. \u00dclkemizin i\u00e7in hay\u0131rl\u0131 olsun&#8221;<\/p>\n<p style=\"text-align: justify;\"><strong>&#8220;BUNU ER YADA GE\u00c7 BA\u015eARACA\u011eIZ&#8221;<\/strong><\/p>\n<p style=\"text-align: justify;\">MHP Lideri Devlet Ba\u015fkan\u0131 ter\u00f6rle m\u00fccadele konusunda Kuzey Irak\u2019a bir harekat istiyoruz a\u00e7\u0131klamalar\u0131n\u0131n kendisine hat\u0131rlat\u0131lmas\u0131 \u00fczerine Erdo\u011fan konu\u015fmas\u0131n\u0131 \u015f\u00f6yle tamamlad\u0131:<\/p>\n<p style=\"text-align: justify;\">\u201c Ben say\u0131n Bah\u00e7eli\u2019ye daha \u00f6ncede s\u00f6yledim. Biz bu g\u00fcne kadar Kuzey \u0131rak\u2019a zaten harekat yap\u0131lmas\u0131 gereken zamanlarda yapt\u0131k. Bundan sonra da ne zaman bir harekat gerekirse bir o harekat\u0131 TSK\u2019lerimizle de\u011ferlendirmeleri yap\u0131yoruz. Genelkurmay Ba\u015fkan\u0131m\u0131zla s\u00fcrekli bu konular\u0131 de\u011ferlendiriyoruz. E\u011fer bu konuda istihbar\u0131 bir bilgi gelmi\u015fse geldi\u011fi anda b\u00f6yle bir operasyon gerekirse bunu yapar\u0131z. Say\u0131n bah\u00e7eli merak etmesin bak\u0131n \u015fuanda Cudi da\u011flar\u0131nda kar k\u0131\u015f oralarda bug\u00fcne kadar olmayan \u015feyler oluyor. Jandarmam\u0131z polisle el ele m\u00fccadele veriyorlar. 7 \u015fehit verdik. Bu 7 \u015fehidin kar\u015f\u0131s\u0131nda Cudi da\u011f\u0131nda 8 tane sa\u011f ve \u00f6l\u00fc PKK\u2019l\u0131 ele ge\u00e7ti. Bitlis\u2019te de 5 ter\u00f6rist, Siirt\u2019te 2 ter\u00f6rist etkisiz hale getirildi. Az \u00f6nce s\u00f6yledim. B\u00f6l\u00fcc\u00fc ter\u00f6r \u00f6rg\u00fct\u00fcyle bu m\u00fccadelemiz s\u00fcrecektir. Ama bizimde m\u00fczakereye gelmek isteyen siyasi muhataplar\u0131yla bunlar\u0131n siyasi olarak de\u011ferlendirmesi yapar\u0131z ama irade koyabileceklerini g\u00f6rmemiz laz\u0131m. Kendi adlar\u0131na da konu\u015fmalar\u0131 laz\u0131m. Cudi da\u011f\u0131ndaki m\u00fccadelenin arkas\u0131nda hangi irade var. Burada \u015fehitlerimizde oluyor. Tabi\u00ee ki i\u00e7imizde kan a\u011fl\u0131yor. Bu m\u00fccadelenin maalesef istesek de istemesek de bir bedeli oluyor. Ama sonunda er yada ge\u00e7 in\u015fallah bu i\u015fi biz ba\u015faraca\u011f\u0131z&#8221;<\/p>\n<p style=\"text-align: justify;\">[flv]http:\/\/www.dha.com.tr\/newpics\/news\/230320122247039780873.flv[\/flv]<\/p>\n<p style=\"text-align: justify;\"><a href=\"http:\/\/www.dha.com.tr\/basbakan-erdogandan-guney-kore-gezisi-oncesi-ataturk-havalimaninda-onemli-aciklamalar-sosyalmedya-son-dakika-haberi-muhalifgazete_289759.html\" target=\"_blank\">Kaynak : Murat \u00c7AKIR- \u0130STANBUL- DHA<\/a><\/p>\n","protected":false},"excerpt":{"rendered":"<p style=\"text-align: center;\">\n<p style=\"text-align: justify;\">Ba\u015fbakan Recep Tayyip Erdo\u011fan aralar\u0131nda M\u0130T M\u00fcste\u015far\u0131 Hakan Fidan ve bakanlar\u0131n bulundu\u011fu bir heyetle Seul\u2019da d\u00fczenlenecek olan N\u00fckleer G\u00fcvenlik Zirvesi\u2019ne kat\u0131lmak \u00fczere G\u00fcney Kore\u2019ye gitti.<\/p>\n<p style=\"text-align: justify;\">\u00d6zel ANA u\u00e7a\u011f\u0131yla ak\u015fam saatlerinde Seul\u2019a giden Ba\u015fbakan Erdo\u011fan\u2019\u0131 Atat\u00fcrk Havaliman\u0131 Devlet Konukevi\u2019nden \u0130stanbul Valisi H\u00fcseyin Avni Mutlu, \u0130stanbul \u0130l Emniyet M\u00fcd\u00fcr\u00fc H\u00fcseyin <\/p>\n","protected":false},"author":1,"featured_media":0,"comment_status":"open","ping_status":"open","sticky":false,"template":"","format":"standard","meta":{"footnotes":""},"categories":[105],"tags":[],"class_list":["post-49824","post","type-post","status-publish","format-standard","hentry","category-gundem","odd"],"_links":{"self":[{"href":"http:\/\/www.korhanyilmaz.com\/index.php?rest_route=\/wp\/v2\/posts\/49824","targetHints":{"allow":["GET"]}}],"collection":[{"href":"http:\/\/www.korhanyilmaz.com\/index.php?rest_route=\/wp\/v2\/posts"}],"about":[{"href":"http:\/\/www.korhanyilmaz.com\/index.php?rest_route=\/wp\/v2\/types\/post"}],"author":[{"embeddable":true,"href":"http:\/\/www.korhanyilmaz.com\/index.php?rest_route=\/wp\/v2\/users\/1"}],"replies":[{"embeddable":true,"href":"http:\/\/www.korhanyilmaz.com\/index.php?rest_route=%2Fwp%2Fv2%2Fcomments&post=49824"}],"version-history":[{"count":0,"href":"http:\/\/www.korhanyilmaz.com\/index.php?rest_route=\/wp\/v2\/posts\/49824\/revisions"}],"wp:attachment":[{"href":"http:\/\/www.korhanyilmaz.com\/index.php?rest_route=%2Fwp%2Fv2%2Fmedia&parent=49824"}],"wp:term":[{"taxonomy":"category","embeddable":true,"href":"http:\/\/www.korhanyilmaz.com\/index.php?rest_route=%2Fwp%2Fv2%2Fcategories&post=49824"},{"taxonomy":"post_tag","embeddable":true,"href":"http:\/\/www.korhanyilmaz.com\/index.php?rest_route=%2Fwp%2Fv2%2Ftags&post=49824"}],"curies":[{"name":"wp","href":"https:\/\/api.w.org\/{rel}","templated":true}]}}