{"id":49816,"date":"2012-03-23T12:39:51","date_gmt":"2012-03-23T10:39:51","guid":{"rendered":"http:\/\/www.korhanyilmaz.com\/?p=49816"},"modified":"2012-03-23T21:42:23","modified_gmt":"2012-03-23T19:42:23","slug":"444-cicekten-gecti","status":"publish","type":"post","link":"http:\/\/www.korhanyilmaz.com\/?p=49816","title":{"rendered":"4+4+4 \u00c7i\u00e7ek&#8217;ten ge\u00e7ti"},"content":{"rendered":"<p style=\"text-align: center;\"><a href=\"http:\/\/www.korhanyilmaz.com\/wp-content\/uploads\/2012\/03\/A0078.jpg\"  class=\"lightview\"><img loading=\"lazy\" decoding=\"async\" class=\"aligncenter  wp-image-49817\" src=\"http:\/\/www.korhanyilmaz.com\/wp-content\/uploads\/2012\/03\/A0078.jpg\" alt=\"\" width=\"380\" height=\"218\" \/><\/a><\/p>\n<p style=\"text-align: justify;\">Meclis Ba\u015fkan\u0131 \u00c7i\u00e7ek, 4+4+4 teklifini Genel Kurul&#8217;a g\u00f6nderdi. CHP ise Dan\u0131\u015fma Kurulu toplant\u0131lar\u0131na kat\u0131lmayaca\u011f\u0131n\u0131 a\u00e7\u0131klad\u0131.<\/p>\n<p style=\"text-align: justify;\">TBMM Ba\u015fkan\u0131 Cemil \u00c7i\u00e7ek zorunlu e\u011fitimi kesintili olarak 12 y\u0131la \u00e7\u0131karan &#8216;4+4+4&#8217; teklifini TBMM Genel Kurulu\u2019na g\u00f6nderdi.<\/p>\n<p style=\"text-align: justify;\">&#8216;Gen\u00e7 Anayasa \u00c7al\u0131\u015ftay\u0131&#8217;n\u0131n a\u00e7\u0131l\u0131\u015f\u0131na kat\u0131lan TBMM Ba\u015fkan\u0131 Cemil \u00c7i\u00e7ek konuyla ilgili a\u00e7\u0131klamalarda da bulundu.\u00a0<!--more--><\/p>\n<p style=\"text-align: justify;\">H\u00fck\u00fcmlerin farkl\u0131 yorumlanmas\u0131 halinde nihai karar\u0131n ba\u011flanaca\u011f\u0131 en yetkili organ\u0131n Genel Kurul olarak g\u00f6z\u00fckt\u00fc\u011f\u00fcn\u00fc belirten Cemil \u00c7i\u00e7ek, &#8220;Ge\u00e7mi\u015fte b\u00f6yle olmu\u015ftur. Bir k\u0131s\u0131m i\u00e7t\u00fcz\u00fck h\u00fck\u00fcmlerine uyulmad\u0131\u011f\u0131 s\u00f6z konusu oldu\u011funu da komisyona sorulmu\u015ftur. Komisyon benim yapt\u0131\u011f\u0131m do\u011frudur diyorsa Meclis Ba\u015fkan\u0131, raporu Genel Kurul&#8217;a g\u00f6ndermekten ba\u015fka bug\u00fcne kadar bir i\u015flem yapmam\u0131\u015ft\u0131r. Komisyon ba\u015fkan\u0131 bizim yapt\u0131\u011f\u0131m\u0131z do\u011frudur sizin de yetkiniz yoktur diyor. Bunun karar ba\u011flanaca\u011f\u0131 yer Genel Kurul&#8217;dur&#8221; dedi.<\/p>\n<p style=\"text-align: justify;\"><strong>CHP TOPLANTILARA KATILMAYACAK<\/strong><\/p>\n<p style=\"text-align: justify;\">Bu arada CHP Grup Ba\u015fkanvekili Akif Hamza\u00e7ebi, TBMM Dan\u0131\u015fma Kurulu toplant\u0131lar\u0131na kat\u0131lmayacaklar\u0131n\u0131 bildirdi.<\/p>\n<p style=\"text-align: justify;\">Hamza\u00e7ebi, TBMM&#8217;de d\u00fczenledi\u011fi bas\u0131n toplant\u0131s\u0131nda, zorunlu e\u011fitimi 12 y\u0131la \u00e7\u0131karan kanun teklifiyle ilgili Meclis Ba\u015fkan\u0131&#8217;na yapt\u0131klar\u0131 ba\u015fvuruyu hat\u0131rlatt\u0131. Hamza\u00e7ebi, &#8220;O da hukuksuzlu\u011fun mimar\u0131 olan Komisyon Ba\u015fkan\u0131&#8217;na havale ediyor. Komisyon Ba\u015fkan\u0131&#8217;ndan ilk g\u00fcnk\u00fc tutumundan farkl\u0131 bir tutum beklemiyoruz. Meclis Ba\u015fkan\u0131&#8217;ndan akil adam konumunda olmas\u0131n\u0131 istedik. Say\u0131n Ba\u015fkan bug\u00fcn itibariyle akil adam konumunda olmayaca\u011f\u0131n\u0131, aciz adam konumunda olaca\u011f\u0131n\u0131 kamuoyuna ilan etmi\u015ftir&#8221; dedi.<\/p>\n<p style=\"text-align: justify;\">TBMM Ba\u015fkan\u0131 \u00c7i\u00e7ek ve Komisyon Ba\u015fkan\u0131 Avc\u0131&#8217;n\u0131n, &#8220;sanal demokrat&#8221; oldu\u011funu s\u00f6yleyen Hamza\u00e7ebi, &#8220;Say\u0131n Cemil \u00c7i\u00e7ek, kendisini tart\u0131\u015fmaya a\u00e7m\u0131\u015ft\u0131r. CHP a\u00e7\u0131s\u0131ndan Say\u0131n \u00c7i\u00e7ek, g\u00fcvenilirli\u011fini, itibar\u0131n\u0131 kaybetmi\u015ftir&#8221; dedi.<\/p>\n<p style=\"text-align: justify;\"><a href=\"http:\/\/www.ntvmsnbc.com\/id\/25333223\/\" target=\"_blank\">Kaynak : NTVMSNBC<\/a><\/p>\n","protected":false},"excerpt":{"rendered":"<p style=\"text-align: center;\">\n<p style=\"text-align: justify;\">Meclis Ba\u015fkan\u0131 \u00c7i\u00e7ek, 4+4+4 teklifini Genel Kurul&#8217;a g\u00f6nderdi. CHP ise Dan\u0131\u015fma Kurulu toplant\u0131lar\u0131na kat\u0131lmayaca\u011f\u0131n\u0131 a\u00e7\u0131klad\u0131.<\/p>\n<p style=\"text-align: justify;\">TBMM Ba\u015fkan\u0131 Cemil \u00c7i\u00e7ek zorunlu e\u011fitimi kesintili olarak 12 y\u0131la \u00e7\u0131karan &#8216;4+4+4&#8217; teklifini TBMM Genel Kurulu\u2019na g\u00f6nderdi.<\/p>\n<p style=\"text-align: justify;\">&#8216;Gen\u00e7 Anayasa \u00c7al\u0131\u015ftay\u0131&#8217;n\u0131n a\u00e7\u0131l\u0131\u015f\u0131na kat\u0131lan TBMM Ba\u015fkan\u0131 Cemil \u00c7i\u00e7ek konuyla ilgili a\u00e7\u0131klamalarda da bulundu. <\/p>\n","protected":false},"author":1,"featured_media":0,"comment_status":"open","ping_status":"open","sticky":false,"template":"","format":"standard","meta":{"footnotes":""},"categories":[105],"tags":[],"class_list":["post-49816","post","type-post","status-publish","format-standard","hentry","category-gundem","odd"],"_links":{"self":[{"href":"http:\/\/www.korhanyilmaz.com\/index.php?rest_route=\/wp\/v2\/posts\/49816","targetHints":{"allow":["GET"]}}],"collection":[{"href":"http:\/\/www.korhanyilmaz.com\/index.php?rest_route=\/wp\/v2\/posts"}],"about":[{"href":"http:\/\/www.korhanyilmaz.com\/index.php?rest_route=\/wp\/v2\/types\/post"}],"author":[{"embeddable":true,"href":"http:\/\/www.korhanyilmaz.com\/index.php?rest_route=\/wp\/v2\/users\/1"}],"replies":[{"embeddable":true,"href":"http:\/\/www.korhanyilmaz.com\/index.php?rest_route=%2Fwp%2Fv2%2Fcomments&post=49816"}],"version-history":[{"count":0,"href":"http:\/\/www.korhanyilmaz.com\/index.php?rest_route=\/wp\/v2\/posts\/49816\/revisions"}],"wp:attachment":[{"href":"http:\/\/www.korhanyilmaz.com\/index.php?rest_route=%2Fwp%2Fv2%2Fmedia&parent=49816"}],"wp:term":[{"taxonomy":"category","embeddable":true,"href":"http:\/\/www.korhanyilmaz.com\/index.php?rest_route=%2Fwp%2Fv2%2Fcategories&post=49816"},{"taxonomy":"post_tag","embeddable":true,"href":"http:\/\/www.korhanyilmaz.com\/index.php?rest_route=%2Fwp%2Fv2%2Ftags&post=49816"}],"curies":[{"name":"wp","href":"https:\/\/api.w.org\/{rel}","templated":true}]}}