{"id":49811,"date":"2012-03-23T16:54:02","date_gmt":"2012-03-23T14:54:02","guid":{"rendered":"http:\/\/www.korhanyilmaz.com\/?p=49811"},"modified":"2012-03-23T21:24:14","modified_gmt":"2012-03-23T19:24:14","slug":"arinctan-chpye-ictuzuk-uyarisi","status":"publish","type":"post","link":"http:\/\/www.korhanyilmaz.com\/?p=49811","title":{"rendered":"Ar\u0131n\u00e7&#8217;tan CHP&#8217;ye &#8221;i\u00e7t\u00fcz\u00fck&#8221; uyar\u0131s\u0131"},"content":{"rendered":"<p style=\"text-align: center;\"><a href=\"http:\/\/www.korhanyilmaz.com\/wp-content\/uploads\/2012\/03\/A0077.jpg\"  class=\"lightview\"><img loading=\"lazy\" decoding=\"async\" class=\"aligncenter  wp-image-49812\" src=\"http:\/\/www.korhanyilmaz.com\/wp-content\/uploads\/2012\/03\/A0077.jpg\" alt=\"\" width=\"322\" height=\"241\" \/><\/a><\/p>\n<p style=\"text-align: justify;\">Ba\u015fbakan Yard\u0131mc\u0131s\u0131 B\u00fclent Ar\u0131n\u00e7, CHP&#8217;nin Sal\u0131 g\u00fcn\u00fc Tando\u011fan Meydan\u0131&#8217;nda yapaca\u011f\u0131 grup toplant\u0131s\u0131na ili\u015fkin, CHP lideri Kemal K\u0131l\u0131\u00e7daro\u011flu&#8217;na seslenerek &#8220;Anayasa ve i\u00e7t\u00fcz\u00fc\u011f\u00fc biliyorsan\u0131z grup toplant\u0131s\u0131n\u0131 parlamento d\u0131\u015f\u0131nda yapamazs\u0131n\u0131z&#8221; dedi.<\/p>\n<p style=\"text-align: justify;\">\u0130stanbul- Ba\u015fbakan Yard\u0131mc\u0131s\u0131 B\u00fclent Ar\u0131n\u00e7, \u00c7ankaya \u00dcniversitesi siyaset bilimi ve uluslararas\u0131 ili\u015fkiler \u00f6\u011frencilerini Ba\u015fbakanl\u0131k Merkez Bina&#8217;da kabul etti.\u00a0<!--more--><\/p>\n<p style=\"text-align: justify;\">Ar\u0131n\u00e7, CHP&#8217;nin Sal\u0131 g\u00fcn\u00fc Tando\u011fan Meydan\u0131&#8217;nda yapaca\u011f\u0131 grup toplant\u0131s\u0131 ile ilgili olarak a\u00e7\u0131klamalarda bulundu.<\/p>\n<p style=\"text-align: justify;\">CNN T\u00fcrk&#8217;\u00fcn haberine g\u00f6re Ar\u0131n\u00e7, &#8220;Grup toplant\u0131s\u0131 yapaca\u011f\u0131z&#8221; derseniz millet size g\u00fcler.Siyaset\u00e7i s\u00f6yleyece\u011fi s\u00f6z iyi bilecek. Bu s\u00f6z\u00fcn Anayasa, i\u00e7t\u00fcz\u00fck ve Siyasi Partiler Yasas\u0131&#8217;nca nas\u0131l kar\u015f\u0131land\u0131\u011f\u0131n\u0131 da s\u00f6yleyecektir. Heyecanlar\u0131na ba\u011f\u0131\u015flayal\u0131m \u015fimdilik&#8221; diye konu\u015ftu.<\/p>\n<p style=\"text-align: justify;\">&#8220;Anayasa ve i\u00e7t\u00fcz\u00fc\u011f\u00fc biliyorsan\u0131z grup toplant\u0131s\u0131n\u0131 parlamento d\u0131\u015f\u0131nda yapamazs\u0131n\u0131z&#8221; diyen B\u00fclent Ar\u0131n\u00e7, &#8220;TBMM Ba\u015fkanl\u0131\u011f\u0131 yapt\u0131\u011f\u0131m i\u00e7in biliyorum. G\u00fcrsel Tekin yeni milletvekili oldu. Belki i\u00e7t\u00fcz\u00fc\u011f\u00fc a\u00e7\u0131p okumam\u0131\u015f olabilir. \u0130\u00e7t\u00fcz\u00fckte Meclis&#8217;te siyasi partilerin yapaca\u011f\u0131 grup toplant\u0131lar\u0131 Meclis \u00e7al\u0131\u015fmalar\u0131dan say\u0131l\u0131r ve dokunulmazl\u0131k kapsam\u0131 i\u00e7indedir. Meclis \u00e7at\u0131s\u0131 alt\u0131nda yap\u0131lan bir grup toplant\u0131s\u0131 kim ne s\u00f6ylerse s\u00f6ylesin k\u00fcrs\u00fc dokunulmazl\u0131\u011f\u0131 vard\u0131r. S\u00f6zlerinden sorumlu de\u011fildir. Ancak komisyonlar Meclis Ba\u015fkan\u0131&#8217;n\u0131n karar vermesi halinde Ankara d\u0131\u015f\u0131nda \u00e7al\u0131\u015fabilir&#8221; \u015feklinde konu\u015ftu.<\/p>\n<p style=\"text-align: justify;\"><strong>&#8220;Ayn\u0131 \u015feyi BDP de yapt\u0131&#8221;\u00a0<\/strong><\/p>\n<p style=\"text-align: justify;\">Grup toplant\u0131lar\u0131n\u0131n mutlaka Meclis&#8217;in ana binas\u0131 ve eklentilerinde olmak mecburiyetinde oldu\u011funu belirten Ar\u0131n\u00e7, bunu bir genel ba\u015fkan\u0131n\u0131 bilmesi gerekti\u011fini ifade etti.<\/p>\n<p style=\"text-align: justify;\">Ar\u0131n\u00e7 \u015funlar\u0131 s\u00f6yledi:<\/p>\n<p style=\"text-align: justify;\">&#8220;Genel Ba\u015fkan bunu biliyorsa buna g\u00f6re hareket etmesi laz\u0131m. Ama &#8216;Grup toplant\u0131s\u0131n\u0131 Tando\u011fan Meydan\u0131&#8217;nda yapaca\u011f\u0131z&#8217; diyorlar. Ayn\u0131 \u015feyi BDP&#8217;de yapt\u0131. Se\u00e7imlerden sonra &#8216;Biz yemin etmeyece\u011fiz ve grup toplant\u0131lar\u0131n\u0131 bundan sonra Diyarbak\u0131r&#8217;da yapaca\u011f\u0131z&#8217; dediler. Bende &#8216;Diyarbak\u0131r&#8217;da olsa olsa toplan\u0131r, oturur, \u00e7ay i\u00e7ersiniz. Sizin yapt\u0131\u011f\u0131n\u0131z toplant\u0131 grup toplant\u0131s\u0131 olmaz&#8217; dedim. \u0130nand\u0131lar geldiler ve Meclis&#8217;te yemin ettiler.&#8221;<\/p>\n<p style=\"text-align: justify;\"><strong>&#8220;Millet size g\u00fcler&#8221;\u00a0<\/strong><\/p>\n<p style=\"text-align: justify;\">Ba\u015fbakan Yard\u0131mc\u0131s\u0131 B\u00fclent Ar\u0131n\u00e7, &#8220;K\u0131l\u0131\u00e7daro\u011flu ve G\u00fcrsel Tekin&#8217;e \u015funu s\u00f6ylemek laz\u0131m. &#8216;Siz, Tando\u011fan&#8217;da grup toplant\u0131s\u0131 yapamazs\u0131n\u0131z. Siz olsa olsa miting yapars\u0131n\u0131z. Bu da sizin yasal hakk\u0131n\u0131zd\u0131r. Parti ad\u0131na ba\u015fvurur ve istedi\u011finiz yerde toplant\u0131 ve miting yapabilirsiniz.&#8217; &#8216;Biz art\u0131k Meclis&#8217;te de\u011fil halk\u0131n i\u00e7inde olaca\u011f\u0131z ve Sal\u0131 g\u00fcn\u00fc Tando\u011fan Meydan\u0131&#8217;nda bir miting yaparak halk\u0131m\u0131za 4+4+4 teklifinin ne oldu\u011funu anlat\u0131caz&#8217; demeleri gerekir. &#8216;Grup toplant\u0131s\u0131 yapaca\u011f\u0131z&#8217; derseniz millet size g\u00fcler&#8221; dedi.<\/p>\n<p style=\"text-align: justify;\">Ar\u0131n\u00e7 ayr\u0131ca, &#8220;Bir parti grup toplant\u0131s\u0131n\u0131 (Grup toplant\u0131s\u0131 i\u00e7in en az 20 milletvekili ihtiya\u00e7 vard\u0131r) istedi\u011finiz g\u00fcn ama Meclis \u00e7at\u0131s\u0131 alt\u0131nda yapars\u0131n\u0131z. &#8216;Manisa&#8217;da Mesir Alan\u0131&#8217;nda, \u0130zmir&#8217;de Konak Meydan\u0131&#8217;nda grup toplant\u0131s\u0131 yapaca\u011f\u0131m&#8217; derseniz kargalar bile g\u00fcler. Siyaset\u00e7i s\u00f6yleyece\u011fi s\u00f6z iyi bilecek. Bu s\u00f6z\u00fcn Anayasa, i\u00e7t\u00fcz\u00fck ve Siyasi Partiler Yasas\u0131&#8217;nca nas\u0131l kar\u015f\u0131land\u0131\u011f\u0131n\u0131 da s\u00f6yleyecektir. Heyecanlar\u0131na ba\u011f\u0131\u015flayal\u0131m \u015fimdilik&#8221; diye konu\u015ftu.<\/p>\n<p style=\"text-align: justify;\"><a href=\"http:\/\/www.cumhuriyet.com.tr\/?hn=324682\" target=\"_blank\">Kaynak : Cumhuriyet Haber Portal\u0131<\/a><\/p>\n","protected":false},"excerpt":{"rendered":"<p style=\"text-align: center;\">\n<p style=\"text-align: justify;\">Ba\u015fbakan Yard\u0131mc\u0131s\u0131 B\u00fclent Ar\u0131n\u00e7, CHP&#8217;nin Sal\u0131 g\u00fcn\u00fc Tando\u011fan Meydan\u0131&#8217;nda yapaca\u011f\u0131 grup toplant\u0131s\u0131na ili\u015fkin, CHP lideri Kemal K\u0131l\u0131\u00e7daro\u011flu&#8217;na seslenerek &#8220;Anayasa ve i\u00e7t\u00fcz\u00fc\u011f\u00fc biliyorsan\u0131z grup toplant\u0131s\u0131n\u0131 parlamento d\u0131\u015f\u0131nda yapamazs\u0131n\u0131z&#8221; dedi.<\/p>\n<p style=\"text-align: justify;\">\u0130stanbul- Ba\u015fbakan Yard\u0131mc\u0131s\u0131 B\u00fclent Ar\u0131n\u00e7, \u00c7ankaya \u00dcniversitesi siyaset bilimi ve uluslararas\u0131 ili\u015fkiler \u00f6\u011frencilerini Ba\u015fbakanl\u0131k Merkez Bina&#8217;da kabul etti. <\/p>\n","protected":false},"author":1,"featured_media":0,"comment_status":"open","ping_status":"open","sticky":false,"template":"","format":"standard","meta":{"footnotes":""},"categories":[105],"tags":[],"class_list":["post-49811","post","type-post","status-publish","format-standard","hentry","category-gundem","odd"],"_links":{"self":[{"href":"http:\/\/www.korhanyilmaz.com\/index.php?rest_route=\/wp\/v2\/posts\/49811","targetHints":{"allow":["GET"]}}],"collection":[{"href":"http:\/\/www.korhanyilmaz.com\/index.php?rest_route=\/wp\/v2\/posts"}],"about":[{"href":"http:\/\/www.korhanyilmaz.com\/index.php?rest_route=\/wp\/v2\/types\/post"}],"author":[{"embeddable":true,"href":"http:\/\/www.korhanyilmaz.com\/index.php?rest_route=\/wp\/v2\/users\/1"}],"replies":[{"embeddable":true,"href":"http:\/\/www.korhanyilmaz.com\/index.php?rest_route=%2Fwp%2Fv2%2Fcomments&post=49811"}],"version-history":[{"count":0,"href":"http:\/\/www.korhanyilmaz.com\/index.php?rest_route=\/wp\/v2\/posts\/49811\/revisions"}],"wp:attachment":[{"href":"http:\/\/www.korhanyilmaz.com\/index.php?rest_route=%2Fwp%2Fv2%2Fmedia&parent=49811"}],"wp:term":[{"taxonomy":"category","embeddable":true,"href":"http:\/\/www.korhanyilmaz.com\/index.php?rest_route=%2Fwp%2Fv2%2Fcategories&post=49811"},{"taxonomy":"post_tag","embeddable":true,"href":"http:\/\/www.korhanyilmaz.com\/index.php?rest_route=%2Fwp%2Fv2%2Ftags&post=49811"}],"curies":[{"name":"wp","href":"https:\/\/api.w.org\/{rel}","templated":true}]}}