{"id":49808,"date":"2012-03-23T16:15:19","date_gmt":"2012-03-23T14:15:19","guid":{"rendered":"http:\/\/www.korhanyilmaz.com\/?p=49808"},"modified":"2012-03-23T21:18:41","modified_gmt":"2012-03-23T19:18:41","slug":"erdogan-subaylara-ne-anlatti","status":"publish","type":"post","link":"http:\/\/www.korhanyilmaz.com\/?p=49808","title":{"rendered":"Erdo\u011fan subaylara ne anlatt\u0131?"},"content":{"rendered":"<p style=\"text-align: center;\"><a href=\"http:\/\/www.korhanyilmaz.com\/wp-content\/uploads\/2012\/03\/A0076.jpg\"  class=\"lightview\"><img loading=\"lazy\" decoding=\"async\" class=\"aligncenter  wp-image-49809\" src=\"http:\/\/www.korhanyilmaz.com\/wp-content\/uploads\/2012\/03\/A0076.jpg\" alt=\"\" width=\"276\" height=\"207\" \/><\/a><\/p>\n<p style=\"text-align: justify;\">Ba\u015fbakan Recep Tayyip Erdo\u011fan, Anadolu Ajans\u0131 muhabirlerinin dahi i\u00e7eriye al\u0131nmad\u0131\u011f\u0131 bir konferansta subaylara seslendi. Erdo\u011fan, konferansla ili\u015fkin, &#8221;Genel ba\u015fl\u0131\u011f\u0131m\u0131z \u015fuydu; \u00d6zellikle b\u00fcy\u00fcyen, geli\u015fen T\u00fcrkiye 2023 hedeflerimiz \u00fczerindeki her alanda T\u00fcrkiye&#8217;nin altyap\u0131, \u00fcst yap\u0131 noktas\u0131ndaki att\u0131\u011f\u0131 ad\u0131mlar&#8221; dedi.\u00a0<!--more--><\/p>\n<p style=\"text-align: justify;\">\u0130stanbul- Ba\u015fbakan Erdo\u011fan, Harp Akademileri Komutan\u0131 Orgeneral Arslan G\u00fcner taraf\u0131ndan kar\u015f\u0131land\u0131. Orgeneral G\u00fcner, Harp Akademileri Komutan\u0131yken Balyoz soru\u015fturmas\u0131 kapsam\u0131nda tutuklanan Orgeneral Bilgin Balanl\u0131&#8217;n\u0131n yerine atand\u0131. Bug\u00fcn Ba\u015fbakan Erdo\u011fan&#8217;\u0131n kar\u015f\u0131layan G\u00fcner&#8217;in ad\u0131 Ankara Garnizon Komutan\u0131yken Cumhurba\u015fkan\u0131 Abdullah G\u00fcl&#8217;\u00fcn e\u015fi Hayrunnisa G\u00fcl&#8217;le tokala\u015fmamak i\u00e7in protokolden ayr\u0131lan komutan olarak g\u00fcndeme geldi. \u0130ddilara g\u00f6re son Askeri \u015eura&#8217;da Ba\u015fer&#8217;in Kara kuvvetleri Komutanl\u0131\u011f\u0131na atanmas\u0131na Cumhurba\u015fkan\u0131 G\u00fcl muhalefet etti.<\/p>\n<p style=\"text-align: justify;\"><strong>Hakan Fidan&#8217;la g\u00f6r\u00fc\u015ft\u00fc\u00a0<\/strong><\/p>\n<p style=\"text-align: justify;\">Harp Akademileri Komutanl\u0131\u011f\u0131\u2019nda yakla\u015f\u0131k bir saat boyunca subaylara seslenen Ba\u015fbakan Recep Tayyip Erdo\u011fan, s\u00fcrpriz bir \u015fekilde yeniden \u00dcsk\u00fcdar\u2019daki evine ge\u00e7ti. Ba\u015fbakan Erdo\u011fan eve girdikten k\u0131sa s\u00fcre sonra M\u0130T M\u00fcste\u015far\u0131 Hakan Fidan da Erdo\u011fan\u2019\u0131n konutuna geldi. G\u00f6r\u00fc\u015fmeye ili\u015fkin herhangi bir a\u00e7\u0131klama yap\u0131lmad\u0131.<\/p>\n<p style=\"text-align: justify;\"><strong>Havaalan\u0131nda i\u00e7eri\u011fini a\u00e7\u0131klad\u0131\u00a0<\/strong><\/p>\n<p style=\"text-align: justify;\">Ba\u015fbakan Erdo\u011fan, bug\u00fcn Harp Akademileri Komutanl\u0131\u011f\u0131&#8217;nda verdi\u011fi konferansa ili\u015fkin soru \u00fczerine, \u015funlar\u0131 kaydetti:<\/p>\n<p style=\"text-align: justify;\">&#8221;Ben genel ba\u015fl\u0131\u011f\u0131 size vereyim. Genel ba\u015fl\u0131\u011f\u0131m\u0131z \u015fuydu. \u00d6zellikle b\u00fcy\u00fcyen, geli\u015fen T\u00fcrkiye 2023 hedeflerimiz \u00fczerindeki her alanda T\u00fcrkiye&#8217;nin altyap\u0131, \u00fcst yap\u0131 noktas\u0131ndaki att\u0131\u011f\u0131 ad\u0131mlar. Bunun yan\u0131nda tabii ki savunma sanayi ile ilgili mevcut geli\u015fmelerimiz, yani d\u00fcn s\u00fcrekli olarak d\u0131\u015fa ba\u011f\u0131ml\u0131 olan ama bug\u00fcn art\u0131k kendi savunma sanayiyle ilgili ihtiya\u00e7lar\u0131n\u0131 kar\u015f\u0131lama noktas\u0131na gelmekte olan bir T\u00fcrkiye. Bu noktada att\u0131\u011f\u0131m\u0131z ad\u0131mlar. Bunlar\u0131 orada geni\u015f bir \u015fekilde anlatma f\u0131rsat\u0131n\u0131 bulduk. Gayet verimli, g\u00fczel bir konferans oldu.&#8221;<\/p>\n<p style=\"text-align: justify;\"><a href=\"http:\/\/www.cumhuriyet.com.tr\/?hn=324676\" target=\"_blank\">Kaynak : Cumhuriyet Haber Portal\u0131<\/a><\/p>\n","protected":false},"excerpt":{"rendered":"<p style=\"text-align: center;\">\n<p style=\"text-align: justify;\">Ba\u015fbakan Recep Tayyip Erdo\u011fan, Anadolu Ajans\u0131 muhabirlerinin dahi i\u00e7eriye al\u0131nmad\u0131\u011f\u0131 bir konferansta subaylara seslendi. Erdo\u011fan, konferansla ili\u015fkin, &#8221;Genel ba\u015fl\u0131\u011f\u0131m\u0131z \u015fuydu; \u00d6zellikle b\u00fcy\u00fcyen, geli\u015fen T\u00fcrkiye 2023 hedeflerimiz \u00fczerindeki her alanda T\u00fcrkiye&#8217;nin altyap\u0131, \u00fcst yap\u0131 noktas\u0131ndaki att\u0131\u011f\u0131 ad\u0131mlar&#8221; dedi. <\/p>\n","protected":false},"author":1,"featured_media":0,"comment_status":"open","ping_status":"open","sticky":false,"template":"","format":"standard","meta":{"footnotes":""},"categories":[105],"tags":[],"class_list":["post-49808","post","type-post","status-publish","format-standard","hentry","category-gundem","odd"],"_links":{"self":[{"href":"http:\/\/www.korhanyilmaz.com\/index.php?rest_route=\/wp\/v2\/posts\/49808","targetHints":{"allow":["GET"]}}],"collection":[{"href":"http:\/\/www.korhanyilmaz.com\/index.php?rest_route=\/wp\/v2\/posts"}],"about":[{"href":"http:\/\/www.korhanyilmaz.com\/index.php?rest_route=\/wp\/v2\/types\/post"}],"author":[{"embeddable":true,"href":"http:\/\/www.korhanyilmaz.com\/index.php?rest_route=\/wp\/v2\/users\/1"}],"replies":[{"embeddable":true,"href":"http:\/\/www.korhanyilmaz.com\/index.php?rest_route=%2Fwp%2Fv2%2Fcomments&post=49808"}],"version-history":[{"count":0,"href":"http:\/\/www.korhanyilmaz.com\/index.php?rest_route=\/wp\/v2\/posts\/49808\/revisions"}],"wp:attachment":[{"href":"http:\/\/www.korhanyilmaz.com\/index.php?rest_route=%2Fwp%2Fv2%2Fmedia&parent=49808"}],"wp:term":[{"taxonomy":"category","embeddable":true,"href":"http:\/\/www.korhanyilmaz.com\/index.php?rest_route=%2Fwp%2Fv2%2Fcategories&post=49808"},{"taxonomy":"post_tag","embeddable":true,"href":"http:\/\/www.korhanyilmaz.com\/index.php?rest_route=%2Fwp%2Fv2%2Ftags&post=49808"}],"curies":[{"name":"wp","href":"https:\/\/api.w.org\/{rel}","templated":true}]}}