{"id":49805,"date":"2012-03-23T20:15:06","date_gmt":"2012-03-23T18:15:06","guid":{"rendered":"http:\/\/www.korhanyilmaz.com\/?p=49805"},"modified":"2012-03-23T21:14:20","modified_gmt":"2012-03-23T19:14:20","slug":"takinacagim-tavir-ortada","status":"publish","type":"post","link":"http:\/\/www.korhanyilmaz.com\/?p=49805","title":{"rendered":"&#8220;Tak\u0131naca\u011f\u0131m tav\u0131r ortada&#8221;"},"content":{"rendered":"<p style=\"text-align: center;\"><a href=\"http:\/\/www.korhanyilmaz.com\/wp-content\/uploads\/2012\/03\/A0075.jpg\"  class=\"lightview\"><img loading=\"lazy\" decoding=\"async\" class=\"aligncenter  wp-image-49806\" src=\"http:\/\/www.korhanyilmaz.com\/wp-content\/uploads\/2012\/03\/A0075.jpg\" alt=\"\" width=\"276\" height=\"207\" \/><\/a><\/p>\n<p style=\"text-align: justify;\">Ba\u015fbakan Recep Tayyip Erdo\u011fan, G\u00fcney Kore&#8217;ye hareketinden \u00f6nce gazetecilerin sorular\u0131n\u0131 yan\u0131tlad\u0131. Erdo\u011fan, M\u0130T&#8217;\u00e7ilere izin talepleriyle ilgili olarak, &#8220;Tak\u0131naca\u011f\u0131m tav\u0131r ortada&#8221; dedi.<\/p>\n<p style=\"text-align: justify;\">\u0130stanbul- N\u00fckleer G\u00fcvenlik Zirvesi i\u00e7in G\u00fcney Kore&#8217;ye hareket eden Ba\u015fbakan Erdo\u011fan, Atat\u00fcrk Havaliman\u0131&#8217;nda gazetecilerin sorular\u0131n\u0131 yan\u0131tlad\u0131. Erdo\u011fan, \u2018M\u0130T mensuplar\u0131na izin talepleri\u2019yle ilgili bir soruya &#8220;\u0130zin talebi bana gelmedi, gelirse tak\u0131naca\u011f\u0131m tav\u0131r ortada&#8221; yan\u0131t\u0131n\u0131 verdi.\u00a0<!--more--><\/p>\n<p style=\"text-align: justify;\"><strong>&#8220;CHP halka gitmekte ge\u00e7 kald\u0131&#8221;\u00a0<\/strong><\/p>\n<p style=\"text-align: justify;\">CHP&#8217;nin Tando\u011fan Meydan\u0131&#8217;nda yapmay\u0131 planlad\u0131\u011f\u0131 4+4+4 protestosu hakk\u0131ndaki soruyu da yan\u0131tlayan Erdo\u011fan, &#8220;Onlar halka gitmekte \u00e7ok gecikmi\u015fler, vars\u0131n halka gitsinler&#8221; dedi. &#8220;Olmas\u0131 gereken halk\u0131n bizden istedi\u011fidir&#8221; \u015feklinde konu\u015fan Erdo\u011fan, &#8220;T\u00fcrkiye e\u011fitimde, tarihinde g\u00f6rmedi\u011fi s\u0131\u00e7ramay\u0131 yapm\u0131\u015ft\u0131r&#8221; ifadelerini kulland\u0131.<\/p>\n<p style=\"text-align: justify;\"><strong>Ter\u00f6rle m\u00fccadelede yeni tav\u0131r\u00a0<\/strong><\/p>\n<p style=\"text-align: justify;\">Erdo\u011fan, son g\u00fcnlerde kamuoyunda konu\u015fulan AKP&#8217;nin ter\u00f6rle m\u00fccadele ile ilgili &#8216;yeni&#8217; stratejisi konusunda da konu\u015ftu.<\/p>\n<p style=\"text-align: justify;\">Erdo\u011fan ter\u00f6rle m\u00fccadelelerinin sonuna kadar s\u00fcrd\u00fcr\u00fclece\u011fini belirterek, &#8220;Bizim ter\u00f6rle m\u00fccadeledeki politikam\u0131z \u015fudur: Ter\u00f6r \u00f6rg\u00fct\u00fc ile sonuna kadar m\u00fccadele, uzant\u0131s\u0131 ile de m\u00fczakere&#8221; dedi. &#8220;Ter\u00f6r \u00f6rg\u00fct\u00fc ile asla konu\u015fmay\u0131z&#8221; diyen Erdo\u011fan, BDP\u2019yi kastederek, &#8220;Ter\u00f6r \u00f6rg\u00fct\u00fcn\u00fcn parlamento \u00e7at\u0131s\u0131 alt\u0131ndaki uzant\u0131lar\u0131&#8221; ile g\u00f6r\u00fc\u015fmeye haz\u0131r olduklar\u0131n\u0131 ifade etti. Erdo\u011fan s\u00f6zlerine \u015f\u00f6yle devam etti:<\/p>\n<p style=\"text-align: justify;\">&#8220;Onlarla konu\u015furuz. D\u00fcr\u00fcst davrand\u0131klar\u0131 s\u00fcrece konu\u015furuz. Lakin e\u011fer d\u00fcr\u00fcst davranmazlarsa ilanihaye onlarla da konu\u015fmay\u0131 keseriz. \u00c7\u00fcnk\u00fc bizim derdimiz \u00e7\u00f6z\u00fcmd\u00fcr. Kendi a\u011f\u0131zlar\u0131yla de\u011fil de, \u0130mral\u0131\u2019n\u0131n, Kandil\u2019in a\u011fz\u0131 ile konu\u015furlarsa onlarla da konu\u015fmay\u0131z.&#8221;<\/p>\n<p style=\"text-align: justify;\"><a href=\"http:\/\/www.cumhuriyet.com.tr\/?hn=324732\" target=\"_blank\">Kaynak : Cumhuriyet Haber Portal\u0131<\/a><\/p>\n","protected":false},"excerpt":{"rendered":"<p style=\"text-align: center;\">\n<p style=\"text-align: justify;\">Ba\u015fbakan Recep Tayyip Erdo\u011fan, G\u00fcney Kore&#8217;ye hareketinden \u00f6nce gazetecilerin sorular\u0131n\u0131 yan\u0131tlad\u0131. Erdo\u011fan, M\u0130T&#8217;\u00e7ilere izin talepleriyle ilgili olarak, &#8220;Tak\u0131naca\u011f\u0131m tav\u0131r ortada&#8221; dedi.<\/p>\n<p style=\"text-align: justify;\">\u0130stanbul- N\u00fckleer G\u00fcvenlik Zirvesi i\u00e7in G\u00fcney Kore&#8217;ye hareket eden Ba\u015fbakan Erdo\u011fan, Atat\u00fcrk Havaliman\u0131&#8217;nda gazetecilerin sorular\u0131n\u0131 yan\u0131tlad\u0131. Erdo\u011fan, \u2018M\u0130T mensuplar\u0131na izin talepleri\u2019yle ilgili bir soruya &#8220;\u0130zin talebi bana <\/p>\n","protected":false},"author":1,"featured_media":0,"comment_status":"open","ping_status":"open","sticky":false,"template":"","format":"standard","meta":{"footnotes":""},"categories":[105],"tags":[],"class_list":["post-49805","post","type-post","status-publish","format-standard","hentry","category-gundem","odd"],"_links":{"self":[{"href":"http:\/\/www.korhanyilmaz.com\/index.php?rest_route=\/wp\/v2\/posts\/49805","targetHints":{"allow":["GET"]}}],"collection":[{"href":"http:\/\/www.korhanyilmaz.com\/index.php?rest_route=\/wp\/v2\/posts"}],"about":[{"href":"http:\/\/www.korhanyilmaz.com\/index.php?rest_route=\/wp\/v2\/types\/post"}],"author":[{"embeddable":true,"href":"http:\/\/www.korhanyilmaz.com\/index.php?rest_route=\/wp\/v2\/users\/1"}],"replies":[{"embeddable":true,"href":"http:\/\/www.korhanyilmaz.com\/index.php?rest_route=%2Fwp%2Fv2%2Fcomments&post=49805"}],"version-history":[{"count":0,"href":"http:\/\/www.korhanyilmaz.com\/index.php?rest_route=\/wp\/v2\/posts\/49805\/revisions"}],"wp:attachment":[{"href":"http:\/\/www.korhanyilmaz.com\/index.php?rest_route=%2Fwp%2Fv2%2Fmedia&parent=49805"}],"wp:term":[{"taxonomy":"category","embeddable":true,"href":"http:\/\/www.korhanyilmaz.com\/index.php?rest_route=%2Fwp%2Fv2%2Fcategories&post=49805"},{"taxonomy":"post_tag","embeddable":true,"href":"http:\/\/www.korhanyilmaz.com\/index.php?rest_route=%2Fwp%2Fv2%2Ftags&post=49805"}],"curies":[{"name":"wp","href":"https:\/\/api.w.org\/{rel}","templated":true}]}}