{"id":49801,"date":"2012-03-23T19:05:18","date_gmt":"2012-03-23T17:05:18","guid":{"rendered":"http:\/\/www.korhanyilmaz.com\/?p=49801"},"modified":"2012-03-23T21:10:09","modified_gmt":"2012-03-23T19:10:09","slug":"tayyip-bey-duymasa-daha-iyi-olur","status":"publish","type":"post","link":"http:\/\/www.korhanyilmaz.com\/?p=49801","title":{"rendered":"Tayyip bey duymasa daha iyi olur!"},"content":{"rendered":"<p style=\"text-align: center;\"><a href=\"http:\/\/www.korhanyilmaz.com\/wp-content\/uploads\/2012\/03\/A0074.jpg\"  class=\"lightview\"><img loading=\"lazy\" decoding=\"async\" class=\"aligncenter  wp-image-49802\" src=\"http:\/\/www.korhanyilmaz.com\/wp-content\/uploads\/2012\/03\/A0074.jpg\" alt=\"\" width=\"307\" height=\"236\" \/><\/a><\/p>\n<p style=\"text-align: justify;\">Ba\u015fbakan Yard\u0131mc\u0131s\u0131 B\u00fclent Ar\u0131n\u00e7, &#8220;Devletin, M\u00fcsl\u00fcman dindar yeti\u015ftirmek gibi bir g\u00f6revi yok. Ama inanan, inan\u00e7l\u0131 nesiller bu \u00fclkeye daha faydal\u0131 olacakt\u0131r&#8221; dedi.<\/p>\n<p style=\"text-align: justify;\">Ar\u0131n\u00e7, \u00c7ankaya \u00dcniversitesi Siyaset Bilimi ve Uluslararas\u0131 \u0130li\u015fkiler \u00f6\u011frencileriyle Ba\u015fbakanl\u0131k Yeni Bina Konferans Salonu&#8217;nda bir araya geldi.<\/p>\n<p style=\"text-align: justify;\">&#8220;Devletin dindar nesil yeti\u015ftirme gibi bir rol\u00fc olmal\u0131 m\u0131?&#8221; sorusunu soran \u00f6\u011frenciye, &#8220;Bu sorunun cevab\u0131n\u0131 Tayyip bey duymasa daha iyi olur de\u011fil mi? Bu soruyu saat 19.00&#8217;dan sonra sorsayd\u0131n, o G\u00fcney Kore&#8217;ye gitmi\u015f olurdu ben de rahatl\u0131kla konu\u015furdum&#8221; diyerek espri yapt\u0131.\u00a0<!--more--><\/p>\n<p style=\"text-align: justify;\">Devletin temel e\u011fitimi vermesi gerekti\u011fini, gen\u00e7 nesillerin iyi bir e\u011fitim almas\u0131n\u0131 ama\u00e7lad\u0131klar\u0131n\u0131 anlatan Ar\u0131n\u00e7, iyi ve nitelikli bir e\u011fitimin \u00fclkenin gelece\u011fi oldu\u011funu vurgulad\u0131.<\/p>\n<p style=\"text-align: justify;\">Demokratik bir e\u011fitim sistemi yaratman\u0131n h\u00fck\u00fcmetlerin g\u00f6revlerinden oldu\u011funu ifade eden Ar\u0131n\u00e7, Ba\u015fbakan Erdo\u011fan&#8217;\u0131n &#8220;dindar nesil&#8221; demekten kast\u0131n\u0131n &#8220;inan\u00e7l\u0131 bir nesil yeti\u015ftirmek&#8221; oldu\u011funu d\u00fc\u015f\u00fcnd\u00fc\u011f\u00fcn\u00fc s\u00f6yledi.<\/p>\n<p style=\"text-align: justify;\"><strong>&#8220;Elbette ateistler de olacak&#8221;\u00a0<\/strong><\/p>\n<p style=\"text-align: justify;\">Dindarl\u0131\u011f\u0131n sadece M\u00fcsl\u00fcmanlar&#8217;a ait bir vas\u0131f olmad\u0131\u011f\u0131n\u0131, herkesin kendi inanc\u0131nda dindar olabilece\u011fini belirten Ar\u0131n\u00e7, \u015f\u00f6yle devam etti: &#8220;Ben dindarl\u0131\u011f\u0131 samimiyet anlam\u0131nda s\u00f6yl\u00fcyorum. Bir insan inan\u0131yorsa, o inanc\u0131n\u0131 samimi olarak yerine getirmesi, onu savunmas\u0131, onu ya\u015famas\u0131 onun dindarl\u0131\u011f\u0131d\u0131r. Bizim toplulumuzda da herkes inand\u0131\u011f\u0131n\u0131 s\u00f6yler. Bunu s\u00f6ylemek zorunda da de\u011fil.<\/p>\n<p style=\"text-align: justify;\">\u00c7\u00fcnk\u00fc bir insan inanabilir, inanmayabilir de. \u0130nanan insana sayg\u0131 g\u00f6sterip, inanmad\u0131\u011f\u0131n\u0131 s\u00f6yleyeni d\u0131\u015flamak kesinlikle demokratik de\u011fil. O da onun inanc\u0131d\u0131r, inanm\u0131yordur. Ama onu k\u0131namak, a\u015fa\u011f\u0131lamak m\u00fcmk\u00fcn de\u011fil. Elbette ateistler de olacak, bunu ifade eden insanlar da olacak.<\/p>\n<p style=\"text-align: justify;\">Ya\u015fam tarz\u0131 olarak farkl\u0131 d\u00fc\u015f\u00fcnceler, inan\u00e7lar\u0131 benimseyen insanlar da olacak. Demokrasi bir arada ya\u015fama sanat\u0131d\u0131r. Ama inan\u00e7l\u0131 bir gen\u00e7li\u011fin \u00fclkesine, vatan\u0131na, kendi ailesine, kendisine daha faydal\u0131 bir tak\u0131m arg\u00fcmanlarla desteklenmesi bir ama\u00e7 olabilir. Say\u0131n Ba\u015fbakan bu konuda samimidir ve bence de masumdur.&#8221;<\/p>\n<p style=\"text-align: justify;\">Her dinin dindarlar\u0131 bulundu\u011funu kaydeden Ar\u0131n\u00e7, &#8220;Evet devletin, M\u00fcsl\u00fcman dindar yeti\u015ftirmek gibi bir g\u00f6revi yok. M\u00fcsl\u00fcman Hristiyan yeti\u015ftirmek gibi bir g\u00f6revi yok. Ama inanan, inan\u00e7l\u0131 nesiller bu \u00fclkeye daha faydal\u0131 olacakt\u0131r. Dolay\u0131s\u0131yla o nesillerin bu isteklerinin, bu ihtiya\u00e7lar\u0131n\u0131n kar\u015f\u0131lanmas\u0131 do\u011frudur. Bunu s\u00f6yl\u00fcyorsa bu ayk\u0131r\u0131 bir s\u00f6z de\u011fil. As\u0131l amac\u0131n\u0131n bu \u015fekilde oldu\u011funu d\u00fc\u015f\u00fcn\u00fcyorum&#8221; diye konu\u015ftu.<\/p>\n<p style=\"text-align: justify;\">Ar\u0131n\u00e7, dini cemaatler ve sivil toplum \u00f6rg\u00fctlerinin siyasi partiler \u00fczerine etkisinin sorulmas\u0131 \u00fczerine Ar\u0131n\u00e7, cemaatin mutlaka dini kaynaklar\u0131 ve ama\u00e7l\u0131 olmas\u0131 gerekmedi\u011fini, cemaat veya camia denilsin bug\u00fcn siyasi partilerin bunlardan etkilendi\u011fini s\u00f6yledi.<\/p>\n<p style=\"text-align: justify;\">Tarikatlar\u0131n, dini ve sosyal ama\u00e7la kuruldu\u011funu, varl\u0131klar\u0131n\u0131n s\u00fcrekli hale geldi\u011fini ifade eden Ar\u0131n\u00e7, CHP&#8217;nin i\u00e7inde, ge\u00e7mi\u015fte Ya\u015far Nuri \u00d6zt\u00fcrk gibi din adamlar\u0131, bug\u00fcn cami imaml\u0131\u011f\u0131ndan gelen milletvekilleri bulundu\u011funu kaydetti.<\/p>\n<p style=\"text-align: justify;\">Bu t\u00fcr insanlar\u0131n kendi partilerinde de MHP ve BDP&#8217;nin i\u00e7inde de bulundu\u011funu anlatan Ar\u0131n\u00e7, &#8220;Bu toplumun i\u00e7inde dini minnet ta\u015f\u0131yan herkesin bir itibar\u0131, \u00e7evresi ve etkinli\u011fi vard\u0131r. Onlardan istifade etmek isteyenler veya bireysel olarak katk\u0131s\u0131na ihtiya\u00e7 duyan b\u00fct\u00fcn siyasi partiler kap\u0131lar\u0131n\u0131 \u00e7alarlar. Bazen \u00e7ar\u015faf giymi\u015f han\u0131mlara parti rozeti takarlar&#8221; dedi.<\/p>\n<p style=\"text-align: justify;\"><a href=\"http:\/\/www.cnnturk.com\/2012\/turkiye\/03\/23\/tayyip.bey.duymasa.daha.iyi.olur\/654456.0\/index.html\" target=\"_blank\">Kaynak : CNN T\u00dcRK<\/a><\/p>\n","protected":false},"excerpt":{"rendered":"<p style=\"text-align: center;\">\n<p style=\"text-align: justify;\">Ba\u015fbakan Yard\u0131mc\u0131s\u0131 B\u00fclent Ar\u0131n\u00e7, &#8220;Devletin, M\u00fcsl\u00fcman dindar yeti\u015ftirmek gibi bir g\u00f6revi yok. Ama inanan, inan\u00e7l\u0131 nesiller bu \u00fclkeye daha faydal\u0131 olacakt\u0131r&#8221; dedi.<\/p>\n<p style=\"text-align: justify;\">Ar\u0131n\u00e7, \u00c7ankaya \u00dcniversitesi Siyaset Bilimi ve Uluslararas\u0131 \u0130li\u015fkiler \u00f6\u011frencileriyle Ba\u015fbakanl\u0131k Yeni Bina Konferans Salonu&#8217;nda bir araya geldi.<\/p>\n<p style=\"text-align: justify;\">&#8220;Devletin dindar nesil yeti\u015ftirme gibi bir rol\u00fc <\/p>\n","protected":false},"author":1,"featured_media":0,"comment_status":"open","ping_status":"open","sticky":false,"template":"","format":"standard","meta":{"footnotes":""},"categories":[105],"tags":[],"class_list":["post-49801","post","type-post","status-publish","format-standard","hentry","category-gundem","odd"],"_links":{"self":[{"href":"http:\/\/www.korhanyilmaz.com\/index.php?rest_route=\/wp\/v2\/posts\/49801","targetHints":{"allow":["GET"]}}],"collection":[{"href":"http:\/\/www.korhanyilmaz.com\/index.php?rest_route=\/wp\/v2\/posts"}],"about":[{"href":"http:\/\/www.korhanyilmaz.com\/index.php?rest_route=\/wp\/v2\/types\/post"}],"author":[{"embeddable":true,"href":"http:\/\/www.korhanyilmaz.com\/index.php?rest_route=\/wp\/v2\/users\/1"}],"replies":[{"embeddable":true,"href":"http:\/\/www.korhanyilmaz.com\/index.php?rest_route=%2Fwp%2Fv2%2Fcomments&post=49801"}],"version-history":[{"count":0,"href":"http:\/\/www.korhanyilmaz.com\/index.php?rest_route=\/wp\/v2\/posts\/49801\/revisions"}],"wp:attachment":[{"href":"http:\/\/www.korhanyilmaz.com\/index.php?rest_route=%2Fwp%2Fv2%2Fmedia&parent=49801"}],"wp:term":[{"taxonomy":"category","embeddable":true,"href":"http:\/\/www.korhanyilmaz.com\/index.php?rest_route=%2Fwp%2Fv2%2Fcategories&post=49801"},{"taxonomy":"post_tag","embeddable":true,"href":"http:\/\/www.korhanyilmaz.com\/index.php?rest_route=%2Fwp%2Fv2%2Ftags&post=49801"}],"curies":[{"name":"wp","href":"https:\/\/api.w.org\/{rel}","templated":true}]}}