{"id":4980,"date":"2009-03-12T17:43:06","date_gmt":"2009-03-12T15:43:06","guid":{"rendered":"http:\/\/www.korhanyilmaz.com\/?p=4980"},"modified":"2009-03-12T17:43:06","modified_gmt":"2009-03-12T15:43:06","slug":"artistlik-yapma","status":"publish","type":"post","link":"http:\/\/www.korhanyilmaz.com\/?p=4980","title":{"rendered":"&#039;Artistlik yapma&#039;"},"content":{"rendered":"<p style=\"text-align: center;\"><a href=\"http:\/\/www.korhanyilmaz.com\/wp-content\/uploads\/2009\/03\/120320091753002242893.jpg\"  class=\"lightview\"><img loading=\"lazy\" decoding=\"async\" class=\"aligncenter size-full wp-image-4981\" title=\"'Artistlik yapma' \" src=\"http:\/\/www.korhanyilmaz.com\/wp-content\/uploads\/2009\/03\/120320091753002242893.jpg\" alt=\"'Artistlik yapma' \" width=\"376\" height=\"240\" \/><\/a><a class=\"lightview\" title=\"Bakan Eker, ' Artistlik yapma' ve ' sesini y\u00fckseltme' diyerek tersledi. ::  :: width: 500, height: 395\" rel=\"iframe\" href=\"http:\/\/www.korhanyilmaz.com\/swf\/flvplayer.swf?file=http:\/\/video.gazetevatan.com\/video\/file\/120320091754285376424.flv \"><img loading=\"lazy\" decoding=\"async\" class=\"aligncenter\" src=\"wp-data\/images\/video_izle_tikla.png\" alt=\"\" width=\"30\" height=\"30\" \/ class=\"lightview\"><\/a><\/p>\n<p style=\"text-align: justify;\"><strong>Bakan Mehdi Eker i\u015fsiz genci b\u00f6yle azarlad\u0131<\/strong><\/p>\n<p style=\"text-align: justify;\">Tar\u0131m ve K\u00f6y \u0130\u015fleri Bakan\u0131 Mehmet Mehdi Eker, se\u00e7im dolay\u0131s\u0131yla Bitlis&#8217;e gelerek AKP se\u00e7im b\u00fcrosunu ziyaret etti. Bakan Eker, Diyarbak\u0131r&#8217;dan karayolu ile Bitlis&#8217;e gelerek Bitlis giri\u015findeki bir dinlenme tesisinde partililer ve Bitlis Milletvekilleri taraf\u0131ndan kar\u015f\u0131land\u0131. Daha sonra \u015fehir merkezine ge\u00e7en Bakan Eker \u00e7ar\u015f\u0131 merkezinde esnaflar\u0131 ziyaret ederek se\u00e7im b\u00fcrosuna geldi. <!--more--><br \/>\nBurada kendisine verilen bir sandalye \u00fczerinde toplanan kalabal\u0131\u011fa konu\u015fma yapt\u0131. Eker, &#8220;AKP h\u00fck\u00fcmete geldi\u011fi 18 Kas\u0131m 2002 tarihinde b\u00f6lgemizin ve T\u00fcrkiye&#8217;nin sorunlar\u0131n\u0131 kal\u0131c\u0131, k\u00f6kl\u00fc, kronikle\u015fmi\u015f adete a\u011f\u0131rla\u015fm\u0131\u015f sorunlar\u0131n\u0131 bir, bir \u00e7\u00f6zme yolunda \u00f6nemli mesafeler kat etmi\u015ftir. Bitlis&#8217;inde i\u00e7inde yer ald\u0131\u011f\u0131 g\u00fcneydo\u011fu Anadolu b\u00f6lgesinde halk\u0131n beklentileri do\u011frultusunda demokratikle\u015feme ve geli\u015fme alan\u0131nda \u00e7ok \u00f6nemli mesafeler alm\u0131\u015ft\u0131r. \u00d6nceden T\u00fcrkiye de insanlar\u0131n hayal edemeyece\u011fi geli\u015fmeler oldu. \u00c7\u00fcnk\u00fc biz Ak Parti olarak T\u00fcrkiye&#8217;nin sorunlar\u0131n\u0131 \u00e7\u00f6zmek i\u00e7in yola \u00e7\u0131kt\u0131k. Ak kadrolar T\u00fcrkiye&#8217;nin meselelerini kendi meselesi olarak kabul ederek \u00e7al\u0131\u015fmalar yaparak \u00f6nemli projeler hayata ge\u00e7irmi\u015ftir&#8221; dedi.\n<\/p>\n<p style=\"text-align: justify;\">Bakan Eker&#8217;in konu\u015fmas\u0131n\u0131n sonuna do\u011fru kalabal\u0131k aras\u0131nda kendisine do\u011fru yakla\u015fan Lezgin Karasu (28) isimli gen\u00e7 Bakana bir soru soraca\u011f\u0131n\u0131 belirtmesi \u00fczerine yan\u0131na yakla\u015fan korumalar genci \u00f6nce susturmaya \u00e7al\u0131\u015ft\u0131. Daha sonra Bitlis Milletvekili Vahit Kiler&#8217;in gence &#8216;sorunu sor&#8217; demesi \u00fczerine gen\u00e7, Say\u0131n Bakan\u0131m diye seslenerek yakla\u015fmak istedi. Korumalar\u0131n aras\u0131nda gence yakla\u015fan Bakan Eker, &#8216; Artistlik yapma&#8217; ve &#8216; sesini y\u00fckseltme&#8217; diyerek tersledi. Daha sonra korumalar taraf\u0131ndan uzakla\u015ft\u0131r\u0131lan gen\u00e7, tepkisini s\u00fcrd\u00fcrmeye devam etti.<\/p>\n<p style=\"text-align: justify;\"><span style=\"color: #888888;\">Kaynak : Vatan Gazetesi<\/span><\/p>\n","protected":false},"excerpt":{"rendered":"<p style=\"text-align: center;\">\n<p style=\"text-align: justify;\">Bakan Mehdi Eker i\u015fsiz genci b\u00f6yle azarlad\u0131<\/p>\n<p style=\"text-align: justify;\">Tar\u0131m ve K\u00f6y \u0130\u015fleri Bakan\u0131 Mehmet Mehdi Eker, se\u00e7im dolay\u0131s\u0131yla Bitlis&#8217;e gelerek AKP se\u00e7im b\u00fcrosunu ziyaret etti. Bakan Eker, Diyarbak\u0131r&#8217;dan karayolu ile Bitlis&#8217;e gelerek Bitlis giri\u015findeki bir dinlenme tesisinde partililer ve Bitlis Milletvekilleri taraf\u0131ndan kar\u015f\u0131land\u0131. Daha sonra \u015fehir merkezine ge\u00e7en Bakan <\/p>\n","protected":false},"author":1,"featured_media":0,"comment_status":"open","ping_status":"closed","sticky":false,"template":"","format":"standard","meta":{"footnotes":""},"categories":[105],"tags":[],"class_list":["post-4980","post","type-post","status-publish","format-standard","hentry","category-gundem","odd"],"_links":{"self":[{"href":"http:\/\/www.korhanyilmaz.com\/index.php?rest_route=\/wp\/v2\/posts\/4980","targetHints":{"allow":["GET"]}}],"collection":[{"href":"http:\/\/www.korhanyilmaz.com\/index.php?rest_route=\/wp\/v2\/posts"}],"about":[{"href":"http:\/\/www.korhanyilmaz.com\/index.php?rest_route=\/wp\/v2\/types\/post"}],"author":[{"embeddable":true,"href":"http:\/\/www.korhanyilmaz.com\/index.php?rest_route=\/wp\/v2\/users\/1"}],"replies":[{"embeddable":true,"href":"http:\/\/www.korhanyilmaz.com\/index.php?rest_route=%2Fwp%2Fv2%2Fcomments&post=4980"}],"version-history":[{"count":0,"href":"http:\/\/www.korhanyilmaz.com\/index.php?rest_route=\/wp\/v2\/posts\/4980\/revisions"}],"wp:attachment":[{"href":"http:\/\/www.korhanyilmaz.com\/index.php?rest_route=%2Fwp%2Fv2%2Fmedia&parent=4980"}],"wp:term":[{"taxonomy":"category","embeddable":true,"href":"http:\/\/www.korhanyilmaz.com\/index.php?rest_route=%2Fwp%2Fv2%2Fcategories&post=4980"},{"taxonomy":"post_tag","embeddable":true,"href":"http:\/\/www.korhanyilmaz.com\/index.php?rest_route=%2Fwp%2Fv2%2Ftags&post=4980"}],"curies":[{"name":"wp","href":"https:\/\/api.w.org\/{rel}","templated":true}]}}