{"id":49793,"date":"2012-03-23T07:57:09","date_gmt":"2012-03-23T05:57:09","guid":{"rendered":"http:\/\/www.korhanyilmaz.com\/?p=49793"},"modified":"2012-03-23T11:01:30","modified_gmt":"2012-03-23T09:01:30","slug":"hukumet-bir-seyi-cok-iyi-yapiyor","status":"publish","type":"post","link":"http:\/\/www.korhanyilmaz.com\/?p=49793","title":{"rendered":"H\u00fck\u00fcmet bir \u015feyi \u00e7ok iyi yap\u0131yor!"},"content":{"rendered":"<p style=\"text-align: center;\"><a href=\"http:\/\/www.korhanyilmaz.com\/wp-content\/uploads\/2012\/03\/A0071.jpg\"  class=\"lightview\"><img loading=\"lazy\" decoding=\"async\" class=\"aligncenter  wp-image-49794\" src=\"http:\/\/www.korhanyilmaz.com\/wp-content\/uploads\/2012\/03\/A0071.jpg\" alt=\"\" width=\"296\" height=\"223\" \/><\/a><\/p>\n<p style=\"text-align: justify;\">O CHP&#8217;nin en gen\u00e7 milletvekilerinden biri. Ancak tecr\u00fcbesiyle birikimiyle 40 y\u0131ll\u0131k CHP&#8217;lileri aratm\u0131yor.<\/p>\n<p style=\"text-align: justify;\">\u00d6nce gen\u00e7lik kollar\u0131 ba\u015fkanl\u0131\u011f\u0131, ard\u0131ndan delegelik ve il\u00e7e ba\u015fkanl\u0131\u011f\u0131 ve \u015fimdi de TBMM&#8217;de&#8230;<\/p>\n<p style=\"text-align: justify;\">&#8220;S\u00f6z muhalefette&#8221; dosyam\u0131z\u0131n bu haftaki konu\u011fu Tekirda\u011f CHP Milletvekili Emre K\u00f6pr\u00fcl\u00fc oldu.<!--more--><\/p>\n<p style=\"text-align: justify;\"><span style=\"text-decoration: underline;\">\u0130\u015fte K\u00f6pr\u00fcl\u00fc&#8217;n\u00fcn genel siyasete dair s\u00f6yledikleri ;<\/span><\/p>\n<p style=\"text-align: justify;\">&#8211; Son kurultay\u0131n ard\u0131ndan CHP&#8217;nin \u00f6n\u00fc a\u00e7\u0131ld\u0131 m\u0131?<\/p>\n<p style=\"text-align: justify;\">\u00d6rg\u00fct i\u00e7inde gen\u00e7likte \u00e7al\u0131\u015ft\u0131m, gen\u00e7lik kollar\u0131 ba\u015fkanl\u0131\u011f\u0131 yapt\u0131m, kurultay delegeli\u011fi yapt\u0131m. \u0130l\u00e7e ba\u015fkanl\u0131\u011f\u0131 yapt\u0131m. Ben t\u00fcz\u00fck kurultay\u0131n\u0131n \u00f6ncesinde de CHP&#8217;de bir sorun oldu\u011funa inanm\u0131yordum. Sorun olmad\u0131\u011f\u0131 i\u00e7in bir sorunun da \u00e7\u00f6z\u00fcld\u00fc\u011f\u00fcne inanm\u0131yorum. \u00c7\u00fcnk\u00fc sorun yoktu CHP&#8217;de. Cumhuriyet Halk partisi; d\u00fc\u015f\u00fcncelerin, anlay\u0131\u015flar\u0131n, fikirlerin tart\u0131\u015f\u0131ld\u0131\u011f\u0131 bir partidir. CHP&#8217;de insanlar \u00f6zg\u00fcrce partileriyle ilgili, T\u00fcrkiye&#8217;yle ilgili g\u00f6r\u00fc\u015flerini ifade edebilirler.<\/p>\n<p style=\"text-align: justify;\">Kendileri demokratik olmayan insanlar, bu d\u00fc\u015f\u00fcnceleri \u00e7ok seslilik olarak g\u00f6r\u00fcrler. Bak\u0131n &#8220;CHP&#8217;de s\u0131knt\u0131 var, kavga var&#8221; derler. Biz \u00e7o\u011funluktan yanay\u0131z. Bizim bak\u0131\u015f a\u00e7\u0131m\u0131zda \u00f6zg\u00fcrl\u00fck var. \u0130nsanlar d\u00fc\u015f\u00fcncelerini \u00f6zg\u00fcrce ifade edbilirler.<\/p>\n<p style=\"text-align: justify;\"><strong>KURULTAY&#8217;DA \u00c7OK \u00d6NEML\u0130 ADIMLAR ATILDI!\u00a0<\/strong><\/p>\n<p style=\"text-align: justify;\">Taban\u0131n sesini yans\u0131tacak olan \u00f6n se\u00e7im ve \u00e7ar\u015faf listenin t\u00fcz\u00fc\u011fe girdi\u011fi i\u00e7in \u00e7ok mutluyum. Kurultay&#8217;da \u00e7ok \u00f6nemli ad\u0131mlar at\u0131ld\u0131. CHP bir \u00e7\u0131nard\u0131r. Bu \u00e7\u0131nar\u0131n i\u00e7inde bizden \u00f6nce g\u00f6rev yapm\u0131\u015f \u00f6rg\u00fct i\u00e7inde \u00e7al\u0131\u015fm\u0131\u015f abilerimiz ablalar\u0131m\u0131z vard\u0131r. Onlar bizim tarihimizdir. Onlar\u0131n dikti\u011fi a\u011fac\u0131n b\u00fcy\u00fcd\u00fc\u011f\u00fc noktaday\u0131z. Eskisi de bizimdir, CHP&#8217;nini gelece\u011fi de biziz. Dolays\u0131yla ben \u00f6rg\u00fct\u00fcn i\u00e7inden gelen bir birey olarak \u015fu \u015f\u00f6yleydi bu b\u00f6yleydi tart\u0131\u015fmalar\u0131na girmek istemiyorum.<\/p>\n<p style=\"text-align: justify;\">Son se\u00e7im anketinde CHP %27 g\u00f6z\u00fck\u00fcyor nas\u0131l yorumluyorsunuz bu oran\u0131?<\/p>\n<p style=\"text-align: justify;\">Ben anketleri \u00f6nemserim. Sipari\u015fle haz\u0131rlanmad\u0131ysa, toplumun nabz\u0131n\u0131 tutma noktas\u0131nda size bir y\u00f6n verirler. CHP&#8217;yi 1. parti olmad\u0131\u011f\u0131 her durumda ba\u015far\u0131s\u0131z sayar\u0131m. T\u00fcrkiye&#8217;nin CHP&#8217;ye ihtiyac\u0131 var. \u0130\u015fte bu y\u00fczden daha kat\u0131l\u0131mc\u0131 daha demokrat bir yap\u0131ya do\u011fru y\u00fcr\u00fcmeliyiz. Biz bunu \u00f6nce kendi partimizde ger\u00e7ekle\u015ftirmeliyiz.<\/p>\n<p style=\"text-align: justify;\">Egemen Ba\u011f\u0131\u015f&#8217;a yumurta atan \u00f6\u011frencilere 5 y\u0131l hapis isteniyor. Siz de bir hukuk\u00e7usunuz bu talebi de\u011ferlendirir misiniz?<\/p>\n<p style=\"text-align: justify;\">Yumurta atmay\u0131 silahla yaralama olarak m\u0131 de\u011ferlendiriyorlar. Yumurta silah m\u0131 say\u0131l\u0131yor. Bir \u00fclkenin y\u00f6netilebilmesi i\u00e7in erkler ayr\u0131l\u0131\u011f\u0131 \u00e7ok \u00f6nemlidir. Yasama organ\u0131yla y\u00fcr\u00fctme organ\u0131 birbirinden ba\u011f\u0131ms\u0131z olmak durumundad\u0131r.<\/p>\n<p style=\"text-align: justify;\">Malesef \u00f6zellikle referandumdan sonra ortaya \u00e7\u0131kan tabloda bu erkler ayr\u0131\u011f\u0131 ilkesi belli atamalarla ihlal edilmi\u015f ve bug\u00fcn gelinen noktada yarg\u0131 sisitemi ciddi anlamda sorgulanacak noktaya gelmi\u015ftir.<\/p>\n<p style=\"text-align: justify;\"><strong>YUMURTA SERT B\u0130R ELE\u015eT\u0130R\u0130D\u0130R\u00a0<\/strong><\/p>\n<p style=\"text-align: justify;\">Bu yumurta olay\u0131nda da ele\u015ftirileri siyaset\u00e7iler normal vatanda\u015flardan biraz daha ho\u015fg\u00f6r\u00fcyle kar\u015f\u0131lamal\u0131d\u0131r. \u00c7\u00fcnk\u00fc siyaset\u00e7i toplumda beli bir deste\u011fi oldu\u011fu kadar belli bir kesimin de ele\u015ftirdi\u011fi sevmedi\u011f ki\u015fidir. Bu ele\u015ftiriler sadece klasik laf atma \u015feklinde olmayabilir bazen de yarat\u0131c\u0131 \u015fekilde olabilir. Bug\u00fcn yumurta atmak kar\u015f\u0131ndakini yaralamaya d\u00f6n\u00fck bir hareket de\u011fildir. Yumurta bug\u00fcn sert\u00e7e bir ele\u015ftiridir. Yaralama kast\u0131 olmad\u0131\u011f\u0131n\u0131 d\u00fc\u015f\u00fcn\u00fcyorum. Yaralama kast\u0131 olsa ta\u015f atar ya da ba\u015fka bir silah kullan\u0131r.<\/p>\n<p style=\"text-align: justify;\">Ama bir iddianamede &#8220;siz h\u00fck\u00fcmeti ele\u015ftirirseniz, bir bakana bir h\u00fck\u00fcmet \u00fcyesine bunu yapmaya kalk\u0131\u015f\u0131rsan\u0131z kar\u015f\u0131l\u0131\u011f\u0131 da bu olur&#8221; denilerek bir cayd\u0131r\u0131c\u0131l\u0131k ortaya konuluyorsa ba\u015fka. Yarg\u0131n\u0131n g\u00f6revi yasama organ\u0131n\u0131n \u00fcyelerini koruyup kollamak de\u011fildir. Yarg\u0131n\u0131n g\u00f6revi toplumsal huzuru sa\u011flama noktas\u0131nda adaleti e\u015fit olarak da\u011f\u0131tmakt\u0131r.<\/p>\n<p style=\"text-align: justify;\">Siz ayn\u0131 zamanda \u00e7evre komisyonu \u00fcyesisisniz. HES&#8217;lerle m\u00fccadele hangi noktada?<\/p>\n<p style=\"text-align: justify;\">HES&#8217;ler bizim dikkatlice inceledi\u011fimiz bir konu. Gidip k\u00f6yl\u00fclerle konu\u015fuyoruz. T\u00fcrkiyenin bir enerji ihtiyac\u0131 oldu\u011fu do\u011frudur. Ancak yap\u0131lan HES&#8217;ler do\u011fa katliam\u0131na kar\u015f\u0131l\u0131k T\u00fcrkiye&#8217;nin \u00e7ok k\u00fc\u00e7\u00fck bir ihtiyac\u0131n\u0131 kar\u015f\u0131layacakt\u0131r. B\u00fct\u00fcn HES&#8217;ler enerji ihtiyac\u0131m\u0131z\u0131n %1-2 gibi bir b\u00f6l\u00fcm\u00fcn\u00fc kar\u015f\u0131layacakt\u0131r. Tortum&#8217;a gittim. o insanlar\u0131n tek ge\u00e7im kaynaklar\u0131 tar\u0131m. Arazilerini sulad\u0131klar\u0131 dereye arka arkaya 3 HES yap\u0131lm\u0131\u015f. O insanlar\u0131n art\u0131k arazilerini sulama imkanlar\u0131 yok. O insanlar bizi dinleyin diyorlar ama bunun karar\u0131 yukardan al\u0131nm\u0131\u015f. \u0130nsanlar tepkilerini getirmek i\u00e7in toplan\u0131p eylem yap\u0131yor.Ama 17 ya\u015f\u0131ndaki Leyla o kadar g\u00fc\u00e7l\u00fcym\u00fc\u015f ki nerdeyse b\u00fct\u00fcn jandarnmaya oradaki b\u00fct\u00fcn g\u00f6revlilere meydan okumu\u015f.<\/p>\n<p style=\"text-align: justify;\"><strong>LEYLA \u00dcZER\u0130NDEN G\u00d6ZDA\u011eI VER\u0130L\u0130YOR\u00a0<\/strong><\/p>\n<p style=\"text-align: justify;\">Leyla hakk\u0131nda 9 y\u0131la kadar hapis cezas\u0131 isteniyor. \u0130\u015fin asl\u0131 orada HES m\u00fccadelesi veren herkese Leyla \u00fczerinden g\u00f6zda\u011f\u0131 verilmek isteniyor. Leyla bir idol haline geldi\u011fi i\u00e7in Leyla&#8217;ya ceza vererk HES m\u00fccadelsi veren herkese bir g\u00f6zda\u011f\u0131 verilmek isteniyor. Aya\u011f\u0131n\u0131z\u0131 denk al\u0131n denilmek isteniyor.<\/p>\n<p style=\"text-align: justify;\">Tekirda\u011f&#8217;a gitti\u011finizde en\u00e7ok size hangi taleple geliyorlar? Tekirda\u011fl\u0131 ne istiyor?<\/p>\n<p style=\"text-align: justify;\">Tekirda\u011f&#8217;\u0131n dertleriyle T\u00fcrkiye&#8217;nin dertleri ayn\u0131. Tekirda\u011f&#8217;\u0131n en b\u00fcy\u00fck s\u0131k\u0131nt\u0131s\u0131 i\u015f ve ekmek s\u0131k\u0131nt\u0131s\u0131d\u0131r. Sanayi b\u00f6lgesi olmas\u0131na ra\u011fmen gen\u00e7 n\u00fcfusta ciddi \u015fekilde biri\u015fsizlik var. Tekirda\u011f&#8217;a gitti\u011fimizde \u00f6n\u00fcm\u00fc kesen vatanda\u015f, kendisine k\u0131z\u0131na, \u00e7olu\u011funa \u00e7ocu\u011funa i\u015f istiyor. Bug\u00fcn T\u00fcrkiye&#8217;nin de en b\u00fcy\u00fck s\u0131k\u0131nt\u0131s\u0131 da i\u015fsizliktir.<\/p>\n<p style=\"text-align: justify;\"><strong>H\u00dcK\u00dcMET B\u0130R KONUDA \u00c7OK BA\u015eARILI\u00a0<\/strong><\/p>\n<p style=\"text-align: justify;\">\u00dclkemiz her ge\u00e7en g\u00fcn fakirle\u015fiyor. Halk her ge\u00e7en g\u00fcn \u011f\u0131r vergiler alt\u0131nda eziliyor. H\u00fck\u00fcmet bir konuda ba\u015far\u0131l\u0131. Hangi konuda derseniz rakamlarla oynama konusunda \u00e7ok ba\u015far\u0131l\u0131lar. Onlar biliyorsunuz insanlar\u0131 bir gecede 3 bin dolar birden zenginle\u015ftiriler. Bir kalemde cari a\u00e7\u0131\u011f\u0131 azaltabilirler ama insanlar\u0131n rakamlar\u0131 ba\u015fka Bir baba evine geldi\u011finde bir kap yeme\u011fin eksildi\u011fini hissediyorsa ya da \u00e7ocu\u011funu okula g\u00f6nderirken cebine har\u00e7l\u0131k koyam\u0131yorsa ger\u00e7ek rakamlar bunlard\u0131r.<\/p>\n<p style=\"text-align: justify;\">Ya d\u0131\u015f politika?<\/p>\n<p style=\"text-align: justify;\">Ben T\u00fcrkiye&#8217;nin d\u0131\u015f politikadaki gidi\u015fini iyi g\u00f6rm\u00fcyorum. T\u00fcrkiye bug\u00fcne kadar Yurtta sulh cihanda sulh diyerek d\u0131\u015f politika y\u00fcr\u00fctm\u00fc\u015ft\u00fcr. Emperyalizmle m\u00fccadele ederek kurulmu\u015ftur. Biz d\u00fcnyada da bar\u0131\u015ftan yana olmal\u0131y\u0131z. D\u00fcnyada bar\u0131\u015ftan yana olursak klendi\u00fclkemiz de de bar\u0131\u015f\u0131 sa\u011flam\u0131\u015f oluruz.<\/p>\n<p style=\"text-align: justify;\">H\u00fck\u00fcmet s\u0131f\u0131r sorun dedi, geldi\u011fimiz noktada sorunlu olmad\u0131\u011f\u0131m\u0131z kom\u015fu kalmad\u0131. Kendi \u00fclkemizin mutlulu\u011fu i\u00e7inse sonuna kadar gidelim ama biz ba\u015fkalar\u0131n\u0131n ma\u015fas\u0131 olacaksak bu T\u00fcrkiye&#8217;nin yapaca\u011f\u0131 bir\u015fey de\u011fildir. Tayyip Erdo\u011fan&#8217;\u0131n ge\u00e7en senelerdeki &#8221; karde\u015fim Esad&#8217; s\u00f6yleminde bulundu\u011fu \u015fartlart ile bug\u00fcnk\u00fc \u015fartlar aras\u0131nda bir fark yoktur. De\u011fi\u015fen sadece ABD&#8217;nin Suriye planlar\u0131d\u0131r. T\u00fcrkiye&#8217;de ona g\u00f6re s\u00f6ylem de\u011fi\u015ftirmi\u015ftir. Karde\u015fim Esad oldu \u015fimdi &#8220;D\u00fc\u015fman\u0131m Esad&#8217;!<\/p>\n<p style=\"text-align: justify;\"><a href=\"http:\/\/muhalifgazete.com\/34172-Hukumet-bir-seyi-cok-iyi-yapiyor.htm\" target=\"_blank\">Kaynak : Muhalif Gazete<\/a><\/p>\n","protected":false},"excerpt":{"rendered":"<p style=\"text-align: center;\">\n<p style=\"text-align: justify;\">O CHP&#8217;nin en gen\u00e7 milletvekilerinden biri. Ancak tecr\u00fcbesiyle birikimiyle 40 y\u0131ll\u0131k CHP&#8217;lileri aratm\u0131yor.<\/p>\n<p style=\"text-align: justify;\">\u00d6nce gen\u00e7lik kollar\u0131 ba\u015fkanl\u0131\u011f\u0131, ard\u0131ndan delegelik ve il\u00e7e ba\u015fkanl\u0131\u011f\u0131 ve \u015fimdi de TBMM&#8217;de&#8230;<\/p>\n<p style=\"text-align: justify;\">&#8220;S\u00f6z muhalefette&#8221; dosyam\u0131z\u0131n bu haftaki konu\u011fu Tekirda\u011f CHP Milletvekili Emre K\u00f6pr\u00fcl\u00fc oldu.<\/p>\n","protected":false},"author":1,"featured_media":0,"comment_status":"open","ping_status":"open","sticky":false,"template":"","format":"standard","meta":{"footnotes":""},"categories":[105],"tags":[948],"class_list":["post-49793","post","type-post","status-publish","format-standard","hentry","category-gundem","tag-emre-koprulu","odd"],"_links":{"self":[{"href":"http:\/\/www.korhanyilmaz.com\/index.php?rest_route=\/wp\/v2\/posts\/49793","targetHints":{"allow":["GET"]}}],"collection":[{"href":"http:\/\/www.korhanyilmaz.com\/index.php?rest_route=\/wp\/v2\/posts"}],"about":[{"href":"http:\/\/www.korhanyilmaz.com\/index.php?rest_route=\/wp\/v2\/types\/post"}],"author":[{"embeddable":true,"href":"http:\/\/www.korhanyilmaz.com\/index.php?rest_route=\/wp\/v2\/users\/1"}],"replies":[{"embeddable":true,"href":"http:\/\/www.korhanyilmaz.com\/index.php?rest_route=%2Fwp%2Fv2%2Fcomments&post=49793"}],"version-history":[{"count":0,"href":"http:\/\/www.korhanyilmaz.com\/index.php?rest_route=\/wp\/v2\/posts\/49793\/revisions"}],"wp:attachment":[{"href":"http:\/\/www.korhanyilmaz.com\/index.php?rest_route=%2Fwp%2Fv2%2Fmedia&parent=49793"}],"wp:term":[{"taxonomy":"category","embeddable":true,"href":"http:\/\/www.korhanyilmaz.com\/index.php?rest_route=%2Fwp%2Fv2%2Fcategories&post=49793"},{"taxonomy":"post_tag","embeddable":true,"href":"http:\/\/www.korhanyilmaz.com\/index.php?rest_route=%2Fwp%2Fv2%2Ftags&post=49793"}],"curies":[{"name":"wp","href":"https:\/\/api.w.org\/{rel}","templated":true}]}}