{"id":49789,"date":"2012-03-23T10:43:57","date_gmt":"2012-03-23T08:43:57","guid":{"rendered":"http:\/\/www.korhanyilmaz.com\/?p=49789"},"modified":"2012-03-23T10:50:04","modified_gmt":"2012-03-23T08:50:04","slug":"ankara-bu-gorusmeyi-konusuyor-o-bakan-kim","status":"publish","type":"post","link":"http:\/\/www.korhanyilmaz.com\/?p=49789","title":{"rendered":"Ankara bu g\u00f6r\u00fc\u015fmeyi konu\u015fuyor! O bakan kim?"},"content":{"rendered":"<p style=\"text-align: center;\"><a href=\"http:\/\/www.korhanyilmaz.com\/wp-content\/uploads\/2012\/03\/A0070.jpg\"  class=\"lightview\"><img loading=\"lazy\" decoding=\"async\" class=\"aligncenter  wp-image-49790\" src=\"http:\/\/www.korhanyilmaz.com\/wp-content\/uploads\/2012\/03\/A0070.jpg\" alt=\"\" width=\"357\" height=\"175\" \/><\/a><\/p>\n<p style=\"text-align: justify;\">\u0130ktidar\u0131n \u00f6nemli bakan\u0131 ile BDP&#8217;li y\u00f6neticilerin yapt\u0131\u011f\u0131 g\u00f6r\u00fc\u015fme kulisleri sallad\u0131.<\/p>\n<p style=\"text-align: justify;\">H\u00fck\u00fcmetten kritik bir bakanla bir araya gelen BDP e\u015fba\u015fkanlar\u0131, BDP\u2019nin K\u00fcrt sorununun \u00e7\u00f6z\u00fcm\u00fc i\u00e7in parlamento zemininde neler yapabilece\u011fini tart\u0131\u015ft\u0131.<\/p>\n<p style=\"text-align: justify;\">BDP, h\u00fck\u00fcmete K\u00fcrt sorununa \u00e7\u00f6z\u00fcm i\u00e7in \u2018insiyatif almaya\u2019 haz\u0131r oldu\u011fu mesaj\u0131n\u0131 vererek parlamento \u00e7at\u0131s\u0131 alt\u0131nda ortak bir \u00e7al\u0131\u015fma yap\u0131s\u0131 \u00f6nerdi.\u00a0<!--more--><\/p>\n<p style=\"text-align: justify;\">H\u00fck\u00fcmet ter\u00f6rle m\u00fccadelede yeni yol haritas\u0131 \u00e7izdi. Kandil&#8217;e yaslanan BDP&#8217;yi defterden silen iktidara kar\u015f\u0131 BDP, yeni bir hamle yapt\u0131. PKK&#8217;n\u0131n uzant\u0131s\u0131 su\u00e7lamalar\u0131na kar\u015f\u0131 parti y\u00f6netimi imaj de\u011fi\u015ftirme \u00e7abas\u0131nda.<\/p>\n<p style=\"text-align: justify;\">Milliyet yazar\u0131 Asl\u0131 Ayd\u0131nta\u015fba\u015f, Demirta\u015f ile bir ay \u00f6nce ad\u0131 a\u00e7\u0131klanmayan bir bakan ile yapt\u0131\u011f\u0131 g\u00f6r\u00fc\u015fmeyi konu\u015ftu ve yeni ad\u0131m\u0131n ayr\u0131nt\u0131lar\u0131n\u0131 k\u00f6\u015fesinde yazd\u0131.<\/p>\n<p style=\"text-align: justify;\">(&#8230;)Yakla\u015f\u0131k bir ay \u00f6nce bakanl\u0131k makam\u0131nda ger\u00e7ekle\u015fen g\u00f6r\u00fc\u015fmede Demirta\u015f ve K\u0131\u015fanak, K\u00fcrt sorununun \u00e7\u00f6z\u00fcm\u00fc i\u00e7in aktif rol \u00fcstlenmeye haz\u0131r olduklar\u0131n\u0131 vurgulayarak \u2018S\u00fcre\u00e7 sertle\u015fiyor. Baharda sava\u015f\u0131n t\u0131rmanma olas\u0131l\u0131\u011f\u0131 var. Biz BDP olarak rol \u00fcstlenmeye haz\u0131r\u0131z. Birlikte \u00e7al\u0131\u015fal\u0131m. Kar\u015f\u0131l\u0131kl\u0131 g\u00fcven ortam\u0131 olu\u015fturmak konusunda ba\u015far\u0131l\u0131 olursak, \u015fiddetin durmas\u0131 konusunda da demokratik bas\u0131n\u00e7 yaratabiliriz\u2019 teklifinde bulunmu\u015f.<\/p>\n<p style=\"text-align: justify;\"><strong>PART\u0130 MECL\u0130S\u0130\u2019N\u0130N KARARI<\/strong><\/p>\n<p style=\"text-align: justify;\">G\u00f6r\u00fc\u015fmeyi do\u011frulayan BDP e\u015fba\u015fkan\u0131 Selahattin Demirta\u015f, Milliyet\u2019e parti meclisinin ortak karar\u0131 do\u011frultusunda bu ad\u0131m\u0131 att\u0131klar\u0131n\u0131 belirterek \u2018Siyaset bu g\u00fcnler i\u00e7in vard\u0131. Bahar geliyor ve korkuyoruz ki sava\u015f t\u0131rmanacak. \u00d6l\u00fcmleri durdurmak i\u00e7in rol \u00fcstlenmeye haz\u0131r\u0131z. H\u00fck\u00fcmete baz\u0131 konulardaki kayg\u0131lar\u0131m\u0131z\u0131 ileterek insiyatif almak istedi\u011fimizi ilettik. \u00c7\u00f6z\u00fcm noktas\u0131nda bizim de bir plan\u0131m\u0131z var. Sizin de varsa birlikte masaya yat\u0131ral\u0131m, dedik\u2019 dedi.<\/p>\n<p style=\"text-align: justify;\">Demirta\u015f, Ba\u015fbakan Tayyip Erdo\u011fan\u2019a iletilmek maksad\u0131yla tasarlanan g\u00f6r\u00fc\u015fmede BDP\u2019nin nas\u0131l bir mekanizma teklif etti\u011fi konusunda ise \u015funlar\u0131 s\u00f6yledi:<\/p>\n<p style=\"text-align: justify;\"><strong>TAKV\u0130MLE\u015eT\u0130REB\u0130L\u0130R\u0130Z\u00a0<\/strong><\/p>\n<p style=\"text-align: justify;\">\u2018\u0130\u015fin esas\u0131n\u0131 konu\u015fmad\u0131k. Ama bir yerlerden ba\u015flamak laz\u0131m. Takvimle\u015ftirebiliriz. Biz bahar arifesinde olabileceklerin \u00f6n\u00fcne ge\u00e7meye haz\u0131r\u0131z. Kar\u015f\u0131l\u0131kl\u0131 g\u00fcven ortam\u0131 olu\u015fturmak i\u00e7in makul ve \u00e7\u00f6z\u00fclebilir \u015feylerden ba\u015flayal\u0131m dedik. Masaya oturdu\u011fumuzda sadece bir madde \u00fczerinde bile anla\u015fsak \u00e7\u0131k\u0131p bunu a\u00e7\u0131klayal\u0131m, dedik.\u2019<\/p>\n<p style=\"text-align: justify;\"><strong>&#8220;\u0130N\u0130S\u0130YAT\u0130F ALMAK \u0130STED\u0130\u011e\u0130M\u0130Z\u0130 \u0130LETT\u0130K&#8221;\u00a0<\/strong><\/p>\n<p style=\"text-align: justify;\">Demirta\u015f&#8217;\u0131n s\u00f6yledikleri bununla s\u0131n\u0131rl\u0131 de\u011fil. \u00c7\u00f6z\u00fcm noktas\u0131nda samimi olduklar\u0131n\u0131n alt\u0131n\u0131 \u00e7izen BDP lideri, h\u00fck\u00fcmete bu s\u00f6zlerle \u00e7a\u011fr\u0131da bulunuyor:<\/p>\n<p style=\"text-align: justify;\">&#8220;H\u00fck\u00fcmet bize hen\u00fcz d\u00f6n\u00fc\u015f yapmad\u0131. Ama Ba\u015fbakan bize y\u00f6nelik sert mesajlar veriyor, grup toplant\u0131s\u0131nda da Kandil\u2019den talimat ald\u0131\u011f\u0131m\u0131z gibi ger\u00e7e\u011fi yans\u0131tmayan \u015feyler s\u00f6yledi. Oysa daha 25 g\u00fcn \u00f6nce bu konuda insiyatif almak istedi\u011fimizi ileten bizzat biziz. Sanki biz sorumluluk almak istemiyoruz gibi bizi elinin tersiyle itiyor. Ama do\u011fru de\u011fil. Sa\u011fl\u0131kl\u0131 de\u011fil. Biz siyasi \u00e7\u00f6z\u00fcm arama noktas\u0131nday\u0131z ve samimiyiz. Bu i\u015f eninde sonunda siyasi \u00e7\u00f6z\u00fcm ve m\u00fczakere noktas\u0131na gelecek. Bunu bir g\u00fcn bile erkene \u00e7ekebilmek ahlaki bir sorumluluk. Bu hafta, \u00f6n\u00fcm\u00fczdeki hafta makul bir yerlerden ba\u015flayal\u0131m. BDP o kap\u0131y\u0131 her zaman a\u00e7\u0131k tutuyor\u2019<\/p>\n<p style=\"text-align: justify;\"><a href=\"http:\/\/muhalifgazete.com\/34212-Ankara-bu-gorusmeyi-konusuyor-O-bakan-kim.htm\" target=\"_blank\">Kaynak : Muhalif Gazete<\/a><\/p>\n","protected":false},"excerpt":{"rendered":"<p style=\"text-align: center;\">\n<p style=\"text-align: justify;\">\u0130ktidar\u0131n \u00f6nemli bakan\u0131 ile BDP&#8217;li y\u00f6neticilerin yapt\u0131\u011f\u0131 g\u00f6r\u00fc\u015fme kulisleri sallad\u0131.<\/p>\n<p style=\"text-align: justify;\">H\u00fck\u00fcmetten kritik bir bakanla bir araya gelen BDP e\u015fba\u015fkanlar\u0131, BDP\u2019nin K\u00fcrt sorununun \u00e7\u00f6z\u00fcm\u00fc i\u00e7in parlamento zemininde neler yapabilece\u011fini tart\u0131\u015ft\u0131.<\/p>\n<p style=\"text-align: justify;\">BDP, h\u00fck\u00fcmete K\u00fcrt sorununa \u00e7\u00f6z\u00fcm i\u00e7in \u2018insiyatif almaya\u2019 haz\u0131r oldu\u011fu mesaj\u0131n\u0131 vererek parlamento \u00e7at\u0131s\u0131 alt\u0131nda ortak bir <\/p>\n","protected":false},"author":1,"featured_media":0,"comment_status":"open","ping_status":"open","sticky":false,"template":"","format":"standard","meta":{"footnotes":""},"categories":[105],"tags":[],"class_list":["post-49789","post","type-post","status-publish","format-standard","hentry","category-gundem","odd"],"_links":{"self":[{"href":"http:\/\/www.korhanyilmaz.com\/index.php?rest_route=\/wp\/v2\/posts\/49789","targetHints":{"allow":["GET"]}}],"collection":[{"href":"http:\/\/www.korhanyilmaz.com\/index.php?rest_route=\/wp\/v2\/posts"}],"about":[{"href":"http:\/\/www.korhanyilmaz.com\/index.php?rest_route=\/wp\/v2\/types\/post"}],"author":[{"embeddable":true,"href":"http:\/\/www.korhanyilmaz.com\/index.php?rest_route=\/wp\/v2\/users\/1"}],"replies":[{"embeddable":true,"href":"http:\/\/www.korhanyilmaz.com\/index.php?rest_route=%2Fwp%2Fv2%2Fcomments&post=49789"}],"version-history":[{"count":0,"href":"http:\/\/www.korhanyilmaz.com\/index.php?rest_route=\/wp\/v2\/posts\/49789\/revisions"}],"wp:attachment":[{"href":"http:\/\/www.korhanyilmaz.com\/index.php?rest_route=%2Fwp%2Fv2%2Fmedia&parent=49789"}],"wp:term":[{"taxonomy":"category","embeddable":true,"href":"http:\/\/www.korhanyilmaz.com\/index.php?rest_route=%2Fwp%2Fv2%2Fcategories&post=49789"},{"taxonomy":"post_tag","embeddable":true,"href":"http:\/\/www.korhanyilmaz.com\/index.php?rest_route=%2Fwp%2Fv2%2Ftags&post=49789"}],"curies":[{"name":"wp","href":"https:\/\/api.w.org\/{rel}","templated":true}]}}