{"id":49775,"date":"2012-03-22T12:36:08","date_gmt":"2012-03-22T10:36:08","guid":{"rendered":"http:\/\/www.korhanyilmaz.com\/?p=49775"},"modified":"2012-03-22T22:41:56","modified_gmt":"2012-03-22T20:41:56","slug":"sehit-sayisi-altiya-yukseldi","status":"publish","type":"post","link":"http:\/\/www.korhanyilmaz.com\/?p=49775","title":{"rendered":"\u015eehit say\u0131s\u0131 alt\u0131ya y\u00fckseldi"},"content":{"rendered":"<p style=\"text-align: justify;\"><a href=\"http:\/\/www.korhanyilmaz.com\/wp-content\/uploads\/2012\/03\/A0067.jpg\"  class=\"lightview\"><img loading=\"lazy\" decoding=\"async\" class=\"aligncenter size-full wp-image-49777\" title=\"\" src=\"http:\/\/www.korhanyilmaz.com\/wp-content\/uploads\/2012\/03\/A0067.jpg\" alt=\"\" width=\"250\" height=\"150\" \/><\/a><\/p>\n<p style=\"text-align: justify;\">\u015e\u0131rnak&#8217;da Cudi Da\u011f\u0131&#8217;nda devam eden operasyonlarda \u015fehit olan polis say\u0131s\u0131 6&#8217;ya \u00e7\u0131kt\u0131, 2&#8217;si asker 10 g\u00fcvenlik g\u00f6revlisi yaraland\u0131. \u00c7at\u0131\u015fmada 7 PKK&#8217;l\u0131 ise \u00f6ld\u00fcr\u00fcld\u00fc. Emniyet Genel M\u00fcd\u00fcrl\u00fc\u011f\u00fc \u00e7at\u0131\u015fmada \u015fehit olan polislerin ismini a\u00e7\u0131klad\u0131. \u00c7at\u0131\u015fmada Ba\u015fpolis Memuru Kadir Can, Polis Memuru Cihat Akkaya, Polis Memuru Recep Topalo\u011flu, Polis Memuru Arif Mam\u0131\u015f, Polis Memuru Selim Arslan ve Polis Memuru Mustafa Erdo\u011fan \u015fehit oldu.\u00a0<!--more--><\/p>\n<p style=\"text-align: justify;\">Bahar\u0131n gelmesiyle birlikte \u015e\u0131rnak&#8217;taki Cudi Da\u011f\u0131&#8217;nda gizlendikleri s\u0131\u011f\u0131nak ve ma\u011faralardan \u00e7\u0131k\u0131p hareket halinde olduklar\u0131 belirtilen ter\u00f6ristlere y\u00f6nelik d\u00fcn hava destekli geni\u015f kapsaml\u0131 operasyon ba\u015flat\u0131ld\u0131. Cudi Da\u011f\u0131&#8217;n\u0131n, Silopi \u0130l\u00e7esi kesimindeki \u00c7a\u011flayan ve Tu\u015fimiya Vadisi&#8217;nin Dereli Mevkii&#8217;nde hareket halinde bir grup PKK&#8217;l\u0131 tespit edildi. \u015e\u0131rnak 23&#8217;\u00fcnc\u00fc Jandarma S\u0131n\u0131r T\u00fcmen Komutanl\u0131\u011f\u0131&#8217;ndan kalkan Kobra helikopterler ter\u00f6ristlerin bulundu\u011fu alanlar\u0131 yo\u011fun ate\u015f alt\u0131na al\u0131p bombalad\u0131.<\/p>\n<p style=\"text-align: justify;\"><strong>6 POL\u0130S \u015eEH\u0130T, 7 PKK&#8217;LI \u00d6LD\u00dcR\u00dcLD\u00dc\u00a0<\/strong><\/p>\n<p style=\"text-align: justify;\">B\u00f6lgeye Sikorsky helikopterlerle jandarma ve polisin \u00d6zel Harekat Timler indirilerek, Kobra helikopterlerin ate\u015finden ka\u00e7maya \u00e7al\u0131\u015fan PKK&#8217;l\u0131lar takibe al\u0131nd\u0131. Kalabal\u0131k PKK&#8217;l\u0131 grupla g\u00fcvenlik g\u00fc\u00e7leri aras\u0131nda \u00e7at\u0131\u015fma \u00e7\u0131kt\u0131. Zaman zaman \u015fiddetlenen \u00e7at\u0131\u015fman\u0131n d\u00fcnk\u00fc b\u00f6l\u00fcm\u00fcnde \u00d6zel Harekat Timi&#8217;nde g\u00f6revli 5 polis memuru \u015fehit d\u00fc\u015ft\u00fc. Gece boyunca da silah seslerinin geldi\u011fi b\u00f6lgede sabah yeniden \u015fiddetlenen \u00e7at\u0131\u015fmada \u00d6zel Harekat Timi&#8217;nde g\u00f6revli 1 polisin daha \u015fehit oldu\u011fu haberi geldi ve b\u00f6ylece Cudi Da\u011f\u0131&#8217;ndaki \u00e7at\u0131\u015fmalarda \u015fehit olan polislerin say\u0131s\u0131 6&#8217;ya \u00e7\u0131kt\u0131.<\/p>\n<p style=\"text-align: justify;\">G\u00fcvenlik g\u00fc\u00e7lerinin hava destekli operasyonunda \u00e7embere al\u0131nan ter\u00f6ristlerden 7&#8217;si \u00f6l\u00fc ele ge\u00e7irilirken, 2&#8217;si asker 10 g\u00fcvenlik g\u00f6revlisi de yaraland\u0131. Operasyon b\u00f6lgesine bug\u00fcn helikopterlerle yeni timler sevk edilerek, ter\u00f6ristlerin t\u00fcm ka\u00e7\u0131\u015f g\u00fczergahlar\u0131 tutuldu. B\u00f6lgede \u015fiddetli \u00e7at\u0131\u015fmalar\u0131n s\u00fcrd\u00fc\u011f\u00fc kaydedildi.<\/p>\n<p style=\"text-align: justify;\"><strong>\u015eEH\u0130TLER\u0130M\u0130Z\u0130N \u0130S\u0130MLER\u0130\u00a0<\/strong><\/p>\n<p style=\"text-align: justify;\">Emniyet Genel M\u00fcd\u00fcrl\u00fc\u011f\u00fc, \u015e\u0131rnak \u0130li Silopi \u0130l\u00e7esi Cudi Da\u011f\u0131 k\u0131rsal\u0131nda \u00e7\u0131kan \u00e7at\u0131\u015fma ile ilgili yaz\u0131l\u0131 bir a\u00e7\u0131klama yapt\u0131. \u00c7\u0131kan \u00e7at\u0131\u015fmada 6 polisin \u015fehit oldu\u011fu belirtildi.<\/p>\n<p style=\"text-align: justify;\">Emniyet Genel M\u00fcd\u00fcrl\u00fc\u011f\u00fc&#8217;nden yap\u0131lan yaz\u0131l\u0131 a\u00e7\u0131klama \u015f\u00f6yle: &#8220;\u015e\u0131rnak \u0130li Silopi \u0130l\u00e7esi Cudi Da\u011f\u0131 k\u0131rsal\u0131nda saat 10.00 s\u0131ralar\u0131nda b\u00f6l\u00fcc\u00fc ter\u00f6r \u00f6rg\u00fct\u00fc mensuplar\u0131 ile \u00e7\u0131kan \u00e7at\u0131\u015fmada, Ba\u015fpolis Memuru Kadir Can, Polis Memuru Cihat Akkaya, Polis Memuru Recep Topalo\u011flu, Polis Memuru Arif Mam\u0131\u015f, Polis Memuru Selim Arslan ve Polis Memuru Mustafa Erdo\u011fan \u015fehit olmu\u015flard\u0131r.&#8221;<\/p>\n<p style=\"text-align: justify;\"><strong>\u015eEH\u0130TLERE \u015eIRNAK&#8217;TA U\u011eURLAMA T\u00d6REN\u0130\u00a0<\/strong><\/p>\n<p style=\"text-align: justify;\">Cudi Da\u011f\u0131&#8217;nda PKK&#8217;l\u0131larla \u00e7\u0131kan \u00e7at\u0131\u015fmada \u015fehit olan Ba\u015fpolis Memuru Kadir Can, polis memurlar\u0131 Cihat Akkaya, Recep Topalo\u011flu, Arif Mam\u0131\u015f, Selim Arslan, Mustafa Erdo\u011fan i\u00e7in \u015e\u0131rnak 23&#8217;\u00fcnc\u00fc Jandarma S\u0131n\u0131r T\u00fcmen Komutanl\u0131\u011f\u0131&#8217;nda u\u011furlama t\u00f6reni d\u00fczenlendi.<\/p>\n<p style=\"text-align: justify;\">T\u00f6rene \u0130\u00e7i\u015fleri Bakan\u0131 \u0130dris Naim \u015eahin, Jandarma Genel Komutan\u0131 Orgeneral Bekir Kalyoncu, Emniyet Genel M\u00fcd\u00fcr\u00fc Mehmet K\u0131l\u0131\u00e7lar, \u015e\u0131rnak Valisi Vahdettin \u00d6zkan, 23&#8217;\u00fcnc\u00fc Jandarma S\u0131n\u0131r T\u00fcmen Komutan\u0131 T\u00fcmgeneral \u0130lhan B\u00f6l\u00fck, askeri erkan ve \u015fehit polislerin meslekta\u015flar\u0131 kat\u0131ld\u0131.<\/p>\n<p style=\"text-align: justify;\">Bas\u0131na kapal\u0131 yap\u0131lan ve dualar\u0131n okundu\u011fu t\u00f6renin ard\u0131ndan \u015fehitlerin cenazeleri helikopterlerle Diyarbak\u0131r&#8217;a g\u00f6nderildi.<\/p>\n<p style=\"text-align: justify;\"><strong>CUD\u0130&#8217;DE PKK&#8217;LILARA BOMBA YA\u011eIYOR\u00a0<\/strong><\/p>\n<p style=\"text-align: justify;\">\u015e\u0131rnak 23&#8217;\u00fcnc\u00fc Jandarma T\u00fcmen Komutanl\u0131\u011f\u0131 ile \u00c7ak\u0131rs\u00f6\u011f\u00fct Jandarma Tugay Komutanl\u0131\u011f\u0131&#8217;ndan kalkan Kobra helikopterler ter\u00f6ristlerin bulundu\u011fu alanlar\u0131 g\u00fcn boyu yo\u011fun ate\u015f alt\u0131na al\u0131p, bombalad\u0131. Cudi \u00fczerinde b\u00fcy\u00fck helikopter hareketlili\u011fi ya\u015fan\u0131rken, bombalanan alanlardan y\u00fckselen dumanlar uzaklardan g\u00f6r\u00fcld\u00fc. Operasyonda 1 PKK&#8217;l\u0131n\u0131n da sa\u011f olarak ele ge\u00e7irildi\u011fi \u00f6\u011frenildi.<\/p>\n<p style=\"text-align: justify;\">\u00c7at\u0131\u015fmada yaralanan ve durumlar\u0131 a\u011f\u0131r oldu\u011fu belirtilen 3 g\u00fcvenlik g\u00f6revlisi Siirt Havaalan\u0131&#8217;ndan ambulans u\u00e7aklarla Ankara&#8217;ya g\u00f6t\u00fcr\u00fcld\u00fc.<\/p>\n<p style=\"text-align: justify;\"><a href=\"http:\/\/www.korhanyilmaz.com\/wp-content\/uploads\/2012\/03\/A0066.jpg\"  class=\"lightview\"><img loading=\"lazy\" decoding=\"async\" class=\"aligncenter size-full wp-image-49776\" title=\"\" src=\"http:\/\/www.korhanyilmaz.com\/wp-content\/uploads\/2012\/03\/A0066.jpg\" alt=\"\" width=\"500\" height=\"499\" \/><\/a><\/p>\n<p style=\"text-align: justify;\"><a href=\"http:\/\/www.hurriyet.com.tr\/gundem\/20179961.asp\" target=\"_blank\">Kaynak : H\u00fcrriyet.com.tr<\/a><\/p>\n","protected":false},"excerpt":{"rendered":"<p style=\"text-align: justify;\">\n<p style=\"text-align: justify;\">\u015e\u0131rnak&#8217;da Cudi Da\u011f\u0131&#8217;nda devam eden operasyonlarda \u015fehit olan polis say\u0131s\u0131 6&#8217;ya \u00e7\u0131kt\u0131, 2&#8217;si asker 10 g\u00fcvenlik g\u00f6revlisi yaraland\u0131. \u00c7at\u0131\u015fmada 7 PKK&#8217;l\u0131 ise \u00f6ld\u00fcr\u00fcld\u00fc. Emniyet Genel M\u00fcd\u00fcrl\u00fc\u011f\u00fc \u00e7at\u0131\u015fmada \u015fehit olan polislerin ismini a\u00e7\u0131klad\u0131. \u00c7at\u0131\u015fmada Ba\u015fpolis Memuru Kadir Can, Polis Memuru Cihat Akkaya, Polis Memuru Recep Topalo\u011flu, Polis Memuru Arif Mam\u0131\u015f, Polis <\/p>\n","protected":false},"author":1,"featured_media":0,"comment_status":"open","ping_status":"open","sticky":false,"template":"","format":"standard","meta":{"footnotes":""},"categories":[105],"tags":[],"class_list":["post-49775","post","type-post","status-publish","format-standard","hentry","category-gundem","odd"],"_links":{"self":[{"href":"http:\/\/www.korhanyilmaz.com\/index.php?rest_route=\/wp\/v2\/posts\/49775","targetHints":{"allow":["GET"]}}],"collection":[{"href":"http:\/\/www.korhanyilmaz.com\/index.php?rest_route=\/wp\/v2\/posts"}],"about":[{"href":"http:\/\/www.korhanyilmaz.com\/index.php?rest_route=\/wp\/v2\/types\/post"}],"author":[{"embeddable":true,"href":"http:\/\/www.korhanyilmaz.com\/index.php?rest_route=\/wp\/v2\/users\/1"}],"replies":[{"embeddable":true,"href":"http:\/\/www.korhanyilmaz.com\/index.php?rest_route=%2Fwp%2Fv2%2Fcomments&post=49775"}],"version-history":[{"count":0,"href":"http:\/\/www.korhanyilmaz.com\/index.php?rest_route=\/wp\/v2\/posts\/49775\/revisions"}],"wp:attachment":[{"href":"http:\/\/www.korhanyilmaz.com\/index.php?rest_route=%2Fwp%2Fv2%2Fmedia&parent=49775"}],"wp:term":[{"taxonomy":"category","embeddable":true,"href":"http:\/\/www.korhanyilmaz.com\/index.php?rest_route=%2Fwp%2Fv2%2Fcategories&post=49775"},{"taxonomy":"post_tag","embeddable":true,"href":"http:\/\/www.korhanyilmaz.com\/index.php?rest_route=%2Fwp%2Fv2%2Ftags&post=49775"}],"curies":[{"name":"wp","href":"https:\/\/api.w.org\/{rel}","templated":true}]}}