{"id":49765,"date":"2012-03-22T14:56:04","date_gmt":"2012-03-22T12:56:04","guid":{"rendered":"http:\/\/www.korhanyilmaz.com\/?p=49765"},"modified":"2012-03-22T22:01:07","modified_gmt":"2012-03-22T20:01:07","slug":"rizede-camisiz-minare","status":"publish","type":"post","link":"http:\/\/www.korhanyilmaz.com\/?p=49765","title":{"rendered":"Rize&#8217;de camisiz minare!.."},"content":{"rendered":"<p style=\"text-align: center;\"><a href=\"http:\/\/www.korhanyilmaz.com\/wp-content\/uploads\/2012\/03\/A0064.jpg\"  class=\"lightview\"><img loading=\"lazy\" decoding=\"async\" class=\"aligncenter  wp-image-49766\" src=\"http:\/\/www.korhanyilmaz.com\/wp-content\/uploads\/2012\/03\/A0064.jpg\" alt=\"\" width=\"307\" height=\"236\" \/><\/a><\/p>\n<p style=\"text-align: justify;\">Rize&#8217;nin Kalkandere \u0130l\u00e7esi H\u00fcseyin Hoca K\u00f6y\u00fc&#8217;nde 34 y\u0131l \u00f6nce Trabzon&#8217;un Of \u0130l\u00e7esi&#8217;nden getirilerek \u00e7ay al\u0131m merkezinin \u00fczerine monte edilen 186 y\u0131ll\u0131k tarihi ah\u015fap cami, 9 ay \u00f6nce vin\u00e7 yard\u0131m\u0131yla kald\u0131r\u0131larak yeni yerine ta\u015f\u0131nd\u0131. Bir s\u00fcre sonra \u00e7ay al\u0131m merkezi de y\u0131k\u0131l\u0131nca ta\u015f\u0131nan caminin 45 metrelik minaresi ortada kald\u0131.<!--more--><\/p>\n<p style=\"text-align: justify;\">Trabzon&#8217;un Of \u0130l\u00e7esi Keler K\u00f6y\u00fc&#8217;nde 1825 y\u0131l\u0131nda Ordulu Mehmet Usta taraf\u0131ndan yap\u0131lan ve ah\u015fap sanat\u0131 ile i\u015flemecili\u011finin g\u00fczel \u00f6rneklerinden biri olarak g\u00f6sterilen tarihi cami, 1977 y\u0131l\u0131nda ta\u015f\u0131narak Rize&#8217;nin Kalkandere \u0130l\u00e7esi H\u00fcseyin Hocak\u00f6y\u00fc&#8217;ndeki bir \u00e7ay al\u0131m yerinin \u00fczerine monte edilmi\u015fti.<\/p>\n<p style=\"text-align: justify;\">35 y\u0131ld\u0131r burada hizmet veren tarihi caminin y\u0131llar i\u00e7inde \u00e7evresine in\u015fa edilen binalar nedeniyle g\u00fczel g\u00f6r\u00fcnt\u00fcs\u00fc kayboldu. Caminin ah\u015fap b\u00f6l\u00fcmlerinde de deformasyonlar meydana geldi.<\/p>\n<p style=\"text-align: justify;\">Trabzon K\u00fclt\u00fcr ve Tabiat Varl\u0131klar\u0131n\u0131 Koruma Kurulu&#8217;nca koruma alt\u0131na al\u0131nan cami i\u00e7in Rize Valili\u011fi restorasyon \u00e7al\u0131\u015fmas\u0131 ba\u015flatt\u0131. Bu \u00e7al\u0131\u015fmalar s\u0131ras\u0131nda caminin daha g\u00fczel g\u00f6r\u00fcnmesi i\u00e7in ba\u015fka yere nakledilmesine karar verildi. Ah\u015fap cami 9 ay \u00f6nce vin\u00e7 yard\u0131m\u0131yla 30 metre uzakl\u0131ktaki yeni yerine ta\u015f\u0131nd\u0131.<\/p>\n<p style=\"text-align: justify;\"><strong>&#8220;Karar verece\u011fiz&#8221;<\/strong><\/p>\n<p style=\"text-align: justify;\">Ah\u015fap caminin ta\u015f\u0131nmas\u0131n\u0131n ard\u0131ndan \u00e7ay al\u0131m merkezide y\u0131k\u0131l\u0131nca camiye ait yakla\u015f\u0131k 45 metre y\u00fcksekli\u011findeki 2 \u015ferefeli minare ortada kald\u0131. K\u00f6yl\u00fcler, ilgin\u00e7 bir g\u00f6r\u00fcnt\u00fc olu\u015fturan minareyi ne yapacaklar\u0131n\u0131 d\u00fc\u015f\u00fcnmeye ba\u015flad\u0131.<\/p>\n<p style=\"text-align: center;\"><a href=\"http:\/\/www.korhanyilmaz.com\/wp-content\/uploads\/2012\/03\/A0063.jpg\"  class=\"lightview\"><img loading=\"lazy\" decoding=\"async\" class=\"aligncenter  wp-image-49767\" src=\"http:\/\/www.korhanyilmaz.com\/wp-content\/uploads\/2012\/03\/A0063.jpg\" alt=\"\" width=\"464\" height=\"304\" \/><\/a><\/p>\n<p style=\"text-align: justify;\">Kalkandere \u0130l Genel Meclis \u00fcyesi Hasan Kans\u0131zo\u011flu, tarihi camiyi koruyarak ya\u015fatmak amac\u0131yla bir s\u00fcre \u00f6nce vin\u00e7 yard\u0131m\u0131yla daha g\u00fczel bir alan ta\u015f\u0131d\u0131klar\u0131n\u0131 hat\u0131rlatt\u0131. Kans\u0131zo\u011flu, &#8220;Ah\u015fap sanat\u0131 ve i\u015flemecili\u011finin \u00e7ok g\u00fczel bir \u00f6rne\u011fi olan 187 y\u0131ll\u0131k tarihi camimiz restorasyon \u00e7al\u0131\u015fmas\u0131 kapsam\u0131nda yeni yerine ta\u015f\u0131nd\u0131. Burada K\u00fclt\u00fcr ve Tabiat Varl\u0131klar\u0131 Koruma Kurulunca \u00e7evre d\u00fczenlemesi ve restorasyon \u00e7al\u0131\u015fmas\u0131 yap\u0131lacak. Ancak \u00e7ay al\u0131m merkezini y\u0131k\u0131nca caminin minaresi ortada kald\u0131. Ne yap\u0131laca\u011f\u0131na \u00f6n\u00fcm\u00fczdeki g\u00fcnlerde karar verece\u011fiz&#8221; dedi.<\/p>\n<p style=\"text-align: justify;\"><a href=\"http:\/\/www.cnnturk.com\/2012\/turkiye\/03\/22\/rizede.camisiz.minare\/654229.0\/index.html\" target=\"_blank\">Kaynak : CNN T\u00dcRK<\/a><\/p>\n","protected":false},"excerpt":{"rendered":"<p style=\"text-align: center;\">\n<p style=\"text-align: justify;\">Rize&#8217;nin Kalkandere \u0130l\u00e7esi H\u00fcseyin Hoca K\u00f6y\u00fc&#8217;nde 34 y\u0131l \u00f6nce Trabzon&#8217;un Of \u0130l\u00e7esi&#8217;nden getirilerek \u00e7ay al\u0131m merkezinin \u00fczerine monte edilen 186 y\u0131ll\u0131k tarihi ah\u015fap cami, 9 ay \u00f6nce vin\u00e7 yard\u0131m\u0131yla kald\u0131r\u0131larak yeni yerine ta\u015f\u0131nd\u0131. Bir s\u00fcre sonra \u00e7ay al\u0131m merkezi de y\u0131k\u0131l\u0131nca ta\u015f\u0131nan caminin 45 metrelik minaresi ortada kald\u0131.<\/p>\n","protected":false},"author":1,"featured_media":0,"comment_status":"open","ping_status":"open","sticky":false,"template":"","format":"standard","meta":{"footnotes":""},"categories":[105],"tags":[],"class_list":["post-49765","post","type-post","status-publish","format-standard","hentry","category-gundem","odd"],"_links":{"self":[{"href":"http:\/\/www.korhanyilmaz.com\/index.php?rest_route=\/wp\/v2\/posts\/49765","targetHints":{"allow":["GET"]}}],"collection":[{"href":"http:\/\/www.korhanyilmaz.com\/index.php?rest_route=\/wp\/v2\/posts"}],"about":[{"href":"http:\/\/www.korhanyilmaz.com\/index.php?rest_route=\/wp\/v2\/types\/post"}],"author":[{"embeddable":true,"href":"http:\/\/www.korhanyilmaz.com\/index.php?rest_route=\/wp\/v2\/users\/1"}],"replies":[{"embeddable":true,"href":"http:\/\/www.korhanyilmaz.com\/index.php?rest_route=%2Fwp%2Fv2%2Fcomments&post=49765"}],"version-history":[{"count":0,"href":"http:\/\/www.korhanyilmaz.com\/index.php?rest_route=\/wp\/v2\/posts\/49765\/revisions"}],"wp:attachment":[{"href":"http:\/\/www.korhanyilmaz.com\/index.php?rest_route=%2Fwp%2Fv2%2Fmedia&parent=49765"}],"wp:term":[{"taxonomy":"category","embeddable":true,"href":"http:\/\/www.korhanyilmaz.com\/index.php?rest_route=%2Fwp%2Fv2%2Fcategories&post=49765"},{"taxonomy":"post_tag","embeddable":true,"href":"http:\/\/www.korhanyilmaz.com\/index.php?rest_route=%2Fwp%2Fv2%2Ftags&post=49765"}],"curies":[{"name":"wp","href":"https:\/\/api.w.org\/{rel}","templated":true}]}}