{"id":49761,"date":"2012-03-22T10:08:14","date_gmt":"2012-03-22T08:08:14","guid":{"rendered":"http:\/\/www.korhanyilmaz.com\/?p=49761"},"modified":"2012-03-22T20:55:41","modified_gmt":"2012-03-22T18:55:41","slug":"aihm-yukten-kurtulacak","status":"publish","type":"post","link":"http:\/\/www.korhanyilmaz.com\/?p=49761","title":{"rendered":"&#8216;A\u0130HM y\u00fckten kurtulacak&#8217;"},"content":{"rendered":"<p style=\"text-align: center;\"><a href=\"http:\/\/www.korhanyilmaz.com\/wp-content\/uploads\/2012\/03\/A0062.jpg\"  class=\"lightview\"><img loading=\"lazy\" decoding=\"async\" class=\"aligncenter  wp-image-49762\" src=\"http:\/\/www.korhanyilmaz.com\/wp-content\/uploads\/2012\/03\/A0062.jpg\" alt=\"\" width=\"276\" height=\"207\" \/><\/a><\/p>\n<p style=\"text-align: justify;\">Avrupa \u0130nsan Haklar\u0131 Mahkemesi, uzun s\u00fcren yarg\u0131lamalarla ilgili yakla\u015f\u0131k 3 bin ba\u015fvuruyu T\u00fcrkiye&#8217;ye iadeye haz\u0131rlan\u0131rken mahkemenin eski yarg\u0131c\u0131 CHP \u0130zmir Milletvekili R\u0131za T\u00fcrmen, bu y\u00f6ntemin yaln\u0131zca A\u0130HM&#8217;yi dava &#8220;y\u00fck\u00fcnden&#8221; kurtaraca\u011f\u0131na i\u015faret etti.<!--more--><\/p>\n<p style=\"text-align: justify;\">Cumhuriyet\/Ankara B\u00fcrosu- A\u0130HM, uzun s\u00fcren yarg\u0131lamalara ili\u015fkin \u015fik\u00e2yetlerle s\u0131n\u0131rl\u0131 olmak \u00fczere ge\u00e7ti\u011fimiz y\u0131llarda g\u00f6r\u00fc\u015ft\u00fc\u011f\u00fc bir davan\u0131n ard\u0131ndan taraf \u00fclkelere kendi ulusal yarg\u0131 sistemleri i\u00e7erisinde ara bir yap\u0131land\u0131rmaya gitmeleri \u00f6nerisinde bulunmu\u015ftu. Pilot uygulaman\u0131n kabul g\u00f6rmesinin ard\u0131ndan T\u00fcrkiye A\u0130HM\u2019nin \u00f6l\u00e7\u00fctleri ve beklentileri do\u011frultusunda \u201cyarg\u0131sal\u201d nitelik ta\u015f\u0131yan, A\u0130HM \u00f6ncesi denetimi yapacak olan organ olu\u015fturulmas\u0131 benimsendi. Bu yap\u0131n\u0131n kurulmas\u0131n\u0131n ard\u0131ndan da A\u0130HM, T\u00fcrkiye\u2019den yap\u0131lan uzun s\u00fcren yarg\u0131lama \u015fik\u00e2yetiyle ilgili dosyalar\u0131 komisyona devredecek.<\/p>\n<p style=\"text-align: justify;\">Eski A\u0130HM Yarg\u0131c\u0131 R\u0131za T\u00fcrmen, A\u0130HM\u2019nin Polonya\u2019dan gelen bir \u015fik\u00e2yeti g\u00f6r\u00fc\u015fmesinin ard\u0131ndan uzun s\u00fcren yarg\u0131lamalara ili\u015fkin \u015fik\u00e2yetlerin incelenmesi i\u00e7in \u00fclkelerin ulusal yarg\u0131 makam\u0131 kurulmas\u0131n\u0131 birka\u00e7 y\u0131l \u00f6nce \u00f6nerdi\u011fine i\u015faret ederek \u201c\u0130talyan deneyiminden \u015funu biliyoruz ki, ulusal yarg\u0131 organ\u0131 ba\u015fvurunun ard\u0131ndan tazminata h\u00fckmedecek. Tazminat \u00f6dendikten sonra dava devam ediyor olabilir ki bir\u00e7ok durumda da b\u00f6yle oluyor. Bu kez yeniden A\u0130HM\u2019ye gidilecek\u201d dedi. S\u0131kl\u0131kla uzun tutukluluk ile uzun yarg\u0131lama s\u00fcresinin kar\u0131\u015ft\u0131r\u0131ld\u0131\u011f\u0131n\u0131n alt\u0131n\u0131 \u00e7izen T\u00fcrmen, \u201cBurada yap\u0131lan yaln\u0131zca uzun s\u00fcren yarg\u0131lamayla ilgili. Tutuklulukla bu yap\u0131lan\u0131n hi\u00e7bir ilgisi yoktur\u201d dedi.<\/p>\n<p style=\"text-align: justify;\">Bu yolla A\u0130HM\u2019nin \u201c3 bin davadan kurtulmu\u015f olaca\u011f\u0131n\u0131\u201d vurgulayan R\u0131za T\u00fcrmen, \u201cT\u00fcrkiye bak\u0131m\u0131ndan olaya bak\u0131ld\u0131\u011f\u0131nda ise yarg\u0131lama s\u00fcresi k\u0131salt\u0131lmad\u0131\u011f\u0131 s\u00fcrece bu komisyon da \u00e7\u00f6z\u00fcm getirmeyecektir. \u00c7\u00fcnk\u00fc tazminat\u0131 ald\u0131ktan sonra da ki\u015filer A\u0130HM\u2019ye gidebilecek, bu yol kapanmam\u0131\u015f olacak. As\u0131l \u00f6nemli olan yarg\u0131lama s\u00fcresini k\u0131saltacak \u00f6nlemlerin al\u0131nmas\u0131d\u0131r\u201d dedi.<\/p>\n<p style=\"text-align: justify;\"><a href=\"http:\/\/www.cumhuriyet.com.tr\/?hn=324162\" target=\"_blank\">Kaynak : Cumhuriyet Haber Portal\u0131<\/a><\/p>\n","protected":false},"excerpt":{"rendered":"<p style=\"text-align: center;\">\n<p style=\"text-align: justify;\">Avrupa \u0130nsan Haklar\u0131 Mahkemesi, uzun s\u00fcren yarg\u0131lamalarla ilgili yakla\u015f\u0131k 3 bin ba\u015fvuruyu T\u00fcrkiye&#8217;ye iadeye haz\u0131rlan\u0131rken mahkemenin eski yarg\u0131c\u0131 CHP \u0130zmir Milletvekili R\u0131za T\u00fcrmen, bu y\u00f6ntemin yaln\u0131zca A\u0130HM&#8217;yi dava &#8220;y\u00fck\u00fcnden&#8221; kurtaraca\u011f\u0131na i\u015faret etti.<\/p>\n","protected":false},"author":1,"featured_media":0,"comment_status":"open","ping_status":"open","sticky":false,"template":"","format":"standard","meta":{"footnotes":""},"categories":[105],"tags":[],"class_list":["post-49761","post","type-post","status-publish","format-standard","hentry","category-gundem","odd"],"_links":{"self":[{"href":"http:\/\/www.korhanyilmaz.com\/index.php?rest_route=\/wp\/v2\/posts\/49761","targetHints":{"allow":["GET"]}}],"collection":[{"href":"http:\/\/www.korhanyilmaz.com\/index.php?rest_route=\/wp\/v2\/posts"}],"about":[{"href":"http:\/\/www.korhanyilmaz.com\/index.php?rest_route=\/wp\/v2\/types\/post"}],"author":[{"embeddable":true,"href":"http:\/\/www.korhanyilmaz.com\/index.php?rest_route=\/wp\/v2\/users\/1"}],"replies":[{"embeddable":true,"href":"http:\/\/www.korhanyilmaz.com\/index.php?rest_route=%2Fwp%2Fv2%2Fcomments&post=49761"}],"version-history":[{"count":0,"href":"http:\/\/www.korhanyilmaz.com\/index.php?rest_route=\/wp\/v2\/posts\/49761\/revisions"}],"wp:attachment":[{"href":"http:\/\/www.korhanyilmaz.com\/index.php?rest_route=%2Fwp%2Fv2%2Fmedia&parent=49761"}],"wp:term":[{"taxonomy":"category","embeddable":true,"href":"http:\/\/www.korhanyilmaz.com\/index.php?rest_route=%2Fwp%2Fv2%2Fcategories&post=49761"},{"taxonomy":"post_tag","embeddable":true,"href":"http:\/\/www.korhanyilmaz.com\/index.php?rest_route=%2Fwp%2Fv2%2Ftags&post=49761"}],"curies":[{"name":"wp","href":"https:\/\/api.w.org\/{rel}","templated":true}]}}