{"id":4976,"date":"2009-03-12T16:39:22","date_gmt":"2009-03-12T14:39:22","guid":{"rendered":"http:\/\/www.korhanyilmaz.com\/?p=4976"},"modified":"2009-03-12T16:39:22","modified_gmt":"2009-03-12T14:39:22","slug":"bakandan-is-isteyen-kadinlara-alayli-cevap","status":"publish","type":"post","link":"http:\/\/www.korhanyilmaz.com\/?p=4976","title":{"rendered":"Bakan&#039;dan i\u015f isteyen kad\u0131nlara &#039;alayl\u0131&#039; cevap!"},"content":{"rendered":"<p style=\"text-align: center;\"><img loading=\"lazy\" decoding=\"async\" class=\"aligncenter size-full wp-image-4977\" title=\"Bakan'dan i\u015f isteyen kad\u0131nlara 'alayl\u0131' cevap! \" src=\"http:\/\/www.korhanyilmaz.com\/wp-content\/uploads\/2009\/03\/120320091702330366279.jpg\" alt=\"Bakan'dan i\u015f isteyen kad\u0131nlara 'alayl\u0131' cevap! \" width=\"376\" height=\"240\" \/><\/p>\n<p style=\"text-align: justify;\">AFYONKARAH\u0130SAR&#8217;\u0131n il\u00e7elerine ziyaretlerde bulunan \u00c7evre ve Orman Bakan\u0131 Veysel Ero\u011flu, h\u0131zl\u0131 trenin Eski\u015fehir&#8217;den sonra \u0130zmir ve Antalya&#8217;ya da ula\u015faca\u011f\u0131n\u0131 s\u00f6yledi. Ero\u011flu, kendisinden i\u015f isteyen kad\u0131nlara ise &#8220;Evdeki i\u015fler yetmiyor mu?&#8221; kar\u015f\u0131l\u0131\u011f\u0131n\u0131 verdi.<\/p>\n<p style=\"text-align: justify;\">\u00c7evre ve Orman Bakan\u0131 Veysel Ero\u011flu, se\u00e7im \u00e7al\u0131\u015fmalar\u0131na kat\u0131lmak \u00fczere memleketi Afyonkarahisar&#8217;\u0131n il\u00e7elerini gezdi. Dazk\u0131r\u0131 \u0130l\u00e7esi&#8217;nde partisinin se\u00e7im b\u00fcrosunun a\u00e7\u0131l\u0131\u015f\u0131na kat\u0131lan Bakan Ero\u011flu, se\u00e7menlere seslendi. Yat\u0131r\u0131m te\u015fvik yasas\u0131 kapsam\u0131na Afyonkarahisar&#8217;\u0131n al\u0131nmas\u0131n\u0131n i\u015f imkan\u0131n\u0131 art\u0131rd\u0131\u011f\u0131n\u0131 kaydeden Ero\u011flu, \u015funlar\u0131 s\u00f6yledi:<!--more--><\/p>\n<p style=\"text-align: justify;\">&#8220;Bu yat\u0131r\u0131m te\u015fvik yasas\u0131ndan en \u00e7ok faydalanan il\u00e7emiz de Dazk\u0131r\u0131 olmu\u015ftur. Denizli iline yak\u0131n olmas\u0131 ve Denizlili i\u015fadamlar\u0131n\u0131n da burada yat\u0131r\u0131m yapmas\u0131 \u00e7evre insan\u0131m\u0131z\u0131n i\u015fsizlik oran\u0131n\u0131 aza indirmi\u015ftir. Biz de bu yat\u0131r\u0131mlar\u0131n devam\u0131n\u0131 sa\u011flamak ve insan\u0131m\u0131za daha iyi ve huzurlu bir ya\u015fam sa\u011flamak ad\u0131na Denizli karayolu duble \u00e7al\u0131\u015fmalar\u0131na h\u0131z verece\u011fiz.&#8221;<\/p>\n<p style=\"text-align: justify;\">Dazk\u0131r\u0131 esnaf\u0131n\u0131 da ziyaret eden Bakan Ero\u011flu, s\u0131k\u0131nt\u0131lar\u0131 dinledi, Dazk\u0131r\u0131 Belediye Ba\u015fkan aday\u0131 AKP&#8217;li Ramazan Demir i\u00e7in destek istedi.<\/p>\n<p style=\"text-align: justify;\"><strong>\u0130\u015e \u0130STEYEN KADINLARA &#8216;EVDEK\u0130 \u0130\u015eLER\u0130N\u0130Z YETM\u0130YOR MU&#8217;<\/strong><\/p>\n<p style=\"text-align: justify;\">Dazk\u0131r\u0131&#8217;dan Ba\u015fmak\u00e7\u0131 \u0130l\u00e7esi&#8217;ne ge\u00e7en Bakan Ero\u011flu, burada da partisinin se\u00e7im b\u00fcrosunun a\u00e7\u0131l\u0131\u015f\u0131n\u0131 yapt\u0131. Bir grup kad\u0131n\u0131n, &#8220;\u0130\u015f istiyoruz say\u0131n bakan\u0131m&#8221; s\u00f6zlerine kar\u015f\u0131l\u0131k olarak, &#8220;Evdeki i\u015fler yetmiyor mu?&#8221; diye espriyle kar\u015f\u0131l\u0131k veren Ero\u011flu, &#8220;Bakan\u0131m para yetmiyor&#8221; cevab\u0131n\u0131 ald\u0131.<\/p>\n<p style=\"text-align: justify;\">Daha sonra b\u00f6lgedeki duble yollar\u0131n en k\u0131sa zamanda bitirilerek hizmete girece\u011fini kaydeden Ero\u011flu, &#8220;Yar\u0131n h\u0131zl\u0131 trenin a\u00e7\u0131l\u0131\u015f\u0131n\u0131 yap\u0131yoruz. H\u0131zl\u0131 tren in\u015fallah Eski\u015fehir&#8217;den sonra ayn\u0131 g\u00fczergah\u0131 takip ederek \u0130zmir&#8217;e oradan da Antalya&#8217;ya ula\u015facak. Hem \u0130zmir&#8217;e, hem de Antalya&#8217;ya gidecek olan h\u0131zl\u0131 tren g\u00fczergah\u0131 Dazk\u0131r\u0131 ve Afyonkarahisar&#8217;dan ge\u00e7ecek. Bu b\u00f6lge karayollar\u0131n\u0131n oldu\u011fu gibi h\u0131zl\u0131 trenin de kav\u015fak noktas\u0131 olacak. H\u0131zl\u0131 tren bu b\u00f6lgelerde turizmi canland\u0131racak&#8221; dedi.<\/p>\n<p style=\"text-align: justify;\">Bakan Ero\u011flu, \u00e7ocuklar\u0131n park talebi \u00fczerine ise &#8220;Buraya yap\u0131lacak olan \u00e7ocuk park\u0131n\u0131n resmini \u00e7izin. En g\u00fczel \u00e7ocuk park\u0131n\u0131 resmini yapan \u00f6\u011frencimizin ad\u0131n\u0131 da o parka verelim. \u00c7izdi\u011fi resmi de projeye temel olarak alal\u0131m&#8221; kar\u015f\u0131l\u0131\u011f\u0131n\u0131 verdi. Ero\u011flu, Ba\u015fmak\u00e7\u0131 \u0130l\u00e7esi&#8217;ndeki esnaf\u0131 da ziyaret ederek, partisinin aday\u0131 Ali Kart\u00e7\u0131&#8217;ya destek istedi.<\/p>\n<p style=\"text-align: justify;\"><span style=\"color: #888888;\">Onur Bayram &#8211; Afyonkarahisar \/ DHA<\/span><\/p>\n","protected":false},"excerpt":{"rendered":"<p style=\"text-align: center;\">\n<p style=\"text-align: justify;\">AFYONKARAH\u0130SAR&#8217;\u0131n il\u00e7elerine ziyaretlerde bulunan \u00c7evre ve Orman Bakan\u0131 Veysel Ero\u011flu, h\u0131zl\u0131 trenin Eski\u015fehir&#8217;den sonra \u0130zmir ve Antalya&#8217;ya da ula\u015faca\u011f\u0131n\u0131 s\u00f6yledi. Ero\u011flu, kendisinden i\u015f isteyen kad\u0131nlara ise &#8220;Evdeki i\u015fler yetmiyor mu?&#8221; kar\u015f\u0131l\u0131\u011f\u0131n\u0131 verdi.<\/p>\n<p style=\"text-align: justify;\">\u00c7evre ve Orman Bakan\u0131 Veysel Ero\u011flu, se\u00e7im \u00e7al\u0131\u015fmalar\u0131na kat\u0131lmak \u00fczere memleketi Afyonkarahisar&#8217;\u0131n il\u00e7elerini gezdi. Dazk\u0131r\u0131 \u0130l\u00e7esi&#8217;nde <\/p>\n","protected":false},"author":1,"featured_media":0,"comment_status":"open","ping_status":"closed","sticky":false,"template":"","format":"standard","meta":{"footnotes":""},"categories":[105],"tags":[],"class_list":["post-4976","post","type-post","status-publish","format-standard","hentry","category-gundem","odd"],"_links":{"self":[{"href":"http:\/\/www.korhanyilmaz.com\/index.php?rest_route=\/wp\/v2\/posts\/4976","targetHints":{"allow":["GET"]}}],"collection":[{"href":"http:\/\/www.korhanyilmaz.com\/index.php?rest_route=\/wp\/v2\/posts"}],"about":[{"href":"http:\/\/www.korhanyilmaz.com\/index.php?rest_route=\/wp\/v2\/types\/post"}],"author":[{"embeddable":true,"href":"http:\/\/www.korhanyilmaz.com\/index.php?rest_route=\/wp\/v2\/users\/1"}],"replies":[{"embeddable":true,"href":"http:\/\/www.korhanyilmaz.com\/index.php?rest_route=%2Fwp%2Fv2%2Fcomments&post=4976"}],"version-history":[{"count":0,"href":"http:\/\/www.korhanyilmaz.com\/index.php?rest_route=\/wp\/v2\/posts\/4976\/revisions"}],"wp:attachment":[{"href":"http:\/\/www.korhanyilmaz.com\/index.php?rest_route=%2Fwp%2Fv2%2Fmedia&parent=4976"}],"wp:term":[{"taxonomy":"category","embeddable":true,"href":"http:\/\/www.korhanyilmaz.com\/index.php?rest_route=%2Fwp%2Fv2%2Fcategories&post=4976"},{"taxonomy":"post_tag","embeddable":true,"href":"http:\/\/www.korhanyilmaz.com\/index.php?rest_route=%2Fwp%2Fv2%2Ftags&post=4976"}],"curies":[{"name":"wp","href":"https:\/\/api.w.org\/{rel}","templated":true}]}}