{"id":49757,"date":"2012-03-22T17:15:05","date_gmt":"2012-03-22T15:15:05","guid":{"rendered":"http:\/\/www.korhanyilmaz.com\/?p=49757"},"modified":"2012-03-22T20:51:16","modified_gmt":"2012-03-22T18:51:16","slug":"erdogana-hakaret-davasinda-beraat-etti","status":"publish","type":"post","link":"http:\/\/www.korhanyilmaz.com\/?p=49757","title":{"rendered":"Erdo\u011fan&#8217;a hakaret davas\u0131nda beraat etti"},"content":{"rendered":"<p style=\"text-align: center;\"><a href=\"http:\/\/www.korhanyilmaz.com\/wp-content\/uploads\/2012\/03\/A0061.jpg\"  class=\"lightview\"><img loading=\"lazy\" decoding=\"async\" class=\"aligncenter  wp-image-49758\" src=\"http:\/\/www.korhanyilmaz.com\/wp-content\/uploads\/2012\/03\/A0061.jpg\" alt=\"\" width=\"280\" height=\"210\" \/><\/a><\/p>\n<p style=\"text-align: justify;\">Taraf Gazetesi Genel Yay\u0131n Y\u00f6netmeni Ahmet H\u00fcsrev Altan&#8217;\u0131n, Ba\u015fbakan Recep Tayyip Erdo\u011fan hakk\u0131ndaki yaz\u0131lar\u0131 nedeniyle, &#8221;yaz\u0131l\u0131 bir ileti yoluyla kamu g\u00f6revlisine g\u00f6revinden dolay\u0131 hakaret etme&#8221; su\u00e7lamas\u0131yla yarg\u0131land\u0131\u011f\u0131 davada, su\u00e7 unsurlar\u0131n\u0131n olu\u015fmamas\u0131 nedeniyle beraat\u0131na karar verildi.<\/p>\n<p style=\"text-align: justify;\">\u0130stanbul- Kad\u0131k\u00f6y 2. Asliye Ceza Mahkemesi&#8217;ndeki duru\u015fmaya, Altan&#8217;\u0131n avukat\u0131 Veysel Ok kat\u0131ld\u0131.<!--more--><\/p>\n<p style=\"text-align: justify;\">Veysel Ok, \u015fikayet\u00e7inin \u015fikayetinden vazge\u00e7ti\u011fini belirterek, savunmalar\u0131n\u0131 tekrar ettiklerini ve m\u00fcvekkilinin beraat\u0131n\u0131 istedi\u011fini ifade etti.<\/p>\n<p style=\"text-align: justify;\">Karar\u0131 a\u00e7\u0131klayan mahkeme hakimi de san\u0131\u011f\u0131n \u00fczerine at\u0131l\u0131 su\u00e7un unsurlar\u0131n\u0131n ola\u015fmad\u0131\u011f\u0131 gerek\u00e7esiyle, Ahmet Altan&#8217;\u0131n beraat\u0131na karar verdi.<\/p>\n<p style=\"text-align: justify;\">Kad\u0131k\u00f6y Cumhuriyet Ba\u015fsavc\u0131l\u0131\u011f\u0131&#8217;nca haz\u0131rlanan, davac\u0131 olarak kamu hukuku, m\u00fc\u015fteki olarak da Ba\u015fbakan Recep Tayyip Erdo\u011fan&#8217;\u0131n g\u00f6sterildi\u011fi iddianamede, Ahmet Altan&#8217;\u0131n, genel yay\u0131n y\u00f6netmeni oldu\u011fu Taraf gazetesinde 15 ve 18 Ocak 2011&#8217;de yay\u0131mlanan yaz\u0131lar\u0131nda &#8221;bas\u0131n yoluyla hakaret&#8221; su\u00e7unu i\u015fledi\u011fi belirtiliyordu.<\/p>\n<p style=\"text-align: justify;\">\u0130ddianamede Altan&#8217;\u0131n, &#8221;Yaz\u0131l\u0131 bir ileti yoluyla kamu g\u00f6revlisine g\u00f6revinden dolay\u0131 bas\u0131n ve yay\u0131n yoluyla sald\u0131rd\u0131\u011f\u0131&#8221; iddias\u0131yla 1 y\u0131ldan az olmamak \u00fczere 2 y\u0131l 8 aya kadar hapis cezas\u0131 isteniyordu.<\/p>\n<p style=\"text-align: justify;\"><a href=\"http:\/\/www.cumhuriyet.com.tr\/?hn=324386\" target=\"_blank\">Kaynak : Cumhuriyet Haber Portal\u0131<\/a><\/p>\n","protected":false},"excerpt":{"rendered":"<p style=\"text-align: center;\">\n<p style=\"text-align: justify;\">Taraf Gazetesi Genel Yay\u0131n Y\u00f6netmeni Ahmet H\u00fcsrev Altan&#8217;\u0131n, Ba\u015fbakan Recep Tayyip Erdo\u011fan hakk\u0131ndaki yaz\u0131lar\u0131 nedeniyle, &#8221;yaz\u0131l\u0131 bir ileti yoluyla kamu g\u00f6revlisine g\u00f6revinden dolay\u0131 hakaret etme&#8221; su\u00e7lamas\u0131yla yarg\u0131land\u0131\u011f\u0131 davada, su\u00e7 unsurlar\u0131n\u0131n olu\u015fmamas\u0131 nedeniyle beraat\u0131na karar verildi.<\/p>\n<p style=\"text-align: justify;\">\u0130stanbul- Kad\u0131k\u00f6y 2. Asliye Ceza Mahkemesi&#8217;ndeki duru\u015fmaya, Altan&#8217;\u0131n avukat\u0131 Veysel Ok kat\u0131ld\u0131.<\/p>\n","protected":false},"author":1,"featured_media":0,"comment_status":"open","ping_status":"open","sticky":false,"template":"","format":"standard","meta":{"footnotes":""},"categories":[105],"tags":[],"class_list":["post-49757","post","type-post","status-publish","format-standard","hentry","category-gundem","odd"],"_links":{"self":[{"href":"http:\/\/www.korhanyilmaz.com\/index.php?rest_route=\/wp\/v2\/posts\/49757","targetHints":{"allow":["GET"]}}],"collection":[{"href":"http:\/\/www.korhanyilmaz.com\/index.php?rest_route=\/wp\/v2\/posts"}],"about":[{"href":"http:\/\/www.korhanyilmaz.com\/index.php?rest_route=\/wp\/v2\/types\/post"}],"author":[{"embeddable":true,"href":"http:\/\/www.korhanyilmaz.com\/index.php?rest_route=\/wp\/v2\/users\/1"}],"replies":[{"embeddable":true,"href":"http:\/\/www.korhanyilmaz.com\/index.php?rest_route=%2Fwp%2Fv2%2Fcomments&post=49757"}],"version-history":[{"count":0,"href":"http:\/\/www.korhanyilmaz.com\/index.php?rest_route=\/wp\/v2\/posts\/49757\/revisions"}],"wp:attachment":[{"href":"http:\/\/www.korhanyilmaz.com\/index.php?rest_route=%2Fwp%2Fv2%2Fmedia&parent=49757"}],"wp:term":[{"taxonomy":"category","embeddable":true,"href":"http:\/\/www.korhanyilmaz.com\/index.php?rest_route=%2Fwp%2Fv2%2Fcategories&post=49757"},{"taxonomy":"post_tag","embeddable":true,"href":"http:\/\/www.korhanyilmaz.com\/index.php?rest_route=%2Fwp%2Fv2%2Ftags&post=49757"}],"curies":[{"name":"wp","href":"https:\/\/api.w.org\/{rel}","templated":true}]}}