{"id":49753,"date":"2012-03-22T16:27:22","date_gmt":"2012-03-22T14:27:22","guid":{"rendered":"http:\/\/www.korhanyilmaz.com\/?p=49753"},"modified":"2012-03-22T20:31:42","modified_gmt":"2012-03-22T18:31:42","slug":"beni-yalanci-cikaran-vali-ile-hesabim-var","status":"publish","type":"post","link":"http:\/\/www.korhanyilmaz.com\/?p=49753","title":{"rendered":"&#8216;Beni yalanc\u0131 \u00e7\u0131karan vali ile hesab\u0131m var&#8217;"},"content":{"rendered":"<p style=\"text-align: justify;\"><a href=\"http:\/\/www.korhanyilmaz.com\/wp-content\/uploads\/2012\/03\/A0060.jpg\"  class=\"lightview\"><img loading=\"lazy\" decoding=\"async\" class=\"aligncenter size-full wp-image-49754\" title=\"\" src=\"http:\/\/www.korhanyilmaz.com\/wp-content\/uploads\/2012\/03\/A0060.jpg\" alt=\"\" width=\"320\" height=\"100\" \/><\/a><\/p>\n<p style=\"text-align: justify;\">BATMAN\u2019da izinsiz nevruz kutlamalar\u0131nda polisin yumruklu sald\u0131r\u0131s\u0131na u\u011frad\u0131\u011f\u0131n\u0131 s\u00f6yleyen Mardin Ba\u011f\u0131ms\u0131z Milletvekili Ahmet T\u00fcrk, Batman Valisi Ahmet Turhan\u2019a sert tepki g\u00f6sterdi. Valinin kendisini yalanc\u0131 \u00e7\u0131kard\u0131\u011f\u0131n\u0131 s\u00f6yleyen T\u00fcrk, &#8220;Benim derdim polisle de\u011fil. Bug\u00fcn, g\u00fcc\u00fcm de valiye yetmiyor ama beni yalanc\u0131 \u00e7\u0131karan, bu olay\u0131 \u00f6rtbas etmek isteyen valiyle benim bundan sonra \u015fahsi meselem var. Allah b\u00fcy\u00fckt\u00fcr. Bu konuda a\u00e7\u0131k\u00e7a isterseniz tehdit deyin. Ya bunu \u00e7\u0131karacak. Ya da \u015fahsi d\u00fc\u015fmanl\u0131\u011f\u0131n\u0131 ortaya koyacak. A\u00e7\u0131k bir \u015fekilde bu bir \u015fahsi d\u00fc\u015fmanl\u0131kt\u0131r. Bu ya\u015ftan sonra beni yalanc\u0131 \u00e7\u0131karan bir vali, benim onunla hesab\u0131m vard\u0131r, bunu a\u00e7\u0131k s\u00f6yl\u00fcyorum&#8221; dedi.\u00a0<!--more--><\/p>\n<p style=\"text-align: justify;\">Mardin Ba\u011f\u0131ms\u0131z Milletvekili ve DTK Genel Ba\u015fkan\u0131 Ahmet T\u00fcrk, Batman\u2019da izinsiz nevruz kutlamalar\u0131 s\u0131ras\u0131nda \u00e7\u0131kan olaylarda bir polis memurunun kendisini yumruklamas\u0131n\u0131n ard\u0131ndan bug\u00fcn Diyarbak\u0131r\u2019da ge\u00e7mi\u015f olsun dileklerini kabul etti. BDP Milletvekilleri Altan Tan, Aysel Tu\u011fluk, Nursel Aydo\u011fan, B\u00fcy\u00fck\u015fehir Belediye Ba\u015fkan\u0131 Osman Baydemir, Diyarbak\u0131r Barosu Ba\u015fkan\u0131 Emin Aktar ile \u00e7ok say\u0131da partili, Ahmet T\u00fcrk\u2019\u00fc ziyaret ederek ge\u00e7mi\u015f olsun dile\u011finde bulundu.<\/p>\n<p style=\"text-align: justify;\">Batman Valisi Ahmet Turhan\u2019\u0131n olayla ilgili a\u00e7\u0131klamas\u0131na tepki g\u00f6steren Ahmet T\u00fcrk, Batman\u2019da intikam almak isteyen bir yakla\u015f\u0131m ve mant\u0131kla kar\u015f\u0131 kar\u015f\u0131ya kald\u0131klar\u0131n\u0131 belirterek, &#8220;B\u00fct\u00fcn bu ya\u015fad\u0131\u011f\u0131m\u0131z haks\u0131zl\u0131\u011fa, zulme ra\u011fmen Batman Valisi, sanki hi\u00e7bir \u015fey olmam\u0131\u015f gibi bizi yalanc\u0131 \u00e7\u0131karmaya y\u00f6nelik a\u00e7\u0131klamalarla topluma mesajlar vermeye ba\u015flad\u0131. Bu nedenle ben bu olay\u0131 \u00f6nemsiyorum&#8221; dedi.<\/p>\n<p style=\"text-align: justify;\"><strong>\u2019VAL\u0130 D\u00d6NECE\u011e\u0130N\u0130 S\u00d6YLED\u0130 AMA ARAMAYINCA ALANA G\u0130TT\u0130K\u2019\u00a0<\/strong><\/p>\n<p style=\"text-align: justify;\">T\u00fcrk, polisin Batman\u2019da cadde ve sokaklarda \u00f6nlem alarak, nevruz alan\u0131na gitmek isteyenlere gazla m\u00fcdahale etti\u011fini belirtti. T\u00fcrk, &#8220;Ben de rahats\u0131z oldu\u011fum i\u00e7in hem kalbimde pil, hem de akci\u011ferlerimde sorun oldu\u011fu i\u00e7in arkada\u015flar\u0131ma gidin b\u00f6yle bir gazl\u0131 ortamda duramayaca\u011f\u0131m\u0131 ama halk\u0131m\u0131z\u0131n nevruzunu kutlayaca\u011f\u0131m dedim. Ama \u00f6yle m\u00fcdahaleler yap\u0131ld\u0131 ki arkada\u015flar\u0131m\u0131z aramak zorunda kald\u0131 ve s\u0131k\u0131nt\u0131lar\u0131n b\u00fcy\u00fck oldu\u011funu, \u2019gelirseniz belki \u00e7\u00f6zebiliriz\u2019 dediler. Gitti\u011fimizde tabi ki bir dakikada 15-20 tane gaz bombas\u0131 at\u0131l\u0131yordu. O gen\u00e7ler gaz bombalar\u0131n\u0131 ellerliyle geri at\u0131yorlard\u0131. Bu arada Nursel arkada\u015f\u0131m\u0131z valiyi aram\u0131\u015ft\u0131. Telefonu bana verin dedim ona, \u2019Zaten kitleyi alana sokmuyorsunuz, halk peri\u015fan oldu. Burada 2 bin ki\u015filik kitleler var. Hepsi de gen\u00e7. Da\u011f\u0131tmam\u0131z da m\u00fcmk\u00fcn de\u011fil. L\u00fctfen yard\u0131mc\u0131 olun. Nevruz alan\u0131nda 5-10 dakika bir konu\u015fma yap\u0131p da\u011f\u0131laca\u011f\u0131z\u2019 dedim. Bana, \u2019de\u011ferlendirelim\u2019 dedi vali ve bir daha geri d\u00f6nmedi&#8221; dedi.<\/p>\n<p style=\"text-align: justify;\"><strong>\u2019POL\u0130S G\u00d6Z\u00dcME, \u00dcST \u00dcSTE 3 YUMRUK ATTI\u00a0<\/strong><\/p>\n<p style=\"text-align: justify;\">Valinin kendisine d\u00f6nmemesi \u00fczerine alanaya gitmeye \u00e7al\u0131\u015ft\u0131klar\u0131n\u0131 anlatan T\u00fcrk, \u015f\u00f6yle dedi:<\/p>\n<p style=\"text-align: justify;\">&#8220;Biz de otob\u00fcse binerek nevruz alan\u0131na gittik. Tarlan\u0131n i\u00e7erisinden ge\u00e7tik. Alana yak\u0131n bir yerde bir polis noktas\u0131nda, b\u00f6yle g\u00f6z\u00fc d\u00f6nm\u00fc\u015f bir \u015fekilde ta\u015flarla, gazlarla sald\u0131rd\u0131lar. Camlar \u00fczerimize d\u00f6k\u00fclmeye ba\u015flad\u0131. 50\u2019ye yak\u0131n polis oradayd\u0131. Gaz bombalar\u0131 bu arada i\u00e7eri d\u00fc\u015fmeye ba\u015flad\u0131, bizim de i\u00e7eride kalma \u015fans\u0131m\u0131z yoktu. 0 sersem ve yar\u0131 bayg\u0131n halde \u00e7\u0131kt\u0131\u011f\u0131mda resmi elbiseli bir polis bana yakla\u015f\u0131r yakla\u015fmaz bu g\u00f6z\u00fcme 3 tane \u00fcst \u00fcst \u00fcste yumruk att\u0131. Orada polis arabalar\u0131 var. Sivil araba da yok. Hastaneye g\u00f6t\u00fcrecek kimse de yok. Biz polis arabas\u0131na y\u00f6nelerek i\u00e7ine girdik. Araban\u0131n direksiyonunda oturan polis teredd\u00fct g\u00f6sterdi. Bizi g\u00f6t\u00fcr\u00fcp g\u00f6t\u00fcrmeme konusunda teredd\u00fct g\u00f6sterdi. Ama hemen yan\u0131nda 3 y\u0131ld\u0131zl\u0131 bir polis duruyordu. Tahmin ediyorum ondan i\u015faret ald\u0131ktan sonra hareket etmeye ba\u015flad\u0131. 100 metre gittikten sonra ambulans gelince oradan hemen ambulansa ge\u00e7tik.&#8221; ;<\/p>\n<p style=\"text-align: justify;\"><strong>\u2019YUMRUKLAMA OLMASAYDI G\u00d6Z\u00dc D\u00dcNM\u00dc\u015e POL\u0130SLER, HERKES\u0130 L\u0130N\u00c7 EDECEKT\u0130\u2019\u00a0<\/strong><\/p>\n<p style=\"text-align: justify;\">Ahmet T\u00fcrk, bu olaylar\u0131n ya\u015fand\u0131\u011f\u0131n\u0131 kendisini g\u00f6t\u00fcren polis arac\u0131n\u0131n \u015fof\u00f6r\u00fcn\u00fcn belli oldu\u011funu, \u00fc\u00e7 y\u0131ld\u0131zl\u0131 bir ba\u015fkomiserin bu olaya tan\u0131k oldu\u011funu s\u00f6yleyip, &#8220;Bu vali ve emniyet m\u00fcd\u00fcr\u00fc oldu\u011fu m\u00fcddet\u00e7e o polisin ger\u00e7e\u011fi s\u00f6yleme \u015fans\u0131 yok. Orada 3 y\u0131ld\u0131zl\u0131 bir polis var belli. Oradaki polisler belli. E\u011fer o anda polis beni yumruklamasayd\u0131, sald\u0131rmasayd\u0131 eminim ki o g\u00f6z\u00fc d\u00f6nm\u00fc\u015f polisler arkada\u015flar\u0131m\u0131z\u0131n tamam\u0131n\u0131 lin\u00e7 edeceklerdi. Bu olayla bir fren yapt\u0131lar, yoksa daha k\u00f6t\u00fc \u015feyler geli\u015febilirdi&#8221; dedi.<\/p>\n<p style=\"text-align: justify;\"><strong>G\u00d6R\u00dcNT\u00dcLER DEVLET\u0130N EL\u0130NDE\u00a0<\/strong><\/p>\n<p style=\"text-align: justify;\">Batman Valisi Ahmet Turhan\u2019\u0131n, &#8220;Elinde g\u00f6r\u00fcnt\u00fc varsa getirsin&#8221; s\u00f6zlerini hat\u0131rlatan T\u00fcrk, &#8220;Batman Valisi diyor ki, \u2019kimin elinde g\u00f6r\u00fcnt\u00fc varsa getirsin. Bir tek sivil yok, bir karga\u015fa yok.\u2019 Kitlenin i\u00e7inde bize sald\u0131r\u0131lm\u0131\u015f de\u011fil, 3\u2019\u00fcm\u00fcz meydanday\u0131z, adam geliyor yumruk at\u0131yor. \u015eimdi tarladan ge\u00e7erken, geldi\u011fimiz yerden polisin ta\u015f att\u0131\u011f\u0131 noktaya kadar g\u00f6r\u00fcnt\u00fcleri var. Ta\u015flar ba\u015flad\u0131ktan sonra ve d\u00f6v\u00fcld\u00fc\u011f\u00fcm zamanki g\u00f6r\u00fcnt\u00fcler yok. Peki tarladan geldi\u011fimiz, alana geldi\u011fimiz g\u00f6r\u00fcnt\u00fcler varsa gerisi nerede? Say\u0131n valim, \u2019kimin elinde varsa getir\u2019 diyor. Devletin elinde var. Kameralar var. Polisin \u00e7ekti\u011fi \u015feyler var. Bizi g\u00f6t\u00fcren araban\u0131n \u015fof\u00f6r\u00fc polis, ben biliyorum tabi ki, kalk\u0131p kendi polis arkada\u015flar\u0131n\u0131n aleyhinde ifade veremez. Ama devlet bunu \u00e7\u0131karmaya karar verdi\u011fi g\u00fcn o polis s\u00f6ylemek zorun da kalacak&#8221; dedi.<\/p>\n<p style=\"text-align: justify;\"><strong>\u2019VAL\u0130 \u0130LE ARTIK HESABIM VAR\u2019\u00a0<\/strong><\/p>\n<p style=\"text-align: justify;\">Ya\u015fad\u0131\u011f\u0131 olay\u0131 anlat\u0131rken duyguland\u0131\u011f\u0131 g\u00f6zlenen Ahmet T\u00fcrk, polisin kendisine att\u0131\u011f\u0131 yumru\u011fu \u00f6nemsemedi\u011fini belirterek, s\u00f6zlerini \u015f\u00f6yle s\u00fcrd\u00fcrd\u00fc:<\/p>\n<p style=\"text-align: justify;\">&#8220;Ben bir polisin bana yumruk atmas\u0131n\u0131 \u00f6nemsemiyorum. Bir \u0131rk\u00e7\u0131 olabilir, fa\u015fist olabilir, cahil olabilir veya \u00f6fkesine hakim olamam\u0131\u015f olabilir. \u00c7ok \u00f6nemli de\u011fil, 6 d\u00f6nemdir milletvekiliyim, bir\u00e7ok d\u00f6nemde parlamentoda kald\u0131m. Ne kimseye hakaret ettim, ne kimseye iftara att\u0131m. Herkes beni tan\u0131r o parlamentoda, benimle \u00e7al\u0131\u015fan insanlar beni bilir. 70 ya\u015f\u0131nda bir insan\u0131m, yani b\u00f6yle bir olay ya\u015fasam nas\u0131l bir polis beni d\u00f6ver diyebilirim. \u015eimdi Batman Valisi\u2019nin b\u00fct\u00fcn gayreti bu zul\u00fcmden sonra bizi yalanc\u0131 \u00e7\u0131karmaya y\u00f6nelik bir \u015feydir. Ben buradan \u015funu s\u00f6yl\u00fcyorum; Benim derdim polisle de\u011fil. Bug\u00fcn g\u00fcc\u00fcm de valiye yetmiyor ama beni yalanc\u0131 \u00e7\u0131karan, bu olay\u0131 \u00f6rtbas etmek isteyen valiyle benim bundan sonra \u015fahsi meselem var. Allah b\u00fcy\u00fckt\u00fcr. Bu konuda a\u00e7\u0131k\u00e7a isterseniz tehdit deyin. Ya bunu \u00e7\u0131karacak. Ya da \u015fahsi d\u00fc\u015fmanl\u0131\u011f\u0131n\u0131 ortaya koyacak. A\u00e7\u0131k bir \u015fekilde bu bir \u015fahsi d\u00fc\u015fmanl\u0131kt\u0131r. Bu ya\u015ftan sonra beni yalanc\u0131 \u00e7\u0131karan bir vali benim onunla hesab\u0131m vard\u0131r, bunu a\u00e7\u0131k s\u00f6yl\u00fcyorum.&#8221;<\/p>\n<p style=\"text-align: justify;\"><strong>\u2019H\u00dcK\u00dcMET \u00d6NCE VAL\u0130 M\u00dcD\u00dcR\u00dc G\u00d6REVDEN ALSIN\u00a0<\/strong><\/p>\n<p style=\"text-align: justify;\">H\u00fck\u00fcmetin olay\u0131 a\u00e7\u0131\u011fa \u00e7\u0131karmas\u0131 gerekti\u011fini ve bunun i\u00e7in de vali ile emniyet m\u00fcd\u00fcr\u00fcn\u00fc g\u00f6revden almas\u0131 gerekti\u011fini savunan T\u00fcrk, &#8220;H\u00fck\u00fcmet bu olay\u0131n a\u00e7\u0131\u011fa \u00e7\u0131kmas\u0131n\u0131 istiyorsa ve ger\u00e7ekten tarafs\u0131z bir tahkikat yapmak istiyorsa her \u015feyden \u00f6nce valiyi ve emniyet m\u00fcd\u00fcr\u00fcn\u00fc g\u00f6revden almas\u0131 laz\u0131m. Olaydan sonra 2 polis otob\u00fcs\u00fcm\u00fcze el koyarak ka\u00e7\u0131r\u0131yor. Otob\u00fcs neden, ni\u00e7in ka\u00e7\u0131r\u0131l\u0131yor? Neyi sakl\u0131yorsunuz? O k\u0131r\u0131lan camlar m\u0131, niye g\u00f6t\u00fcr\u00fcyorsunuz? Bunun ortaya \u00e7\u0131kmas\u0131 gerekir. E\u011fer ger\u00e7ekten bir m\u00fcdahale zorlama yoksa, hukuk i\u00e7ersiden bir g\u00f6rev yap\u0131lm\u0131\u015fsa, niye otob\u00fcs\u00fc ka\u00e7\u0131yorsunuz? Camlar\u0131 parampar\u00e7a olmu\u015f otob\u00fcs\u00fc neden g\u00f6t\u00fcrd\u00fcn\u00fcz, niye saklad\u0131n\u0131z? Otob\u00fcs\u00fc getirin \u00e7\u0131kar\u0131n ortaya b\u0131rak\u0131n yumruk atma olay\u0131n\u0131, orada bir parti genel merkezi say\u0131lan otob\u00fcs\u00fcn\u00fc parampar\u00e7a olmu\u015f halini neden bas\u0131n ve kamuoyundan sakl\u0131yorsunuz?&#8221; dedi.<\/p>\n<p style=\"text-align: justify;\"><strong>C\u0130ZRE\u2019DE YA\u015eANILANLAR ARA\u015eTIRILACAK\u00a0<\/strong><\/p>\n<p style=\"text-align: justify;\">\u015e\u0131rnak\u2019\u0131n Cizre il\u00e7esi\u2019nde nevruz kutlamalar\u0131 s\u0131ras\u0131nda ya\u015fananlar\u0131 90\u2019l\u0131 y\u0131llarda kutlanan nevruzlara benzeten T\u00fcrk, &#8220;Oradan ramak d\u00f6n\u00fcld\u00fc, az bir \u015feyle d\u00f6n\u00fcld\u00fc. Orada ya\u015fananlar\u0131n ortaya \u00e7\u0131kar\u0131lmas\u0131 konusunda da bir heyetimiz gidip g\u00f6r\u00fc\u015fmeler yapacak tespitler yapacak. tamuoyuyla payla\u015faca\u011f\u0131z&#8221; dedi.<\/p>\n<p style=\"text-align: justify;\"><strong>BARZAN\u0130 GE\u00c7M\u0130\u015e OLSUN D\u0130LE\u011e\u0130NDE BULUNDU\u00a0<\/strong><\/p>\n<p style=\"text-align: justify;\">Ahmet T\u00fcrk, olay\u0131n ard\u0131ndan kendisini bir \u00e7ok siyaset\u00e7inin arad\u0131\u011f\u0131n\u0131 belirterek kendilerine te\u015fekk\u00fcr etti. T\u00fcrk, B\u00f6lgesel K\u00fcrt Y\u00f6netimi Ba\u015fkan\u0131 Mesut Barzani\u2019nin yan\u0131 s\u0131ra TBMM Ba\u015fkan\u0131 Cemil \u00c7i\u00e7ek ve CHP lideri Kemal K\u0131l\u0131\u00e7daro\u011flu\u2019nun da kendisini arayarak ge\u00e7mi\u015f olsun dileklerinde bulundu\u011funu, h\u00fck\u00fcmetten ise kimsenin kendisini aramad\u0131\u011f\u0131n\u0131 s\u00f6yledi.<\/p>\n<p style=\"text-align: justify;\"><a href=\"http:\/\/haber.gazetevatan.com\/beni-yalanci-cikaran-vali-ile-hesabim-var\/438458\/1\/Gundem\" target=\"_blank\">Kaynak : VATAN Gazetesi<\/a><\/p>\n","protected":false},"excerpt":{"rendered":"<p style=\"text-align: justify;\">\n<p style=\"text-align: justify;\">BATMAN\u2019da izinsiz nevruz kutlamalar\u0131nda polisin yumruklu sald\u0131r\u0131s\u0131na u\u011frad\u0131\u011f\u0131n\u0131 s\u00f6yleyen Mardin Ba\u011f\u0131ms\u0131z Milletvekili Ahmet T\u00fcrk, Batman Valisi Ahmet Turhan\u2019a sert tepki g\u00f6sterdi. Valinin kendisini yalanc\u0131 \u00e7\u0131kard\u0131\u011f\u0131n\u0131 s\u00f6yleyen T\u00fcrk, &#8220;Benim derdim polisle de\u011fil. Bug\u00fcn, g\u00fcc\u00fcm de valiye yetmiyor ama beni yalanc\u0131 \u00e7\u0131karan, bu olay\u0131 \u00f6rtbas etmek isteyen valiyle benim bundan sonra \u015fahsi <\/p>\n","protected":false},"author":1,"featured_media":0,"comment_status":"open","ping_status":"open","sticky":false,"template":"","format":"standard","meta":{"footnotes":""},"categories":[105],"tags":[],"class_list":["post-49753","post","type-post","status-publish","format-standard","hentry","category-gundem","odd"],"_links":{"self":[{"href":"http:\/\/www.korhanyilmaz.com\/index.php?rest_route=\/wp\/v2\/posts\/49753","targetHints":{"allow":["GET"]}}],"collection":[{"href":"http:\/\/www.korhanyilmaz.com\/index.php?rest_route=\/wp\/v2\/posts"}],"about":[{"href":"http:\/\/www.korhanyilmaz.com\/index.php?rest_route=\/wp\/v2\/types\/post"}],"author":[{"embeddable":true,"href":"http:\/\/www.korhanyilmaz.com\/index.php?rest_route=\/wp\/v2\/users\/1"}],"replies":[{"embeddable":true,"href":"http:\/\/www.korhanyilmaz.com\/index.php?rest_route=%2Fwp%2Fv2%2Fcomments&post=49753"}],"version-history":[{"count":0,"href":"http:\/\/www.korhanyilmaz.com\/index.php?rest_route=\/wp\/v2\/posts\/49753\/revisions"}],"wp:attachment":[{"href":"http:\/\/www.korhanyilmaz.com\/index.php?rest_route=%2Fwp%2Fv2%2Fmedia&parent=49753"}],"wp:term":[{"taxonomy":"category","embeddable":true,"href":"http:\/\/www.korhanyilmaz.com\/index.php?rest_route=%2Fwp%2Fv2%2Fcategories&post=49753"},{"taxonomy":"post_tag","embeddable":true,"href":"http:\/\/www.korhanyilmaz.com\/index.php?rest_route=%2Fwp%2Fv2%2Ftags&post=49753"}],"curies":[{"name":"wp","href":"https:\/\/api.w.org\/{rel}","templated":true}]}}