{"id":49749,"date":"2012-03-22T17:39:42","date_gmt":"2012-03-22T15:39:42","guid":{"rendered":"http:\/\/www.korhanyilmaz.com\/?p=49749"},"modified":"2012-03-22T20:21:17","modified_gmt":"2012-03-22T18:21:17","slug":"chp-grup-toplantisini-sokakta-yapacak","status":"publish","type":"post","link":"http:\/\/www.korhanyilmaz.com\/?p=49749","title":{"rendered":"CHP grup toplant\u0131s\u0131n\u0131 sokakta yapacak"},"content":{"rendered":"<p style=\"text-align: center;\"><a href=\"http:\/\/www.korhanyilmaz.com\/wp-content\/uploads\/2012\/03\/A0059.jpg\"  class=\"lightview\"><img loading=\"lazy\" decoding=\"async\" class=\"aligncenter  wp-image-49750\" src=\"http:\/\/www.korhanyilmaz.com\/wp-content\/uploads\/2012\/03\/A0059.jpg\" alt=\"\" width=\"380\" height=\"218\" \/><\/a><\/p>\n<p style=\"text-align: justify;\">CHP 4+4+4 e\u011fitim sistemini protesto i\u00e7in Sal\u0131 g\u00fcnk\u00fc grup toplant\u0131s\u0131n\u0131 Ankara Tando\u011fan Meydan\u0131&#8217;nda halkla yapacak.<\/p>\n<p style=\"text-align: justify;\">ANKARA &#8211; CHP 12 y\u0131ll\u0131k kademeli e\u011fitimi protesto etmek i\u00e7in, haftaya sal\u0131 g\u00fcn\u00fc yap\u0131lacak olan grup toplant\u0131s\u0131n\u0131 Ankara Tando\u011fan Meydan\u0131&#8217;nda yapma karar\u0131 ald\u0131.<\/p>\n<p style=\"text-align: justify;\">Parti konuyla ilgili Ankara Valili\u011fi&#8217;ne bir dilek\u00e7eyle ba\u015fvuru yapt\u0131.\u00a0<!--more--><\/p>\n<p style=\"text-align: justify;\">Ba\u015fvuruda, toplant\u0131n\u0131n kitlesel bir \u015fekilde yap\u0131lmas\u0131 i\u00e7in valilikten izin talebinde bulunuldu.<\/p>\n<p style=\"text-align: justify;\">Edinilen bilgiye g\u00f6re valilik, CHP\u2019nin talebine olumlu yan\u0131t verdi.<\/p>\n<p style=\"text-align: justify;\">Planlamaya g\u00f6re haftaya Sal\u0131 g\u00fcn\u00fc, CHP lideri Kemal K\u0131l\u0131\u00e7daro\u011flu, saat 13.30&#8217;da Tando\u011fan Meydan\u0131\u2019nda vatanda\u015flara hitap edecek.<\/p>\n<p style=\"text-align: justify;\"><strong>TAM KADRO MEYDANA<\/strong><\/p>\n<p style=\"text-align: justify;\">CHP milletvekilleri ve parti te\u015fkilat\u0131n\u0131n da tam kadro meydanda olaca\u011f\u0131 bildirildi.<\/p>\n<p style=\"text-align: justify;\"><strong>&#8216;GELECE\u011e\u0130 KARARTMAYIN&#8217;<\/strong><\/p>\n<p style=\"text-align: justify;\">Kullan\u0131lacak afi\u015f ve sloganlar\u0131n da haz\u0131rlanmaya ba\u015fland\u0131. CHP\u2019nin mitingde kullanaca\u011f\u0131 slogan \u201cAyd\u0131nl\u0131k t\u00fcrkiye i\u00e7in gen\u00e7lerin gelece\u011fini karartmay\u0131n&#8221; olacak.<\/p>\n<p style=\"text-align: justify;\"><a href=\"http:\/\/www.ntvmsnbc.com\/id\/25333053\/\" target=\"_blank\">Kaynak : NTVMSNBC<\/a><\/p>\n","protected":false},"excerpt":{"rendered":"<p style=\"text-align: center;\">\n<p style=\"text-align: justify;\">CHP 4+4+4 e\u011fitim sistemini protesto i\u00e7in Sal\u0131 g\u00fcnk\u00fc grup toplant\u0131s\u0131n\u0131 Ankara Tando\u011fan Meydan\u0131&#8217;nda halkla yapacak.<\/p>\n<p style=\"text-align: justify;\">ANKARA &#8211; CHP 12 y\u0131ll\u0131k kademeli e\u011fitimi protesto etmek i\u00e7in, haftaya sal\u0131 g\u00fcn\u00fc yap\u0131lacak olan grup toplant\u0131s\u0131n\u0131 Ankara Tando\u011fan Meydan\u0131&#8217;nda yapma karar\u0131 ald\u0131.<\/p>\n<p style=\"text-align: justify;\">Parti konuyla ilgili Ankara Valili\u011fi&#8217;ne bir dilek\u00e7eyle ba\u015fvuru <\/p>\n","protected":false},"author":1,"featured_media":0,"comment_status":"open","ping_status":"open","sticky":false,"template":"","format":"standard","meta":{"footnotes":""},"categories":[105],"tags":[],"class_list":["post-49749","post","type-post","status-publish","format-standard","hentry","category-gundem","odd"],"_links":{"self":[{"href":"http:\/\/www.korhanyilmaz.com\/index.php?rest_route=\/wp\/v2\/posts\/49749","targetHints":{"allow":["GET"]}}],"collection":[{"href":"http:\/\/www.korhanyilmaz.com\/index.php?rest_route=\/wp\/v2\/posts"}],"about":[{"href":"http:\/\/www.korhanyilmaz.com\/index.php?rest_route=\/wp\/v2\/types\/post"}],"author":[{"embeddable":true,"href":"http:\/\/www.korhanyilmaz.com\/index.php?rest_route=\/wp\/v2\/users\/1"}],"replies":[{"embeddable":true,"href":"http:\/\/www.korhanyilmaz.com\/index.php?rest_route=%2Fwp%2Fv2%2Fcomments&post=49749"}],"version-history":[{"count":0,"href":"http:\/\/www.korhanyilmaz.com\/index.php?rest_route=\/wp\/v2\/posts\/49749\/revisions"}],"wp:attachment":[{"href":"http:\/\/www.korhanyilmaz.com\/index.php?rest_route=%2Fwp%2Fv2%2Fmedia&parent=49749"}],"wp:term":[{"taxonomy":"category","embeddable":true,"href":"http:\/\/www.korhanyilmaz.com\/index.php?rest_route=%2Fwp%2Fv2%2Fcategories&post=49749"},{"taxonomy":"post_tag","embeddable":true,"href":"http:\/\/www.korhanyilmaz.com\/index.php?rest_route=%2Fwp%2Fv2%2Ftags&post=49749"}],"curies":[{"name":"wp","href":"https:\/\/api.w.org\/{rel}","templated":true}]}}