{"id":49745,"date":"2012-03-22T15:59:10","date_gmt":"2012-03-22T13:59:10","guid":{"rendered":"http:\/\/www.korhanyilmaz.com\/?p=49745"},"modified":"2012-03-22T20:14:14","modified_gmt":"2012-03-22T18:14:14","slug":"haksiz-tutuklamayi-hicbir-bedel-karsilamaz","status":"publish","type":"post","link":"http:\/\/www.korhanyilmaz.com\/?p=49745","title":{"rendered":"&#8220;Haks\u0131z tutuklamay\u0131 hi\u00e7bir bedel kar\u015f\u0131lamaz&#8221;"},"content":{"rendered":"<p style=\"text-align: justify;\"><a href=\"http:\/\/www.korhanyilmaz.com\/wp-content\/uploads\/2012\/03\/A0058.jpg\"  class=\"lightview\"><img loading=\"lazy\" decoding=\"async\" class=\"aligncenter size-full wp-image-49746\" title=\"\" src=\"http:\/\/www.korhanyilmaz.com\/wp-content\/uploads\/2012\/03\/A0058.jpg\" alt=\"\" width=\"292\" height=\"201\" \/><\/a><\/p>\n<p style=\"text-align: justify;\">Yarg\u0131tay Ba\u015fkan\u0131 Naz\u0131m Kaynak, &#8220;\u0130\u015f i\u015ften ge\u00e7tikten sonra ger\u00e7ekle\u015fen adalet, toplumun adalet duygusunu tatmin etmemektedir. Bir insan\u0131n haks\u0131z yere \u00f6zg\u00fcrl\u00fc\u011f\u00fcn\u00fcn k\u0131s\u0131tlanmas\u0131n\u0131, hi\u00e7bir bedel tam olarak kar\u015f\u0131layamaz&#8221; dedi.<\/p>\n<p style=\"text-align: justify;\">T\u00fcrkiye Barolar Birli\u011fi, Dokuz Eyl\u00fcl \u00dcniversitesi Hukuk Fak\u00fcltesi ve Hukuk Ara\u015ft\u0131rmalar\u0131 Merkezi taraf\u0131ndan d\u00fczenlenen &#8220;Adli Yarg\u0131da Ge\u00e7ici Hukuki Korumalar&#8221; konulu \u0130kinci Ulusal Hukuk Kongresi, \u0130zmir Adliye Saray\u0131&#8217;nda ba\u015flad\u0131.\u00a0<!--more--><\/p>\n<p style=\"text-align: justify;\">Kongreye, Yarg\u0131tay Ba\u015fkan\u0131 Naz\u0131m Kaynak, T\u00fcrkiye Barolar Birli\u011fi Ba\u015fkan\u0131 Vedat Ahsen Co\u015far, HSYK Birinci Daire Ba\u015fkan\u0131 \u0130brahim Okur, Adalet Akademisi Ba\u015fkan\u0131 H\u00fcseyin Y\u0131ld\u0131r\u0131m, \u0130zmir Valisi Cahit K\u0131ra\u00e7, \u00f6\u011fretim \u00fcyeleri, avukatlar ve vatanda\u015flar kat\u0131ld\u0131.<\/p>\n<p style=\"text-align: justify;\">Kongrede konu\u015fan Yarg\u0131tay Ba\u015fkan\u0131 Naz\u0131m Kaynak, insanl\u0131\u011f\u0131n ilkel d\u00f6nemden, topluluk haline geldi\u011fi d\u00f6neme kadar g\u00fcvenlik ile \u00f6zg\u00fcrl\u00fck s\u00fcrekli \u00e7at\u0131\u015fma halinde oldu\u011funu hat\u0131rlatt\u0131. Adaletin hak sahibine hakk\u0131n\u0131 teslim edebilmesi i\u00e7in bir tak\u0131m yapt\u0131r\u0131mlar\u0131n zorunlu oldu\u011funa de\u011finen Kaynak, \u015funlar\u0131 s\u00f6yledi:<\/p>\n<p style=\"text-align: justify;\">&#8220;Kuvvetsiz adalet aciz, adaletsiz kuvvet ise zalim olur. Adaletin herkesin hakk\u0131n\u0131 vermesi kadar, zaman\u0131nda vermesi de \u00f6nemlidir. \u0130\u015f i\u015ften ge\u00e7tikten sonra ger\u00e7ekle\u015fen adalet, toplumun adalet duygusunu tatmin etmemektedir. Adli yarg\u0131da hem ceza hukukunda hem de medeni hukukta baz\u0131 koruma tedbirleri bulunmaktad\u0131r. Hem delilleri korumak hem de verilen kararlar\u0131n uygulanmas\u0131n\u0131 sa\u011flamak amac\u0131yla koruma tedbirleri bulunmaktad\u0131r. Medeni hukukta \u00f6zg\u00fcrl\u00fck k\u0131s\u0131tlamalar\u0131 bulunmaktad\u0131r. Tehlikeli durumlara kar\u015f\u0131 al\u0131nan bu tedbirlerin bir tak\u0131m ortak \u00f6zellikleri bulunmaktad\u0131r. Bunlardan birisi ortada bir yarg\u0131 karar\u0131 bulunmadan, baz\u0131 haklar\u0131n kullan\u0131lmas\u0131na k\u0131s\u0131tlama getirilmesidir. Tedbirler uygulan\u0131rken korunan de\u011ferler ile ihlal edilen hakk\u0131n de\u011feri iyi korunmal\u0131d\u0131r. Bunu yapacak olan da hakimlerdir. Tedbirlerin bir di\u011fer \u00f6zelli\u011fi ge\u00e7ici olu\u015fudur. \u00c7\u00fcnk\u00fc ortada kesin bir karar bulunmamaktad\u0131r. Belirli s\u00fcreyle denildi\u011finde bu s\u00fcre \u00f6nem arz etmektedir. K\u0131s\u0131tlama s\u00fcresinin tayininde \u00f6l\u00e7\u00fcl\u00fc davranmak gerekmektedir. Ge\u00e7ici hukuki korumalar uygulamas\u0131 son derece dikkat gerektiren, m\u00fcmk\u00fcn oldu\u011funda uygulanmamas\u0131 gereken veya daha az hak ihlaline neden olacak son denece hassas bir konudur. Karar\u0131n farkl\u0131 \u00e7\u0131kaca\u011f\u0131 d\u00fc\u015f\u00fcn\u00fclerek dikkatli olmak gerekmektedir. Bir insan\u0131n haks\u0131z yere \u00f6zg\u00fcrl\u00fc\u011f\u00fcn\u00fcn k\u0131s\u0131tlanmas\u0131n\u0131, hi\u00e7bir bedel tam olarak kar\u015f\u0131layamaz. Ki\u015finin \u00f6zg\u00fcrl\u00fc\u011f\u00fc ile g\u00fcvenli\u011fini dengelemeyi yerine getirenlerin hakkaniyetle \u00e7ok iyi dengelemesi gerekir. Koruma tedbirleri, adaletin sa\u011flanmas\u0131 i\u00e7in adaleti sa\u011flayanlara verilmi\u015f bir yetkidir. Bu yetkinin k\u00f6t\u00fcye kullan\u0131lmamas\u0131na g\u00f6sterilen \u00f6zen zay\u0131flat\u0131lmamas\u0131na da g\u00f6sterilmelidir. Haks\u0131z bir tutuklama varsa biz hakimler onun i\u00e7in var\u0131z. Uzun tutukluluk s\u00fcresinin ceza haline gelmemesini istiyoruz.&#8221;<\/p>\n<p style=\"text-align: justify;\">Yarg\u0131tay Ba\u015fkan\u0131 Kaynak, ayr\u0131ca, koruma kararlar\u0131n\u0131n A\u0130HM&#8217;de kar\u015f\u0131la\u015f\u0131lan \u00f6nemli bir sorun da oldu\u011funu dile getirdi.<\/p>\n<p style=\"text-align: justify;\">Kaynak, Kenan Evren&#8217;in yarg\u0131lanmas\u0131 ve ifadesiyle ilgili de, &#8220;Yarg\u0131lamas\u0131, soru\u015fturmas\u0131 ba\u015flam\u0131\u015f, devam eden konularda g\u00f6r\u00fc\u015f beyan etmiyoruz&#8221; dedi.<\/p>\n<p style=\"text-align: justify;\"><strong>\u00d6zel yetkili mahkemeler kald\u0131r\u0131ls\u0131n\u00a0<\/strong><\/p>\n<p style=\"text-align: justify;\">Konferansta konu\u015fan \u0130zmir Barosu Ba\u015fkan\u0131 Sema Pekda\u015f ise \u00f6zel yetkili mahkemeleri ele\u015ftirerek, \u015funlar\u0131 s\u00f6yledi: &#8220;Hukuk bilincine ger\u00e7ekten fazlas\u0131yla ihtiyac\u0131m\u0131z var. B\u00f6yle bir gelenekten geliyoruz. Bug\u00fcn bu \u00fclkede yarg\u0131 kararlar\u0131 g\u00fcndemin en ba\u015f s\u0131ralar\u0131nda ve s\u0131k\u0131nt\u0131 yaratmakta. Uzun tutukluluk s\u00fcreleri, gerek\u00e7esiz tutuklamalar, ifade \u00f6zg\u00fcrl\u00fc\u011f\u00fcn\u00fcn \u00f6n\u00fcndeki engeller tart\u0131\u015f\u0131l\u0131yor. Cezaevi sistemati\u011fini tekrar g\u00f6zden ge\u00e7irme zaman\u0131 geldi. \u00d6zel yetkili mahkemelerin ihtisas mahkemeleri olarak de\u011ferlendirilmesini d\u00fc\u015f\u00fcnm\u00fcyorum. Bir an \u00f6nce kapat\u0131lmas\u0131 gerekti\u011fini a\u00e7\u0131klam\u0131\u015ft\u0131m. Bizim anayasam\u0131z, her t\u00fcrl\u00fc karar\u0131n gerek\u00e7eli oldu\u011funu belirtmektedir. Hepimiz sorumluluk sahibiyiz. Mesleki olarak avukatlar, yarg\u0131da gereksiz unsur olarak g\u00f6r\u00fcn\u00fcyor. Dosya incelemeleri bile y\u00f6netmelik gerek\u00e7e g\u00f6sterilerek engellenebilmektedir. T\u00fcm bunlar\u0131n \u00e7\u00f6z\u00fclmesi gereken sorunlar oldu\u011funu, yarg\u0131n\u0131n h\u0131zland\u0131r\u0131lmas\u0131 projesiyle adaletin unutulmamas\u0131 gerekti\u011fini d\u00fc\u015f\u00fcn\u00fcyoruz.&#8221;<\/p>\n<p style=\"text-align: justify;\"><strong>&#8220;\u015eark\u0131y\u0131 de\u011fil ancak \u015fark\u0131c\u0131y\u0131 kafese alabilirsiniz&#8221;\u00a0<\/strong><\/p>\n<p style=\"text-align: justify;\">T\u00fcrkiye Barolar Birli\u011fi Ba\u015fkan\u0131 Vedat Ahsen Co\u015far da koruma ve tedbir kararlar\u0131na de\u011finerek, &#8220;\u015eark\u0131y\u0131 de\u011fil ancak \u015fark\u0131c\u0131y\u0131 kafese alabilirsiniz. Onca adli koruma tedbiri ve insan haklar\u0131 s\u00f6zle\u015fmesi olmas\u0131na ra\u011fmen bunlar\u0131n hi\u00e7biri kullanmayan hakimlerimize bu s\u00f6z\u00fc arz ediyorum&#8221; dedi.<\/p>\n<p style=\"text-align: justify;\"><a href=\"http:\/\/www.cnnturk.com\/2012\/turkiye\/03\/22\/haksiz.tutuklamayi.hicbir.bedel.karsilamaz\/654244.0\/index.html\" target=\"_blank\">Kaynak : CNN T\u00dcRK<\/a><\/p>\n","protected":false},"excerpt":{"rendered":"<p style=\"text-align: justify;\">\n<p style=\"text-align: justify;\">Yarg\u0131tay Ba\u015fkan\u0131 Naz\u0131m Kaynak, &#8220;\u0130\u015f i\u015ften ge\u00e7tikten sonra ger\u00e7ekle\u015fen adalet, toplumun adalet duygusunu tatmin etmemektedir. Bir insan\u0131n haks\u0131z yere \u00f6zg\u00fcrl\u00fc\u011f\u00fcn\u00fcn k\u0131s\u0131tlanmas\u0131n\u0131, hi\u00e7bir bedel tam olarak kar\u015f\u0131layamaz&#8221; dedi.<\/p>\n<p style=\"text-align: justify;\">T\u00fcrkiye Barolar Birli\u011fi, Dokuz Eyl\u00fcl \u00dcniversitesi Hukuk Fak\u00fcltesi ve Hukuk Ara\u015ft\u0131rmalar\u0131 Merkezi taraf\u0131ndan d\u00fczenlenen &#8220;Adli Yarg\u0131da Ge\u00e7ici Hukuki Korumalar&#8221; konulu \u0130kinci <\/p>\n","protected":false},"author":1,"featured_media":0,"comment_status":"open","ping_status":"open","sticky":false,"template":"","format":"standard","meta":{"footnotes":""},"categories":[105],"tags":[],"class_list":["post-49745","post","type-post","status-publish","format-standard","hentry","category-gundem","odd"],"_links":{"self":[{"href":"http:\/\/www.korhanyilmaz.com\/index.php?rest_route=\/wp\/v2\/posts\/49745","targetHints":{"allow":["GET"]}}],"collection":[{"href":"http:\/\/www.korhanyilmaz.com\/index.php?rest_route=\/wp\/v2\/posts"}],"about":[{"href":"http:\/\/www.korhanyilmaz.com\/index.php?rest_route=\/wp\/v2\/types\/post"}],"author":[{"embeddable":true,"href":"http:\/\/www.korhanyilmaz.com\/index.php?rest_route=\/wp\/v2\/users\/1"}],"replies":[{"embeddable":true,"href":"http:\/\/www.korhanyilmaz.com\/index.php?rest_route=%2Fwp%2Fv2%2Fcomments&post=49745"}],"version-history":[{"count":0,"href":"http:\/\/www.korhanyilmaz.com\/index.php?rest_route=\/wp\/v2\/posts\/49745\/revisions"}],"wp:attachment":[{"href":"http:\/\/www.korhanyilmaz.com\/index.php?rest_route=%2Fwp%2Fv2%2Fmedia&parent=49745"}],"wp:term":[{"taxonomy":"category","embeddable":true,"href":"http:\/\/www.korhanyilmaz.com\/index.php?rest_route=%2Fwp%2Fv2%2Fcategories&post=49745"},{"taxonomy":"post_tag","embeddable":true,"href":"http:\/\/www.korhanyilmaz.com\/index.php?rest_route=%2Fwp%2Fv2%2Ftags&post=49745"}],"curies":[{"name":"wp","href":"https:\/\/api.w.org\/{rel}","templated":true}]}}