{"id":49740,"date":"2012-03-22T07:33:23","date_gmt":"2012-03-22T05:33:23","guid":{"rendered":"http:\/\/www.korhanyilmaz.com\/?p=49740"},"modified":"2012-03-22T17:33:05","modified_gmt":"2012-03-22T15:33:05","slug":"zulum-yasiyorum","status":"publish","type":"post","link":"http:\/\/www.korhanyilmaz.com\/?p=49740","title":{"rendered":"&#8220;Zul\u00fcm ya\u015f\u0131yorum&#8221;"},"content":{"rendered":"<p style=\"text-align: center;\"><a href=\"http:\/\/www.korhanyilmaz.com\/wp-content\/uploads\/2012\/03\/A0057.jpg\"  class=\"lightview\"><img loading=\"lazy\" decoding=\"async\" class=\"aligncenter  wp-image-49741\" src=\"http:\/\/www.korhanyilmaz.com\/wp-content\/uploads\/2012\/03\/A0057.jpg\" alt=\"\" width=\"462\" height=\"210\" \/><\/a><\/p>\n<p style=\"text-align: justify;\">Erbakan karde\u015fleri kar\u015f\u0131 kar\u015f\u0131ya getiren miras kavgas\u0131nda \u015fik\u00e2yet\u00e7i Zeynep Erbakan, Saadet Partili kad\u0131nlara, \u201cY\u00fcz\u00fcme bile bakm\u0131yorlar, zul\u00fcm ya\u015f\u0131yorum\u201d diye yak\u0131nd\u0131.<\/p>\n<p style=\"text-align: justify;\">ANKARA &#8211; Saadet Partisi Kad\u0131n Kollar\u0131 Ba\u015fkan\u0131 olan Zeynep Erbakan, babas\u0131n\u0131n mallar\u0131n\u0131 kendisinden ka\u00e7\u0131rmakla su\u00e7lad\u0131\u011f\u0131 karde\u015fleri Fatih Erbakan ve Elif Erbakan Alt\u0131n\u00f6z\u2019le ya\u015fad\u0131klar\u0131 sorunlar\u0131, kat\u0131ld\u0131\u011f\u0131 kad\u0131n kollar\u0131 toplant\u0131lar\u0131nda da g\u00fcndeme getirdi. Zeynep Erbakan, SP\u2019li kad\u0131nlara yapt\u0131\u011f\u0131 konu\u015fmalarda d\u0131\u015fland\u0131\u011f\u0131ndan yak\u0131narak \u015funlar\u0131 s\u00f6yledi: \u201cKarde\u015flerimle b\u00fcy\u00fck s\u0131k\u0131nt\u0131lar ya\u015f\u0131yorum. Ayn\u0131 binada kal\u0131yoruz ama y\u00fcz\u00fcme bile bakm\u0131yorlar. Kap\u0131c\u0131ya para veriyorum bir \u015fey almas\u0131 i\u00e7in, her seferinde \u2018\u015eimdi i\u015fim var, d\u0131\u015far\u0131ya sonra \u00e7\u0131kaca\u011f\u0131m\u2019 deyip sipari\u015fimi getirmemek i\u00e7in bin dereden su getiriyor. Ger\u00e7ekten zul\u00fcm ya\u015f\u0131yorum.\u201d\u00a0<!--more--><\/p>\n<p style=\"text-align: justify;\"><strong>KARDE\u015eLER\u0130N YANITI DI\u015eLAMADIK<\/strong><\/p>\n<p style=\"text-align: justify;\">H\u00fcrriyet gazetesinin haberine g\u00f6re, ablalar\u0131n\u0131n bu su\u00e7lamalar\u0131ndan rahats\u0131z olan Fatih Erbakan ile Elif Erbakan Alt\u0131n\u00f6z karde\u015flerin ise \u015f\u00f6yle dedikleri belirtildi: \u201cZeynep her zaman ablam\u0131zd\u0131r. Biz kendisini hi\u00e7bir zaman d\u0131\u015flamad\u0131k, d\u0131\u015flamay\u0131z da. Ayn\u0131 binay\u0131 payla\u015f\u0131yoruz, y\u00fcz y\u00fcze bak\u0131yoruz, her t\u00fcrl\u00fc ihtiyac\u0131 g\u00f6r\u00fcl\u00fcyor, hi\u00e7bir eksi\u011finin olmamas\u0131 i\u00e7in elden ne geliyorsa yap\u0131l\u0131yor. Ne etmi\u015fiz de kendisine zul\u00fcm yapm\u0131\u015f\u0131z, bizi b\u00f6yle su\u00e7lamas\u0131 hem yaz\u0131k hem de ay\u0131p. Biz karde\u015fiz, kendi aram\u0131zda aile i\u00e7inde halledebilece\u011fimiz meseleleri bu hale getirmemesi gerekirdi. Hele de karde\u015flerine kar\u015f\u0131 ba\u015fkalar\u0131yla birlik olmas\u0131 \u00e7ok yanl\u0131\u015f.\u201d<\/p>\n<p style=\"text-align: justify;\"><a href=\"http:\/\/www.gazeteport.com.tr\/haber\/85827\/quotzulum_yasiyorumquot\" target=\"_blank\">Kaynak : GAZETEPORT<\/a><\/p>\n","protected":false},"excerpt":{"rendered":"<p style=\"text-align: center;\">\n<p style=\"text-align: justify;\">Erbakan karde\u015fleri kar\u015f\u0131 kar\u015f\u0131ya getiren miras kavgas\u0131nda \u015fik\u00e2yet\u00e7i Zeynep Erbakan, Saadet Partili kad\u0131nlara, \u201cY\u00fcz\u00fcme bile bakm\u0131yorlar, zul\u00fcm ya\u015f\u0131yorum\u201d diye yak\u0131nd\u0131.<\/p>\n<p style=\"text-align: justify;\">ANKARA &#8211; Saadet Partisi Kad\u0131n Kollar\u0131 Ba\u015fkan\u0131 olan Zeynep Erbakan, babas\u0131n\u0131n mallar\u0131n\u0131 kendisinden ka\u00e7\u0131rmakla su\u00e7lad\u0131\u011f\u0131 karde\u015fleri Fatih Erbakan ve Elif Erbakan Alt\u0131n\u00f6z\u2019le ya\u015fad\u0131klar\u0131 sorunlar\u0131, kat\u0131ld\u0131\u011f\u0131 kad\u0131n kollar\u0131 toplant\u0131lar\u0131nda <\/p>\n","protected":false},"author":1,"featured_media":0,"comment_status":"open","ping_status":"open","sticky":false,"template":"","format":"standard","meta":{"footnotes":""},"categories":[105],"tags":[],"class_list":["post-49740","post","type-post","status-publish","format-standard","hentry","category-gundem","odd"],"_links":{"self":[{"href":"http:\/\/www.korhanyilmaz.com\/index.php?rest_route=\/wp\/v2\/posts\/49740","targetHints":{"allow":["GET"]}}],"collection":[{"href":"http:\/\/www.korhanyilmaz.com\/index.php?rest_route=\/wp\/v2\/posts"}],"about":[{"href":"http:\/\/www.korhanyilmaz.com\/index.php?rest_route=\/wp\/v2\/types\/post"}],"author":[{"embeddable":true,"href":"http:\/\/www.korhanyilmaz.com\/index.php?rest_route=\/wp\/v2\/users\/1"}],"replies":[{"embeddable":true,"href":"http:\/\/www.korhanyilmaz.com\/index.php?rest_route=%2Fwp%2Fv2%2Fcomments&post=49740"}],"version-history":[{"count":0,"href":"http:\/\/www.korhanyilmaz.com\/index.php?rest_route=\/wp\/v2\/posts\/49740\/revisions"}],"wp:attachment":[{"href":"http:\/\/www.korhanyilmaz.com\/index.php?rest_route=%2Fwp%2Fv2%2Fmedia&parent=49740"}],"wp:term":[{"taxonomy":"category","embeddable":true,"href":"http:\/\/www.korhanyilmaz.com\/index.php?rest_route=%2Fwp%2Fv2%2Fcategories&post=49740"},{"taxonomy":"post_tag","embeddable":true,"href":"http:\/\/www.korhanyilmaz.com\/index.php?rest_route=%2Fwp%2Fv2%2Ftags&post=49740"}],"curies":[{"name":"wp","href":"https:\/\/api.w.org\/{rel}","templated":true}]}}