{"id":49736,"date":"2012-03-22T15:42:08","date_gmt":"2012-03-22T13:42:08","guid":{"rendered":"http:\/\/www.korhanyilmaz.com\/?p=49736"},"modified":"2012-03-22T17:20:04","modified_gmt":"2012-03-22T15:20:04","slug":"hicbir-iktidar-yargiya-baski-yapmadi","status":"publish","type":"post","link":"http:\/\/www.korhanyilmaz.com\/?p=49736","title":{"rendered":"\u2018Hi\u00e7bir iktidar yarg\u0131ya bask\u0131 yapmad\u0131\u2019"},"content":{"rendered":"<p style=\"text-align: center;\"><a href=\"http:\/\/www.korhanyilmaz.com\/wp-content\/uploads\/2012\/03\/A0056.jpg\"  class=\"lightview\"><img loading=\"lazy\" decoding=\"async\" class=\"aligncenter  wp-image-49737\" src=\"http:\/\/www.korhanyilmaz.com\/wp-content\/uploads\/2012\/03\/A0056.jpg\" alt=\"\" width=\"380\" height=\"218\" \/><\/a><\/p>\n<p style=\"text-align: justify;\">Dan\u0131\u015ftay Ba\u015fkan\u0131 Karakulluk\u00e7u yarg\u0131n\u0131n siyasalla\u015fmad\u0131\u011f\u0131n\u0131 belirtti, \u00f6zel yetkili mahkemelerin kald\u0131r\u0131labilece\u011fini s\u00f6yledi.<\/p>\n<p style=\"text-align: justify;\">ANKARA &#8211; NTV yay\u0131n\u0131na kat\u0131lan Dan\u0131\u015ftay Ba\u015fkan\u0131 H\u00fcseyin Karakulluk\u00e7u, yarg\u0131n\u0131n siyasalla\u015ft\u0131\u011f\u0131 ve mahkemeler \u00fczerinde siyasi bask\u0131 oldu\u011fu tart\u0131\u015fmalar\u0131na de\u011finerek \u201cYarg\u0131n\u0131n siyasalla\u015ft\u0131\u011f\u0131 d\u00fc\u015f\u00fcncesine kat\u0131lm\u0131yorum. T\u00fcrkiye bir hukuk devletidir. Hi\u00e7bir d\u00f6nemde, hi\u00e7bir iktidar bask\u0131 yapmad\u0131, telkinde bulunmad\u0131\u201d dedi.\u00a0<!--more--><\/p>\n<p style=\"text-align: justify;\">Karakulluk\u00e7u ayr\u0131ca \u00f6zel yetkili mahkemelerin kald\u0131r\u0131labilece\u011fini de s\u00f6yledi.<\/p>\n<p style=\"text-align: justify;\">Dan\u0131\u015ftay Ba\u015fkan\u0131\u2019n\u0131n a\u00e7\u0131klamalar\u0131ndan dikkat \u00e7eken b\u00f6l\u00fcmler \u015f\u00f6yle:<\/p>\n<p style=\"text-align: justify;\"><strong>M\u0130T\u2019\u00c7\u0130LER\u0130N YARGILANMASI<\/strong><\/p>\n<p style=\"text-align: justify;\">-\u0130ki eski M\u0130T m\u00fcste\u015far\u0131yla ilgili izin ba\u015fvurusu Dan\u0131\u015ftay\u2019a geldi ama incelemeden ret karar\u0131 verdik.<\/p>\n<p style=\"text-align: justify;\">-\u0130zin ba\u015fvurusu bize gelirse esastan inceleme yap\u0131labilir.<\/p>\n<p style=\"text-align: justify;\"><strong>YARGIYA M\u00dcDAHALE POLEM\u0130\u011e\u0130<\/strong><\/p>\n<p style=\"text-align: justify;\">-Yarg\u0131n\u0131n siyasalla\u015ft\u0131\u011f\u0131 d\u00fc\u015f\u00fcncesine kat\u0131lm\u0131yorum. T\u00fcrkiye bir hukuk devletidir.<\/p>\n<p style=\"text-align: justify;\">-Ben bunu ihtimal vermem. Hangi iktidar olursa olsun, bu mahkemelere bir sinyal vermesi m\u00fcmk\u00fcn olamaz.<\/p>\n<p style=\"text-align: justify;\">-Kesinlikle bask\u0131 ve telkin olamaz. Hangi arkada\u015f\u0131m\u0131n hangi d\u00fc\u015f\u00fcnceye sahip oldu\u011funu bilemem. H\u00fck\u00fcmet bir \u015fey diyecek olsa bana der.<\/p>\n<p style=\"text-align: justify;\">-Hi\u00e7bir d\u00f6nemde, hi\u00e7bir iktidar bask\u0131 yapmad\u0131, telkinde bulunmad\u0131.<\/p>\n<p style=\"text-align: justify;\">-Ben Ba\u015fkan olmama ra\u011fmen arkada\u015flar\u0131m\u0131n kararlar\u0131na m\u00fcdahale edemem.<\/p>\n<p style=\"text-align: justify;\"><strong>YASADI\u015eI D\u0130NLEMELER<\/strong><\/p>\n<p style=\"text-align: justify;\">-Sadece yarg\u0131\u00e7lar de\u011fil, g\u00fcn\u00fcm\u00fczde herkes dinleniyor. Dinlemelere kar\u015f\u0131 cezalar artt\u0131r\u0131lmal\u0131.<\/p>\n<p style=\"text-align: justify;\">-Dan\u0131\u015ftay binas\u0131 eski bir bina. Yeteri kadar g\u00fcvenlik \u00f6nlemimiz, kameram\u0131z oldu\u011funu s\u00f6yleyemem.<\/p>\n<p style=\"text-align: justify;\"><strong>\u00d6ZEL YETK\u0130L\u0130 MAHKEMELER<\/strong><\/p>\n<p style=\"text-align: justify;\">-Yarg\u0131n\u0131n \u00f6zeli diye bir \u015fey olmaz. Birka\u00e7 tane savc\u0131ya \u00f6zel dedi\u011finiz zaman kavram karga\u015fas\u0131 yarat\u0131yorsunuz. Belki T\u00fcrkiye ko\u015fullar\u0131nda gerekli ama baz\u0131 de\u011fi\u015fiklikler gerekli. \u00d6zel yetkili mahkemeler yerine \u00f6zel ihtisas mahkemeleri kurulabilir. \u00d6zel yetkili savc\u0131larla di\u011ferlerinin yapt\u0131\u011f\u0131 i\u015f ayn\u0131. \u00d6zel yetkili mahkemelerin kald\u0131r\u0131lmas\u0131nda hi\u00e7bir mahsur yok.<\/p>\n<p style=\"text-align: justify;\"><strong>DANI\u015eTAY SALDIRISI<\/strong><\/p>\n<p style=\"text-align: justify;\">-Sald\u0131r\u0131 nedeni T\u00fcrban m\u0131yd\u0131, ba\u015fka bir \u015fey miydi, karar\u0131 mahkeme verecek.<\/p>\n<p style=\"text-align: justify;\"><a href=\"http:\/\/www.ntvmsnbc.com\/id\/25332987\/\" target=\"_blank\">Kaynak : NTVMSNBC<\/a><\/p>\n","protected":false},"excerpt":{"rendered":"<p style=\"text-align: center;\">\n<p style=\"text-align: justify;\">Dan\u0131\u015ftay Ba\u015fkan\u0131 Karakulluk\u00e7u yarg\u0131n\u0131n siyasalla\u015fmad\u0131\u011f\u0131n\u0131 belirtti, \u00f6zel yetkili mahkemelerin kald\u0131r\u0131labilece\u011fini s\u00f6yledi.<\/p>\n<p style=\"text-align: justify;\">ANKARA &#8211; NTV yay\u0131n\u0131na kat\u0131lan Dan\u0131\u015ftay Ba\u015fkan\u0131 H\u00fcseyin Karakulluk\u00e7u, yarg\u0131n\u0131n siyasalla\u015ft\u0131\u011f\u0131 ve mahkemeler \u00fczerinde siyasi bask\u0131 oldu\u011fu tart\u0131\u015fmalar\u0131na de\u011finerek \u201cYarg\u0131n\u0131n siyasalla\u015ft\u0131\u011f\u0131 d\u00fc\u015f\u00fcncesine kat\u0131lm\u0131yorum. T\u00fcrkiye bir hukuk devletidir. Hi\u00e7bir d\u00f6nemde, hi\u00e7bir iktidar bask\u0131 yapmad\u0131, telkinde bulunmad\u0131\u201d dedi. <\/p>\n","protected":false},"author":1,"featured_media":0,"comment_status":"open","ping_status":"open","sticky":false,"template":"","format":"standard","meta":{"footnotes":""},"categories":[105],"tags":[],"class_list":["post-49736","post","type-post","status-publish","format-standard","hentry","category-gundem","odd"],"_links":{"self":[{"href":"http:\/\/www.korhanyilmaz.com\/index.php?rest_route=\/wp\/v2\/posts\/49736","targetHints":{"allow":["GET"]}}],"collection":[{"href":"http:\/\/www.korhanyilmaz.com\/index.php?rest_route=\/wp\/v2\/posts"}],"about":[{"href":"http:\/\/www.korhanyilmaz.com\/index.php?rest_route=\/wp\/v2\/types\/post"}],"author":[{"embeddable":true,"href":"http:\/\/www.korhanyilmaz.com\/index.php?rest_route=\/wp\/v2\/users\/1"}],"replies":[{"embeddable":true,"href":"http:\/\/www.korhanyilmaz.com\/index.php?rest_route=%2Fwp%2Fv2%2Fcomments&post=49736"}],"version-history":[{"count":0,"href":"http:\/\/www.korhanyilmaz.com\/index.php?rest_route=\/wp\/v2\/posts\/49736\/revisions"}],"wp:attachment":[{"href":"http:\/\/www.korhanyilmaz.com\/index.php?rest_route=%2Fwp%2Fv2%2Fmedia&parent=49736"}],"wp:term":[{"taxonomy":"category","embeddable":true,"href":"http:\/\/www.korhanyilmaz.com\/index.php?rest_route=%2Fwp%2Fv2%2Fcategories&post=49736"},{"taxonomy":"post_tag","embeddable":true,"href":"http:\/\/www.korhanyilmaz.com\/index.php?rest_route=%2Fwp%2Fv2%2Ftags&post=49736"}],"curies":[{"name":"wp","href":"https:\/\/api.w.org\/{rel}","templated":true}]}}