{"id":49730,"date":"2012-03-22T16:55:51","date_gmt":"2012-03-22T14:55:51","guid":{"rendered":"http:\/\/www.korhanyilmaz.com\/?p=49730"},"modified":"2012-03-22T17:11:40","modified_gmt":"2012-03-22T15:11:40","slug":"kendimi-daha-ozgur-hissediyorum","status":"publish","type":"post","link":"http:\/\/www.korhanyilmaz.com\/?p=49730","title":{"rendered":"&#8220;Kendimi daha \u00f6zg\u00fcr hissediyorum&#8221;"},"content":{"rendered":"<p style=\"text-align: center;\"><a href=\"http:\/\/www.korhanyilmaz.com\/wp-content\/uploads\/2012\/03\/A0054.jpg\"  class=\"lightview\"><img loading=\"lazy\" decoding=\"async\" class=\"aligncenter  wp-image-49731\" src=\"http:\/\/www.korhanyilmaz.com\/wp-content\/uploads\/2012\/03\/A0054.jpg\" alt=\"\" width=\"396\" height=\"180\" \/><\/a><\/p>\n<p style=\"text-align: justify;\">Yunanistan&#8217;\u0131n eski Ba\u015fbakan&#8217;\u0131 Papandreu, Erdo\u011fan&#8217;la yapt\u0131\u011f\u0131 g\u00f6r\u00fc\u015fmede kendisini daha iyi hissetti\u011fini belirtti.<\/p>\n<p style=\"text-align: justify;\">\u0130STANBUL &#8211; Yunanistan Eski Ba\u015fbakan\u0131 Yorgo Papandreu, Ba\u015fbakan Recep Tayyip Erdo\u011fan&#8217;la g\u00f6r\u00fc\u015ft\u00fc. Samimi bir havada ger\u00e7ekle\u015fen g\u00f6r\u00fc\u015fmeyle ilgili Ba\u015fbakanl\u0131k&#8217;tan da\u011f\u0131t\u0131lan g\u00f6r\u00fcnt\u00fclerde, Yorgo Papandreu&#8217;nun, Erdo\u011fan&#8217;a &#8220;Daha iyi hissediyorum kendimi. Daha \u00f6zg\u00fcr hissediyorum&#8221; dedi\u011fi duyuldu.\u00a0<!--more--><\/p>\n<p style=\"text-align: justify;\">Ba\u015fbakan Recep Tayyip Erdo\u011fan, Yunanistan Eski Ba\u015fbakan\u0131 Yorgo Papandreu&#8217;yu kabul etti. Dolmabah\u00e7e Ba\u015fbakanl\u0131k Ofisi&#8217;nde bas\u0131na kapal\u0131 ger\u00e7ekle\u015fen g\u00f6r\u00fc\u015fme samimi bir havada ge\u00e7ti. Ba\u015fbakanl\u0131k kameras\u0131n\u0131n g\u00f6r\u00fcnt\u00fcledi\u011fi ve bas\u0131na servis edilen k\u0131sa g\u00f6r\u00fcnt\u00fclerde Sosyalist Enternasyonel Ba\u015fkan\u0131 ve Yunanistan Eski Ba\u015fbakan\u0131 Yorgo Papandreu&#8217;nun Erdo\u011fan&#8217;a, &#8221; Stresim daha az. Ama yine de yapacak i\u015fim \u00e7ok. Daha iyi hissediyodum kendimi. Daha \u00f6zg\u00fcr hissediyorum&#8221; dedi\u011fi duyuldu. Erdo\u011fan&#8217;\u0131n bu s\u00f6zleri tebess\u00fcmle kar\u015f\u0131lad\u0131\u011f\u0131 g\u00f6r\u00fcld\u00fc. Yorgo Papandreu, ge\u00e7ti\u011fimiz Kas\u0131m ay\u0131nda Ba\u015fbakanl\u0131ktan ard\u0131ndan da Pazar g\u00fcn\u00fc PASOK liderli\u011finden istifa etmi\u015fti. (DHA)<\/p>\n<p style=\"text-align: justify;\"><a href=\"http:\/\/www.gazeteport.com.tr\/haber\/85997\/kendimi_daha_ozgur_hissediyorum\" target=\"_blank\">Kaynak : GAZETEPORT<\/a><\/p>\n","protected":false},"excerpt":{"rendered":"<p style=\"text-align: center;\">\n<p style=\"text-align: justify;\">Yunanistan&#8217;\u0131n eski Ba\u015fbakan&#8217;\u0131 Papandreu, Erdo\u011fan&#8217;la yapt\u0131\u011f\u0131 g\u00f6r\u00fc\u015fmede kendisini daha iyi hissetti\u011fini belirtti.<\/p>\n<p style=\"text-align: justify;\">\u0130STANBUL &#8211; Yunanistan Eski Ba\u015fbakan\u0131 Yorgo Papandreu, Ba\u015fbakan Recep Tayyip Erdo\u011fan&#8217;la g\u00f6r\u00fc\u015ft\u00fc. Samimi bir havada ger\u00e7ekle\u015fen g\u00f6r\u00fc\u015fmeyle ilgili Ba\u015fbakanl\u0131k&#8217;tan da\u011f\u0131t\u0131lan g\u00f6r\u00fcnt\u00fclerde, Yorgo Papandreu&#8217;nun, Erdo\u011fan&#8217;a &#8220;Daha iyi hissediyorum kendimi. Daha \u00f6zg\u00fcr hissediyorum&#8221; dedi\u011fi duyuldu. <\/p>\n","protected":false},"author":1,"featured_media":0,"comment_status":"open","ping_status":"open","sticky":false,"template":"","format":"standard","meta":{"footnotes":""},"categories":[105],"tags":[],"class_list":["post-49730","post","type-post","status-publish","format-standard","hentry","category-gundem","odd"],"_links":{"self":[{"href":"http:\/\/www.korhanyilmaz.com\/index.php?rest_route=\/wp\/v2\/posts\/49730","targetHints":{"allow":["GET"]}}],"collection":[{"href":"http:\/\/www.korhanyilmaz.com\/index.php?rest_route=\/wp\/v2\/posts"}],"about":[{"href":"http:\/\/www.korhanyilmaz.com\/index.php?rest_route=\/wp\/v2\/types\/post"}],"author":[{"embeddable":true,"href":"http:\/\/www.korhanyilmaz.com\/index.php?rest_route=\/wp\/v2\/users\/1"}],"replies":[{"embeddable":true,"href":"http:\/\/www.korhanyilmaz.com\/index.php?rest_route=%2Fwp%2Fv2%2Fcomments&post=49730"}],"version-history":[{"count":0,"href":"http:\/\/www.korhanyilmaz.com\/index.php?rest_route=\/wp\/v2\/posts\/49730\/revisions"}],"wp:attachment":[{"href":"http:\/\/www.korhanyilmaz.com\/index.php?rest_route=%2Fwp%2Fv2%2Fmedia&parent=49730"}],"wp:term":[{"taxonomy":"category","embeddable":true,"href":"http:\/\/www.korhanyilmaz.com\/index.php?rest_route=%2Fwp%2Fv2%2Fcategories&post=49730"},{"taxonomy":"post_tag","embeddable":true,"href":"http:\/\/www.korhanyilmaz.com\/index.php?rest_route=%2Fwp%2Fv2%2Ftags&post=49730"}],"curies":[{"name":"wp","href":"https:\/\/api.w.org\/{rel}","templated":true}]}}