{"id":49726,"date":"2012-03-22T14:12:01","date_gmt":"2012-03-22T12:12:01","guid":{"rendered":"http:\/\/www.korhanyilmaz.com\/?p=49726"},"modified":"2012-03-22T16:26:21","modified_gmt":"2012-03-22T14:26:21","slug":"444te-suc-duyurusu","status":"publish","type":"post","link":"http:\/\/www.korhanyilmaz.com\/?p=49726","title":{"rendered":"4+4+4&#8217;te su\u00e7 duyurusu"},"content":{"rendered":"<p style=\"text-align: center;\"><a href=\"http:\/\/www.korhanyilmaz.com\/wp-content\/uploads\/2012\/03\/A0053.jpg\"  class=\"lightview\"><img loading=\"lazy\" decoding=\"async\" class=\"aligncenter  wp-image-49727\" src=\"http:\/\/www.korhanyilmaz.com\/wp-content\/uploads\/2012\/03\/A0053.jpg\" alt=\"\" width=\"333\" height=\"191\" \/><\/a><\/p>\n<p style=\"text-align: justify;\">CHP \u0130stanbul Milletvekili Tanal, Milli E\u011fitim Komisyonundaki kavgayla ilgili, aralar\u0131nda Komisyon Ba\u015fkan\u0131 Avc\u0131&#8217;n\u0131n da bulundu\u011fu 4 komisyon \u00fcyesi hakk\u0131nda su\u00e7 duyurusunda bulundu.<\/p>\n<p style=\"text-align: justify;\">ANKARA &#8211; CHP \u0130stanbul Milletvekili Mahmut Tanal, TBMM\u2019de, \u0130lk\u00f6\u011fretim ve E\u011fitim Kanunu \u0130le Baz\u0131 Kanunlarda De\u011fi\u015fiklik Yap\u0131lmas\u0131na Dair Kanun Teklifinin g\u00f6r\u00fc\u015f\u00fcld\u00fc\u011f\u00fc 11 Mart&#8217;taki toplant\u0131da ya\u015fananlarla ilgili, aralar\u0131nda TBMM Milli E\u011fitim, K\u00fclt\u00fcr, Gen\u00e7lik ve Spor Komisyonu Ba\u015fkan\u0131 Nabi Avc\u0131&#8217;n\u0131n da bulundu\u011fu 4 komisyon \u00fcyesi hakk\u0131nda, &#8221;g\u00f6revi k\u00f6t\u00fcye kullanma ve ger\u00e7e\u011fe ayk\u0131r\u0131 belge d\u00fczenleme&#8221; iddias\u0131yla Ankara Cumhuriyet Ba\u015fsavc\u0131l\u0131\u011f\u0131&#8217;na su\u00e7 duyurusunda bulundu.\u00a0<!--more--><\/p>\n<p style=\"text-align: justify;\">Su\u00e7 duyurusu dilek\u00e7esinde, komisyon toplant\u0131s\u0131nda, iktidar partisinin 100&#8217;\u00fc a\u015fk\u0131n milletvekilinin, toplant\u0131n\u0131n resmi a\u00e7\u0131lma saati olan 15.10&#8217;dan saatler \u00f6nce toplant\u0131 salonunu doldurdu\u011fu, muhalefet milletvekillerinin, salona girmesinin, oturmas\u0131n\u0131n ve s\u00f6z almas\u0131n\u0131n engellendi\u011fi iddia edildi.<\/p>\n<p style=\"text-align: justify;\">Dilek\u00e7ede komisyonun, kavgadan yararlanarak CHP&#8217;li milletvekillerinin s\u00f6z taleplerini i\u00e7eren dilek\u00e7esini g\u00f6z ard\u0131 etti\u011fi, kimseye s\u00f6z hakk\u0131 vermeyerek oylamay\u0131 yapt\u0131\u011f\u0131 ve teklifin komisyondan ge\u00e7ti\u011fi \u00f6ne s\u00fcr\u00fcld\u00fc.<\/p>\n<p style=\"text-align: justify;\">S\u00f6z hakk\u0131 talep eden CHP&#8217;li milletvekillerinden Fatma Nur Serter, Ali Haydar \u00d6ner, Recep G\u00fcrkan, Engin \u00d6zko\u00e7 ve Metin L\u00fctfi Baydar&#8217;\u0131n komisyon salonunda &#8221;yok&#8221; olarak tutana\u011fa ge\u00e7irildi\u011fi ve s\u00f6z alma taleplerinin &#8221;salonda olmad\u0131klar\u0131&#8221; gerek\u00e7esiyle reddedildi\u011fi ileri s\u00fcr\u00fclen dilek\u00e7ede,Komisyon Divan \u00dcyeleri&#8217;nin, T\u00fcrk Ceza Kanunu&#8217;nun 204. maddesinin 2. f\u0131kras\u0131na ayk\u0131r\u0131 olarak ger\u00e7e\u011fe ayk\u0131r\u0131 belge d\u00fczenledi\u011fi iddia edildi.<\/p>\n<p style=\"text-align: justify;\">Dilek\u00e7ede, CHP Grup Ba\u015fkanvekili Muharrem \u0130nce&#8217;nin 6 defa s\u00f6z isteme talebinde bulundu\u011fu, bunun tutana\u011fa ge\u00e7irilmesine ra\u011fmen kendisine bu hakk\u0131n tan\u0131nmad\u0131\u011f\u0131 ileri s\u00fcr\u00fcld\u00fc.<\/p>\n<p style=\"text-align: justify;\">D\u00fczeni bozan hareketler oldu\u011fu halde komisyon ba\u015fkan\u0131 ve \u00fcyelerin, bu eylemleri g\u00f6rmezlikten gelerek, bu durumu tutanaklara yans\u0131tmad\u0131\u011f\u0131 \u00f6ne s\u00fcr\u00fclen dilek\u00e7ede, Nabi Avc\u0131&#8217;n\u0131n yan\u0131 s\u0131ra, TBMM Milli E\u011fitim, K\u00fclt\u00fcr, Gen\u00e7lik ve Spor Komisyonu Ba\u015fkan Vekili Avni Erdemir, TBMM Milli E\u011fitim, K\u00fclt\u00fcr, Gen\u00e7lik ve Spor Komisyonu S\u00f6zc\u00fcs\u00fc Fikri I\u015f\u0131k ve TBMM Milli E\u011fitim, K\u00fclt\u00fcr, Gen\u00e7lik ve Spor Komisyonu K\u00e2tip \u00dcyesi Osman \u00c7ak\u0131r &#8221;\u015f\u00fcpheli&#8221; olarak yer ald\u0131.<\/p>\n<p style=\"text-align: justify;\"><strong>\u2018KOM\u0130SYON KARARLARINI DE\u011e\u0130\u015eT\u0130RME YETK\u0130S\u0130 YOK\u2019<\/strong><\/p>\n<p style=\"text-align: justify;\">TBMM Milli E\u011fitim, K\u00fclt\u00fcr, Gen\u00e7lik ve Spor Komisyonu Ba\u015fkan\u0131 Nabi Avc\u0131 ise, Meclis Ba\u015fkan\u0131 Cemil \u00c7i\u00e7ek&#8217;e g\u00f6nderdi\u011fi cevabi yaz\u0131da, &#8221;\u0130\u00e7t\u00fcz\u00fck&#8217;\u00fcn Meclis Ba\u015fkan\u0131&#8217;na Komisyon&#8217;un ald\u0131\u011f\u0131 kararlar\u0131 de\u011fi\u015ftirme ve h\u00fck\u00fcms\u00fcz k\u0131lacak i\u015flem tesis etme yetkisi vermedi\u011fine&#8221; yer verdiklerini ifade etti.<\/p>\n<p style=\"text-align: justify;\">Avc\u0131, Parlamento muhabirleriyle yapt\u0131\u011f\u0131 sohbet toplant\u0131s\u0131nda, zorunlu e\u011fitimin 12 y\u0131la \u00e7\u0131kar\u0131lmas\u0131n\u0131 i\u00e7eren yasa teklifi ile ilgili Komisyon Raporunu TBMM Ba\u015fkanl\u0131\u011f\u0131na g\u00f6nderdiklerini, bundan sonraki s\u00fcrecin Genel Kurulun takdirinde oldu\u011funu belirtti.<\/p>\n<p style=\"text-align: justify;\">Raporda yer alan hususlar\u0131n, Komisyon Ba\u015fkan\u0131 veya herhangi bir \u00fcyesine atfedilemeyece\u011fini, \u00fcye ve \u00fcye olmayan milletvekillerinin de\u011ferlendirilerek derc edildi\u011fini kaydeden Avc\u0131, &#8221;Raporda, g\u00f6r\u00fc\u015fmelerde ne yapt\u0131\u011f\u0131m\u0131z\u0131n bir foto\u011fraf\u0131n\u0131 \u00e7ekiyoruz&#8221; dedi.<\/p>\n<p style=\"text-align: justify;\">Avc\u0131, TBMM Ba\u015fkan\u0131 \u00c7i\u00e7ek&#8217;in kendilerine g\u00f6nderdi\u011fi yaz\u0131ya cevaplar\u0131n\u0131 da ilettiklerini bildirdi. Kendi imzas\u0131yla g\u00f6nderdi\u011fi 6 sayfal\u0131k yaz\u0131da, \u0130\u00e7t\u00fcz\u00fck uyar\u0131nca komisyonlar\u0131n g\u00fcndemlerine hakim oldu\u011fu, g\u00f6r\u00fc\u015fmelerin Anayasa ve \u0130\u00e7t\u00fcz\u00fck h\u00fck\u00fcmleri \u00e7er\u00e7evesinde ger\u00e7ekle\u015ftirildi\u011fine i\u015faret edildi\u011fini belirten Avc\u0131, yaz\u0131da, &#8221;\u0130\u00e7t\u00fcz\u00fck&#8217;\u00fcn 14. maddesinde (Meclis Ba\u015fkan\u0131&#8217;n\u0131n g\u00f6revleri) Meclis Ba\u015fkan\u0131&#8217;na verilen g\u00f6revler idari ve temsili niteliktedir. Dolay\u0131s\u0131yla 14. maddesinin 1. f\u0131kras\u0131n\u0131n 6 numaral\u0131 bendi, TBMM Ba\u015fkan\u0131&#8217;na komisyon kararlar\u0131n\u0131 de\u011fi\u015ftirmeyi ve h\u00fck\u00fcms\u00fcz k\u0131lmay\u0131 sa\u011flayacak i\u015flem tesis etme yetkisi vermez&#8221; denildi\u011fini ifade etti.<\/p>\n<p style=\"text-align: justify;\"><a href=\"http:\/\/www.ntvmsnbc.com\/id\/25332953\/\" target=\"_blank\">Kaynak : NTVMSNBC<\/a><\/p>\n","protected":false},"excerpt":{"rendered":"<p style=\"text-align: center;\">\n<p style=\"text-align: justify;\">CHP \u0130stanbul Milletvekili Tanal, Milli E\u011fitim Komisyonundaki kavgayla ilgili, aralar\u0131nda Komisyon Ba\u015fkan\u0131 Avc\u0131&#8217;n\u0131n da bulundu\u011fu 4 komisyon \u00fcyesi hakk\u0131nda su\u00e7 duyurusunda bulundu.<\/p>\n<p style=\"text-align: justify;\">ANKARA &#8211; CHP \u0130stanbul Milletvekili Mahmut Tanal, TBMM\u2019de, \u0130lk\u00f6\u011fretim ve E\u011fitim Kanunu \u0130le Baz\u0131 Kanunlarda De\u011fi\u015fiklik Yap\u0131lmas\u0131na Dair Kanun Teklifinin g\u00f6r\u00fc\u015f\u00fcld\u00fc\u011f\u00fc 11 Mart&#8217;taki toplant\u0131da ya\u015fananlarla ilgili, <\/p>\n","protected":false},"author":1,"featured_media":0,"comment_status":"open","ping_status":"open","sticky":false,"template":"","format":"standard","meta":{"footnotes":""},"categories":[105],"tags":[],"class_list":["post-49726","post","type-post","status-publish","format-standard","hentry","category-gundem","odd"],"_links":{"self":[{"href":"http:\/\/www.korhanyilmaz.com\/index.php?rest_route=\/wp\/v2\/posts\/49726","targetHints":{"allow":["GET"]}}],"collection":[{"href":"http:\/\/www.korhanyilmaz.com\/index.php?rest_route=\/wp\/v2\/posts"}],"about":[{"href":"http:\/\/www.korhanyilmaz.com\/index.php?rest_route=\/wp\/v2\/types\/post"}],"author":[{"embeddable":true,"href":"http:\/\/www.korhanyilmaz.com\/index.php?rest_route=\/wp\/v2\/users\/1"}],"replies":[{"embeddable":true,"href":"http:\/\/www.korhanyilmaz.com\/index.php?rest_route=%2Fwp%2Fv2%2Fcomments&post=49726"}],"version-history":[{"count":0,"href":"http:\/\/www.korhanyilmaz.com\/index.php?rest_route=\/wp\/v2\/posts\/49726\/revisions"}],"wp:attachment":[{"href":"http:\/\/www.korhanyilmaz.com\/index.php?rest_route=%2Fwp%2Fv2%2Fmedia&parent=49726"}],"wp:term":[{"taxonomy":"category","embeddable":true,"href":"http:\/\/www.korhanyilmaz.com\/index.php?rest_route=%2Fwp%2Fv2%2Fcategories&post=49726"},{"taxonomy":"post_tag","embeddable":true,"href":"http:\/\/www.korhanyilmaz.com\/index.php?rest_route=%2Fwp%2Fv2%2Ftags&post=49726"}],"curies":[{"name":"wp","href":"https:\/\/api.w.org\/{rel}","templated":true}]}}