{"id":49722,"date":"2012-03-17T20:06:49","date_gmt":"2012-03-17T18:06:49","guid":{"rendered":"http:\/\/www.korhanyilmaz.com\/?p=49722"},"modified":"2012-03-22T10:23:11","modified_gmt":"2012-03-22T08:23:11","slug":"yeni-bir-rejime-dogru","status":"publish","type":"post","link":"http:\/\/www.korhanyilmaz.com\/?p=49722","title":{"rendered":"Yeni Bir Rejime Do\u011fru"},"content":{"rendered":"<p style=\"text-align: center;\"><a href=\"http:\/\/www.korhanyilmaz.com\/wp-content\/uploads\/2012\/03\/4+4+4-egitim-sistemi.jpg\"  class=\"lightview\"><img loading=\"lazy\" decoding=\"async\" class=\"aligncenter  wp-image-49723\" src=\"http:\/\/www.korhanyilmaz.com\/wp-content\/uploads\/2012\/03\/4+4+4-egitim-sistemi.jpg\" alt=\"\" width=\"323\" height=\"215\" \/><\/a><\/p>\n<p style=\"text-align: justify;\">T\u00fcrkiye\u2019yi iyi bilen bir Frans\u0131z yazar\u0131 Martine Gozlan, \u201cT\u00fcrk Sahtek\u00e2rl\u0131\u011f\u0131\u201d (L\u2019imposture Turque) adl\u0131 kitab\u0131nda 2002\u2019den bu yana olu\u015fan T\u00fcrkiye modelinin \u201c\u00fc\u00e7 hayale\u201d dayand\u0131\u011f\u0131n\u0131 yaz\u0131yor. \u201cErdo\u011fan\u2019\u0131n T\u00fcrkiye\u2019si\u201d, san\u0131ld\u0131\u011f\u0131 gibi, a) demokratik bir model b) laik bir model c) b\u00f6lgesinde jeopolitik bir model de\u011fildir.<\/p>\n<p style=\"text-align: justify;\">Ge\u00e7en pazar g\u00fcn\u00fc Meclis\u2019in E\u011fitim Komisyonu\u2019nda meydana gelen olaylar T\u00fcrk demokrasisi a\u00e7\u0131s\u0131ndan \u00f6nem ta\u015f\u0131makta.\u00a0<!--more--><\/p>\n<p style=\"text-align: justify;\">Bir kere belirtmek gerekir ki, pazar g\u00fcnk\u00fc olay, bir b\u00f6l\u00fcm medyan\u0131n k\u00fc\u00e7\u00fclterek verdi\u011fi gibi, Meclis\u2019te s\u0131k\u00e7a g\u00f6r\u00fclen, neredeyse ola\u011fanla\u015fan iktidar ve muhalefet milletvekilleri aras\u0131ndaki kavgalardan biri de\u011fil.<\/p>\n<p style=\"text-align: justify;\">Olay\u0131n ger\u00e7ek y\u00fcz\u00fc \u015fu: AKP grup ba\u015fkanvekilleri imzas\u0131 ile Meclis\u2019in E\u011fitim Komisyonu\u2019na bir yasa tasar\u0131s\u0131 sunulmu\u015ftur. Gelecek ku\u015faklar\u0131n, T\u00fcrkiye\u2019nin gelece\u011fini bi\u00e7imlendirecek olan ve toplumun hi\u00e7bir kesimine dan\u0131\u015f\u0131lmadan haz\u0131rlanan bu \u00f6nemli yasa tasar\u0131s\u0131n\u0131 muhalefet engellemeye \u00e7al\u0131\u015fm\u0131\u015ft\u0131r. Bunun \u00fczerine pazar g\u00fcn\u00fc, AKP milletvekilleri g\u00fc\u00e7 kullanarak muhalefetin E\u011fitim Komisyonu\u2019nda bulunmas\u0131na izin vermemi\u015flerdir. Komisyona girmek isteyen milletvekilleri d\u00f6v\u00fclm\u00fc\u015ft\u00fcr. Komisyon \u00fcyesi muhalefet milletvekilleri bile toplant\u0131 odas\u0131na girememi\u015fler ve muhalefetin bulunmad\u0131\u011f\u0131 bir komisyonda sadece iktidar milletvekillerinin oylar\u0131yla tasar\u0131 kabul edilmi\u015ftir. Oysa, iktidar E\u011fitim Komisyonu\u2019nda \u00e7o\u011funlu\u011fa sahip. Muhalefet milletvekilleri komisyona gelip konu\u015fsalar, sonra oylama yap\u0131lsa sonu\u00e7 iktidar\u0131n istedi\u011fi gibi olacak.<\/p>\n<p style=\"text-align: justify;\">\u0130ktidar ve iktidara yak\u0131n bas\u0131n taraf\u0131ndan sorun, muhalefetin engelleme \u00e7abalar\u0131na kar\u015f\u0131 iktidar\u0131n \u00f6nlem almas\u0131 bi\u00e7iminde g\u00f6sterilmeye \u00e7al\u0131\u015f\u0131lmakta. Oysa muhalefetin yasa tasar\u0131s\u0131n\u0131 engelleme \u00e7abalar\u0131 ile muhalefet milletvekillerinin g\u00fc\u00e7 kullan\u0131larak komisyona sokulmamas\u0131 ve tek taraf\u0131n oylar\u0131 ile yasan\u0131n kabul edilmesi ayn\u0131 sepete konulamaz.<\/p>\n<p style=\"text-align: justify;\">Muhalefetin bir tasar\u0131n\u0131n yasala\u015fmas\u0131n\u0131 \u00f6nlemek i\u00e7in \u201cengelleme yapmas\u0131\u201d (filibuster) parlamenter demokrasilerde s\u0131k\u00e7a g\u00f6r\u00fclen eski bir y\u00f6ntem. \u00d6rne\u011fin \u0130ngiltere parlamentosunda, 1983\u2019te \u0130\u015f\u00e7i Partisi milletvekili John Golding telekom\u00fcnikasyon ile ilgili yasa tasar\u0131s\u0131n\u0131n kabul\u00fcn\u00fc \u00f6nlemek i\u00e7in 11 saat konu\u015fmu\u015f. Kanada parlamentosunda 2011 y\u0131l\u0131nda Yeni Demokrat Partisi milletvekilleri posta \u00e7al\u0131\u015fanlar\u0131 ile ilgili bir yasa tasar\u0131s\u0131 konusunda 58 saatlik bir engelleme yapm\u0131\u015f. ABD Senatosu\u2019nda 1957 y\u0131l\u0131nda Strom Thurmond adl\u0131 bir senat\u00f6r 24 saat 18 dakika konu\u015fmu\u015f ve yasan\u0131n ge\u00e7mesini \u00f6nlemi\u015f. B\u00f6yle pek \u00e7ok \u00f6rnek var ama bu \u00f6rneklerin hi\u00e7birinde iktidar partisi g\u00fc\u00e7 kullanarak m\u00fcdahale etmiyor. \u201cBunlar art\u0131k fazla oldu. Talimat\u0131m\u0131z yasan\u0131n bug\u00fcn ge\u00e7mesini gerektiriyor. Onun i\u00e7in onlar\u0131 komisyona sokmayal\u0131m, girmek isteyenleri d\u00f6velim\u201d demiyor.<\/p>\n<p style=\"text-align: justify;\">Demokrasiler \u015f\u00f6yle bir dengeye dayan\u0131r: Az\u0131nl\u0131k \u00e7o\u011funlu\u011fun karar alma yetkisini, \u00e7o\u011funluk da az\u0131nl\u0131\u011f\u0131n bu kararlar\u0131 ele\u015ftirme ve muhalefet etme hakk\u0131n\u0131 kabul eder. Pazar g\u00fcn\u00fc bu denge temelinden bozuldu.<\/p>\n<p style=\"text-align: justify;\">Milletvekillerinin Meclis \u00e7al\u0131\u015fmalar\u0131na kat\u0131lmalar\u0131n\u0131n g\u00fc\u00e7 kullanarak \u00f6nlenmesi, demokrasi ile ilgisi olmayan rejimlere \u00f6zg\u00fc bir \u00f6zellik. \u00d6rne\u011fin, fa\u015fist \u0130talya\u2019da, Mussolini\u2019nin Kara G\u00f6mleklileri Roma\u2019ya y\u00fcr\u00fcy\u00fcp \u201cDuce\u201dnin de kral taraf\u0131ndan ba\u015fbakan olarak atanmas\u0131ndan sonra, parlamento \u00fczerinde a\u011f\u0131r bir bask\u0131 uygulanmaya ba\u015fland\u0131. Fa\u015fist y\u00f6netimi ele\u015ftiren milletvekilleri vatan haini say\u0131l\u0131yor, sokakta d\u00f6v\u00fcl\u00fcyordu. Sonunda parlamento t\u00fcm yetkilerini Mussolini\u2019ye devretti.<\/p>\n<p style=\"text-align: justify;\">Nazi Almanya\u2019s\u0131nda ise Reichstag yang\u0131n\u0131ndan sonra 25 Mart 1933\u2019te yetki yasas\u0131n\u0131 g\u00f6r\u00fc\u015fmek amac\u0131yla parlamento topland\u0131. Ancak toplant\u0131ya tutuklanan sosyalist ve kom\u00fcnist milletvekilleri kat\u0131lamad\u0131. Toplant\u0131, Meclis i\u00e7inde ve d\u0131\u015f\u0131ndaki SA birliklerinin (Sturmabteilung-Hitler\u2019in iktidara gelmesinde \u00f6nemli bir rol oynayan, Nazi Partisi\u2019nin paramiliter birlikleri) bask\u0131s\u0131 alt\u0131nda yap\u0131ld\u0131. Tasar\u0131 lehine oy vermeyen milletvekilleri SA birliklerinin tehditlerine maruz kald\u0131. B\u00f6yle bir ortamda kabul edilen yetki tasar\u0131s\u0131 ile h\u00fck\u00fcmete yasama yetkisi verildi. Bu yasa ile Hitler\u2019in diktat\u00f6rl\u00fc\u011f\u00fc yasalla\u015ft\u0131. Yetki yasas\u0131 g\u00f6r\u00fc\u015fmeleri s\u0131ras\u0131nda Hitler \u201cH\u00fck\u00fcmet derin bir dinsel ya\u015fam i\u00e7in gereken ko\u015fullar\u0131 yaratmaktad\u0131r\u201d dedi.<\/p>\n<p style=\"text-align: justify;\">Pazar g\u00fcn\u00fc yap\u0131lan E\u011fitim Komisyonu toplant\u0131s\u0131n\u0131n da bunlardan farkl\u0131 oldu\u011fu s\u00f6ylenemez. AKP milletvekillerinin bask\u0131s\u0131 alt\u0131nda toplanan E\u011fitim Komisyonu\u2019na muhalefet milletvekilleri sokulmad\u0131. Konu\u015fma ve oy kullanma haklar\u0131 gasp edildi. AKP T\u00fcrkiyesi\u2019nde meydana gelen olaylar\u0131n amac\u0131 iktidar\u0131n ideolojisine uygun yeni bir toplum yaratmak. Bu ama\u00e7 demokrasi k\u0131l\u0131f\u0131 i\u00e7inde y\u00fcr\u00fct\u00fcl\u00fcyor. Ger\u00e7ek ama\u00e7 halktan saklan\u0131yor.<\/p>\n<p style=\"text-align: justify;\">Pazar olaylar\u0131 TBMM\u2019de bir ilk. T\u00fcrk demokrasi tarihine \u201cKara Pazar\u201d olarak ge\u00e7ecek. Pazar olaylar\u0131n\u0131n ortaya \u00e7\u0131kard\u0131\u011f\u0131 ger\u00e7ek \u015fu: AKP iktidar\u0131 demokratik me\u015fruiyetini yitirmekte, T\u00fcrkiye\u2019de giderek b\u00fcy\u00fcyen bir rejim sorunu do\u011fmakta. Pazar olaylar\u0131 bunun a\u00e7\u0131k bir g\u00f6stergesi. Bir yandan bu gidi\u015fe kar\u015f\u0131 koymak, bir demokrasi ve \u00f6zg\u00fcrl\u00fck m\u00fccadelesi vermek, \u00f6te yandan bu ger\u00e7eklerin halk taraf\u0131ndan anla\u015f\u0131lmas\u0131n\u0131 sa\u011flamak ba\u015fta CHP olmak \u00fczere t\u00fcm muhalefet partilerinin g\u00f6revi.<\/p>\n<p style=\"text-align: justify;\">T\u00fcrkiye\u2019yi iyi bilen bir Frans\u0131z yazar\u0131 Martine Gozlan, \u201cT\u00fcrk Sahtek\u00e2rl\u0131\u011f\u0131\u201d (L\u2019imposture Turque) adl\u0131 kitab\u0131nda 2002\u2019den bu yana olu\u015fan T\u00fcrkiye modelinin \u201c\u00fc\u00e7 hayale\u201d dayand\u0131\u011f\u0131n\u0131 yaz\u0131yor.<\/p>\n<p style=\"text-align: justify;\">\u201cErdo\u011fan\u2019\u0131n T\u00fcrkiye\u2019si\u201d, san\u0131ld\u0131\u011f\u0131 gibi, a) demokratik bir model b) laik bir model c) b\u00f6lgesinde jeopolitik bir model de\u011fildir. Demokrasi ile y\u00f6netilen bir \u00fclkede ya\u015famak isteyen herkesin, pazar g\u00fcnk\u00fc olaylar\u0131n ortaya \u00e7\u0131kard\u0131\u011f\u0131 ger\u00e7e\u011fi g\u00f6rmesi ve bunu kabul etmemesi gerekir.<\/p>\n<p style=\"text-align: justify;\"><em>R\u0131za T\u00dcRMEN CHP \u0130zmir Milletvekili<\/em><\/p>\n<p style=\"text-align: justify;\"><a href=\"http:\/\/www.cumhuriyet.com.tr\/?hn=323026\" target=\"_blank\">Kaynak : Cumhuriyet Haber Portal\u0131<\/a><\/p>\n","protected":false},"excerpt":{"rendered":"<p style=\"text-align: center;\">\n<p style=\"text-align: justify;\">T\u00fcrkiye\u2019yi iyi bilen bir Frans\u0131z yazar\u0131 Martine Gozlan, \u201cT\u00fcrk Sahtek\u00e2rl\u0131\u011f\u0131\u201d (L\u2019imposture Turque) adl\u0131 kitab\u0131nda 2002\u2019den bu yana olu\u015fan T\u00fcrkiye modelinin \u201c\u00fc\u00e7 hayale\u201d dayand\u0131\u011f\u0131n\u0131 yaz\u0131yor. \u201cErdo\u011fan\u2019\u0131n T\u00fcrkiye\u2019si\u201d, san\u0131ld\u0131\u011f\u0131 gibi, a) demokratik bir model b) laik bir model c) b\u00f6lgesinde jeopolitik bir model de\u011fildir.<\/p>\n<p style=\"text-align: justify;\">Ge\u00e7en pazar g\u00fcn\u00fc Meclis\u2019in E\u011fitim Komisyonu\u2019nda <\/p>\n","protected":false},"author":1,"featured_media":0,"comment_status":"open","ping_status":"open","sticky":false,"template":"","format":"standard","meta":{"footnotes":""},"categories":[105],"tags":[],"class_list":["post-49722","post","type-post","status-publish","format-standard","hentry","category-gundem","odd"],"_links":{"self":[{"href":"http:\/\/www.korhanyilmaz.com\/index.php?rest_route=\/wp\/v2\/posts\/49722","targetHints":{"allow":["GET"]}}],"collection":[{"href":"http:\/\/www.korhanyilmaz.com\/index.php?rest_route=\/wp\/v2\/posts"}],"about":[{"href":"http:\/\/www.korhanyilmaz.com\/index.php?rest_route=\/wp\/v2\/types\/post"}],"author":[{"embeddable":true,"href":"http:\/\/www.korhanyilmaz.com\/index.php?rest_route=\/wp\/v2\/users\/1"}],"replies":[{"embeddable":true,"href":"http:\/\/www.korhanyilmaz.com\/index.php?rest_route=%2Fwp%2Fv2%2Fcomments&post=49722"}],"version-history":[{"count":0,"href":"http:\/\/www.korhanyilmaz.com\/index.php?rest_route=\/wp\/v2\/posts\/49722\/revisions"}],"wp:attachment":[{"href":"http:\/\/www.korhanyilmaz.com\/index.php?rest_route=%2Fwp%2Fv2%2Fmedia&parent=49722"}],"wp:term":[{"taxonomy":"category","embeddable":true,"href":"http:\/\/www.korhanyilmaz.com\/index.php?rest_route=%2Fwp%2Fv2%2Fcategories&post=49722"},{"taxonomy":"post_tag","embeddable":true,"href":"http:\/\/www.korhanyilmaz.com\/index.php?rest_route=%2Fwp%2Fv2%2Ftags&post=49722"}],"curies":[{"name":"wp","href":"https:\/\/api.w.org\/{rel}","templated":true}]}}