{"id":49718,"date":"2012-03-18T20:52:53","date_gmt":"2012-03-18T18:52:53","guid":{"rendered":"http:\/\/www.korhanyilmaz.com\/?p=49718"},"modified":"2012-03-22T10:04:04","modified_gmt":"2012-03-22T08:04:04","slug":"dindar-mi-laik-mi","status":"publish","type":"post","link":"http:\/\/www.korhanyilmaz.com\/?p=49718","title":{"rendered":"&#8216;Dindar&#8217; m\u0131 &#8216;Laik&#8217; mi?"},"content":{"rendered":"<p style=\"text-align: center;\"><a href=\"http:\/\/www.korhanyilmaz.com\/wp-content\/uploads\/2012\/03\/A0052.jpg\"  class=\"lightview\"><img loading=\"lazy\" decoding=\"async\" class=\"aligncenter  wp-image-49719\" src=\"http:\/\/www.korhanyilmaz.com\/wp-content\/uploads\/2012\/03\/A0052.jpg\" alt=\"\" width=\"250\" height=\"296\" \/><\/a><\/p>\n<p style=\"text-align: justify;\">Erdo\u011fan\u2019\u0131n talimat\u0131yla meydanlar\u0131 dolduran ve emri do\u011frultusunda oy veren robotla\u015ft\u0131r\u0131lm\u0131\u015f bir kitle ve bu kitlenin \u201ciradesi\u201d, ulusal \/ \u00f6zg\u00fcr irade olabilir mi? Akl\u0131n ve bilimin a\u00e7t\u0131\u011f\u0131 ayd\u0131nl\u0131kta \u00f6zg\u00fcrle\u015fen \u00e7ocuk, \u00f6zg\u00fcr bir kimliktir. Dindar olmaya zorlanan \u00e7ocuk kendinde \u00f6zg\u00fcr olamaz. Sorun da budur. Modern k\u00f6leler olurlar. K\u00f6le, modern olamaz.\u00a0<!--more--><\/p>\n<p style=\"text-align: justify;\">\u201cAK Parti\u2019den ateist bir nesil yeti\u015ftirmemizi mi bekliyorsunuz?\u201d diye nicedir k\u00fckremeli Tayyip Erdo\u011fan. \u201cAteist bir gen\u00e7lik\u201d de\u011fil \u201cdindar bir nesil\u201d yeti\u015ftirecekmi\u015f! Ateist mi, tinerci mi, yoksa isyank\u00e2r m\u0131? \u201cBu gen\u00e7li\u011fin tinerci olmas\u0131n\u0131 m\u0131 istiyorsunuz! Bu gen\u00e7lik tinerci mi olsun? \u0130syank\u00e2r bir nesil mi olsun?\u201d diye de kendisini ele\u015ftirenleri sorgulam\u0131\u015f!<\/p>\n<p style=\"text-align: justify;\">1924 E\u011fitim Birli\u011fi Yasas\u0131\u2019yla birlikte, akl\u0131n ve bilimin egemenli\u011finde yap\u0131land\u0131r\u0131lan ulusal, laik ve \u00e7a\u011fda\u015f e\u011fitimin, tinerci, isyank\u00e2r ya da ateist yeti\u015ftirmeye g\u00f6re planland\u0131\u011f\u0131n\u0131, demek ki Tayyip Erdo\u011fan, on y\u0131la yakla\u015fan iktidar\u0131nda, yeni g\u00f6r\u00fcyor; tinerci, ateist, isyank\u00e2r nesil yerine, \u201cmodern dindar\u201d bir nesil yeti\u015ftirece\u011fini dayat\u0131yor. \u201cModern dindar nesil\u201d ise Necip Faz\u0131l \u201c\u00fcstad\u201d\u0131n\u0131n Hitabe\u2019sinde a\u00e7\u0131mlan\u0131yor: \u201cDininin, dilinin, ilminin, \u0131rz\u0131n\u0131n, evinin, kininin, kalbinin davac\u0131s\u0131\u201d bir gen\u00e7lik!<\/p>\n<p style=\"text-align: justify;\">Dinin toplumsal ya\u015famda kutsal de\u011fer olmaktan siyasal de\u011fer olmaya ba\u015flad\u0131\u011f\u0131 s\u00fcre\u00e7, geleneksel ve statik bir kurum olan dinin, dinamik ve modern sermayenin hizmetine sunuldu\u011fu s\u00fcre\u00e7le de \u00f6rt\u00fc\u015f\u00fcr. \u00dcstelik bu s\u00fcre\u00e7, dinin, ulus devleti ve ulusall\u0131\u011f\u0131 tahrip i\u00e7in, dindar gen\u00e7li\u011fin, emperyalist gericili\u011fin aleti olmaya ba\u015flad\u0131\u011f\u0131 s\u00fcre\u00e7le de \u00f6rt\u00fc\u015f\u00fcr.<\/p>\n<p style=\"text-align: justify;\">Burada, 1. dinsel ayr\u0131\u015fma, 2. mezhepsel ayr\u0131\u015fma, 3. etnik ayr\u0131\u015fma, ulusla\u015fma s\u00fcrecini tamamlamam\u0131\u015f ulusu ayr\u0131\u015ft\u0131rman\u0131n; (1) ba\u011f\u0131ms\u0131zla\u015fma, (2) \u00f6zg\u00fcrle\u015fme, (3) ulusla\u015fma, ulusal b\u00fct\u00fcnle\u015fmenin ve \u00f6zg\u00fcr ulus olarak varl\u0131\u011f\u0131n\u0131 s\u00fcrd\u00fcrmenin \u00f6\u011feleri ve \u00f6zneleri oldu\u011funu belirtelim.<\/p>\n<p style=\"text-align: justify;\">Tayyip Erdo\u011fan\u2019\u0131n, Huntington\u2019\u0131n, B\u00fcy\u00fck Ortado\u011fu Projesi\u2019ne uyarlayarak, T\u00fcrkiye\u2019nin laik olmadan da \u201cmodern\u201d olabilece\u011fi sav\u0131n\u0131n, \u201cmodern dindar\u201d bir \u00fclke olarak alg\u0131lam\u0131\u015f olmas\u0131n\u0131, bir kast\u0131n de\u011filse bir bilisizli\u011fin sonucu oldu\u011funu s\u00f6ylemek yanl\u0131\u015f olmayacakt\u0131r.<\/p>\n<p style=\"text-align: justify;\">\u00c7\u00fcnk\u00fc Huntington, \u201claik\u201d cumhuriyetin, laik olarak dindar olaca\u011f\u0131n\u0131 de\u011fil, \u201claik\u201dlik ile kazan\u0131lan \u201cmodern\u201dli\u011fin, \u201claik\u201d olmadan da s\u00fcrd\u00fcr\u00fclebilece\u011fini s\u00f6yler. T\u00fcrkiye\u2019nin \u0130slam \u00fclkelerinin birli\u011fini sa\u011flamas\u0131n\u0131n engeli ise \u201cmodern\u201d \u00fclke olmas\u0131 de\u011fil, \u201claik\u201d \u00fclke olmas\u0131d\u0131r. Bunun i\u00e7in laik olmadan da bir \u00fclkenin modern ve demokratik \u0130slama liderlik yapabilece\u011fi ileri s\u00fcr\u00fcl\u00fcyor, \u0130slam\u0131n liderli\u011fi i\u00e7in T\u00fcrkiye ve Erdo\u011fan planlan\u0131yordu.<\/p>\n<p style=\"text-align: justify;\">Burhan Dodanl\u0131\u2019n\u0131n yenileyin yay\u0131mlanan \u201cHepiniz Su\u00e7lusunuz!\u201d kitab\u0131n\u0131n kapa\u011f\u0131nda, Deniz Gezmi\u015f\u2019in savunmas\u0131ndan al\u0131nm\u0131\u015f iki c\u00fcmlecik, son y\u00fczy\u0131l\u0131n tarihine \u0131\u015f\u0131k tutuyor:<\/p>\n<p style=\"text-align: justify;\">\u201c\u2026 bizi ba\u011f\u0131ms\u0131z bir \u00fclkenin \u00e7ocuklar\u0131 olmaktan mahrum eden bir ku\u015fak olarak, mahkeme heyeti olan sizler dahil hepiniz su\u00e7lusunuz! As\u0131l su\u00e7lu sizler ve sizler gibi emperyalizme g\u00f6z yumanlard\u0131r.\u201d<\/p>\n<p style=\"text-align: justify;\">Deniz Gezmi\u015f\u2019i idama g\u00f6t\u00fcrecek olan bu \u00e7\u0131\u011fl\u0131kta, ku\u015fkusuz \u201cdindar gen\u00e7lik\u201d yok, ama tinerci, isyank\u00e2r, ateist bir gen\u00e7lik de yok. \u201cAnar\u015fist\u201d derseniz o da yok. \u0130ki \u015fey var: ba\u011f\u0131ms\u0131zl\u0131k ve ulusall\u0131k. Tek \u00f6zlem: ba\u011f\u0131ms\u0131z bir \u00fclkenin \u00e7ocuklar\u0131 olmak ve tek hedef: bizi soyarak bo\u011fan, bo\u011farak \u201ckurtaran\u201d emperyalizm.<\/p>\n<p style=\"text-align: justify;\">Rockefeller\u2019in sa\u011f elinin i\u015faret parma\u011f\u0131n\u0131 tehdit edercesine g\u00f6z\u00fcm\u00fcze soktu\u011fu Sam Amca var, Tayyip ye\u011fenin \u201camcas\u0131\u201d. Karg\u0131s\u0131n\u0131 ulusal ve ba\u011f\u0131ms\u0131z kimli\u011fe y\u00f6neltiyor, hedef tahtas\u0131na ise tinerciyi, isyanc\u0131y\u0131, ateisti koyuyor.<\/p>\n<p style=\"text-align: justify;\">Cevdet Sunay\u2019\u0131n \u201cLaik okullar anar\u015fi yuvas\u0131 haline geldi\u201d, \u201cDevletin kilit mevkilerini imam-hatip okullar\u0131ndan yeti\u015fenlere verece\u011fiz\u201d s\u00f6zlerinde gizlenen dinsel ve \u00f6zellikle mezhepsel ayr\u0131mc\u0131l\u0131\u011f\u0131, Erdo\u011fan, 4+4+4 darbesiyle, imam-hatip okullar\u0131n\u0131 e\u011fitimin t\u00fcm\u00fcne yay\u0131yor, ya\u015f\u0131 zihinsel bulu\u011fa ermemi\u015f \u00e7ocuklara de\u011fin indiriyor.<\/p>\n<p style=\"text-align: justify;\">Gen\u00e7ler aras\u0131nda imamhatip okullar\u0131yla ba\u015flat\u0131lan Alevi-S\u00fcnni ayr\u0131\u015fmas\u0131 giderek d\u00fc\u015fmanl\u0131\u011fa d\u00f6n\u00fc\u015fecek, \u00fcmmeti Muhammet\u2019i cihada \u00e7a\u011f\u0131ran, Tanr\u0131 Da\u011f\u0131 kadar T\u00fcrk, H\u0131ra Da\u011f\u0131 kadar M\u00fcsl\u00fcman tinerciler, isyanc\u0131lar, ateist Allahs\u0131zlar, sol partilere oy veren Alevileri, Sivas\u2019ta, K. Mara\u015f\u2019ta, \u00c7orum\u2019da kom\u00fcnistler olarak katledeceklerdi.<\/p>\n<p style=\"text-align: justify;\">Belirtelim ki, kimse, bizi imamhatip okullar\u0131na kem g\u00f6zle bakmakla karalamaya \u00e7al\u0131\u015fmas\u0131n! Ama hi\u00e7 kimse de imamhatiplileri, Erdo\u011fan\u2019\u0131n \u015feriat ordusunun ba\u015f\u0131 ba\u011fl\u0131 askerleri olarak \u00f6n\u00fcm\u00fcze \u00e7\u0131karmas\u0131n!<\/p>\n<p style=\"text-align: justify;\">E\u011fitim ve \u00f6\u011fretimin temeline dini (teokrasiyi) yerle\u015ftirerek, Saidi Nursi\u2019nin s\u00f6zleriyle, akl\u0131n ve bilimin anar\u015fizme, ateizme, kom\u00fcnizme, Siyonizme g\u00f6t\u00fcrd\u00fc\u011f\u00fc safsatas\u0131n\u0131, Nursi\u2019nin yolundan gidenler kendilerine saklas\u0131n, ulusa bu deli g\u00f6mle\u011fini giydirmeye kalk\u0131\u015fmas\u0131n! Saidi Nursi\u2019ye uyarak, akl\u0131 ve bilimi, \u201cdinin ve vahyin\u201d emri ve denetimi alt\u0131na almas\u0131 i\u00e7in, tasar\u0131 \u00f6nermeye soyunmas\u0131n! Gene Saidi Nursi\u2019nin g\u00f6r\u00fc\u015f\u00fc olarak, \u201cf\u00fcnun-u ilmiye\u201dnin, yani fizik, kimya gibi fen bilimlerinin, sosyoloji, antropoloji gibi be\u015feri bilimlerin, \u201cecnebi ilimler\u201d oldu\u011fu, zararl\u0131 ve koku\u015fmu\u015f bir membadan kaynakland\u0131\u011f\u0131 safsatas\u0131yla, me\u015fayih (\u015feyhler) taraf\u0131ndan \u201c\u015feriat s\u00fczgecinden\u201d s\u00fcz\u00fclerek al\u0131nmas\u0131n\u0131 istemeye kalk\u0131\u015fmas\u0131n!<\/p>\n<p style=\"text-align: justify;\">Ulus-devlette, devlet, \u00fcyelerini, belirli bir ya\u015ftan ba\u015flayarak e\u011fitmekle y\u00fck\u00fcml\u00fcd\u00fcr.<\/p>\n<p style=\"text-align: justify;\">Teokratik ve feodal bir devlet olarak Osmanl\u0131 \u0130mparatorlu\u011fu\u2019nun e\u011fitim ve \u00f6\u011fretim kurumlar\u0131n\u0131n teokratik ve feodal esaslara g\u00f6re d\u00fczenlenmesi do\u011fas\u0131 gere\u011fidir.<\/p>\n<p style=\"text-align: justify;\">Ama teokratik-feodal devlet, laik cumhuriyete devrimle\u015fti\u011fi ya da evrimle\u015fti\u011fi zaman, temel e\u011fitim bir yandan zorunlu hale gelir ve \u00f6te yandan bu e\u011fitim bir dinin, bir etnisitenin, bir mezhebin de\u011fil, ulus-devletin belirledi\u011fi zorunlu, ulusal e\u011fitime evrimle\u015fir ve devrimle\u015fir.<\/p>\n<p style=\"text-align: justify;\">\u00c7\u00fcnk\u00fc etnik, dinsel, mezhepsel farkl\u0131l\u0131klar fark olarak kalmakla birlikte, t\u00fcm\u00fc, ulus potas\u0131nda e\u015fitlenmi\u015f, ulusun e\u015fit \u00fcyelerine d\u00f6n\u00fc\u015fm\u00fc\u015ft\u00fcr.<\/p>\n<p style=\"text-align: justify;\">Akl\u0131n ve bilimin \u0131\u015f\u0131\u011f\u0131nda, akla ve bilime dayal\u0131 e\u011fitim, toplumun oldu\u011fu kadar, devletin kurumlar\u0131n\u0131 dinsel esaslara g\u00f6re d\u00fczenleyen bir e\u011fitim olamaz. Laik bir devlet de, e\u011fitim ve \u00f6\u011fretimi dinselle\u015ftiremez. Laik e\u011fitim bir inan\u00e7 sistemi dayat\u0131rsa, kendisi laik e\u011fitim olmaz. E\u011fitim dinselle\u015firse, yasamadan y\u00fcr\u00fctmeye, devletin siyasal, ekonomik, hukuksal, toplumsal b\u00fct\u00fcn kurumlar\u0131n\u0131n, dinsel esaslara g\u00f6re d\u00fczenlenmesinin ko\u015fullar\u0131 olu\u015fur.<\/p>\n<p style=\"text-align: justify;\">Erdo\u011fan\u2019\u0131n talimat\u0131yla meydanlar\u0131 dolduran ve emri do\u011frultusunda oy veren robotla\u015ft\u0131r\u0131lm\u0131\u015f bir kitle ve bu kitlenin \u201ciradesi\u201d, ulusal \/ \u00f6zg\u00fcr irade olabilir mi?<\/p>\n<p style=\"text-align: justify;\">Akl\u0131n ve bilimin a\u00e7t\u0131\u011f\u0131 ayd\u0131nl\u0131kta \u00f6zg\u00fcrle\u015fen \u00e7ocuk, \u00f6zg\u00fcr bir kimliktir. Dindar olmaya zorlanan \u00e7ocuk kendinde \u00f6zg\u00fcr olamaz. Sorun da budur. Modern k\u00f6leler olurlar. K\u00f6le, modern olamaz.<\/p>\n<p style=\"text-align: justify;\"><em>Muzaffer \u0130lhan ERDOST T\u0130HAK \/ T\u00fcrkiye \u0130nsan Haklar\u0131 Kurumu Ba\u015fkan\u0131<\/em><\/p>\n<p style=\"text-align: justify;\"><a href=\"http:\/\/www.cumhuriyet.com.tr\/?hn=323262\">Kaynak : Cumhuriyet Haber Portal\u0131<\/a><\/p>\n","protected":false},"excerpt":{"rendered":"<p style=\"text-align: center;\">\n<p style=\"text-align: justify;\">Erdo\u011fan\u2019\u0131n talimat\u0131yla meydanlar\u0131 dolduran ve emri do\u011frultusunda oy veren robotla\u015ft\u0131r\u0131lm\u0131\u015f bir kitle ve bu kitlenin \u201ciradesi\u201d, ulusal \/ \u00f6zg\u00fcr irade olabilir mi? Akl\u0131n ve bilimin a\u00e7t\u0131\u011f\u0131 ayd\u0131nl\u0131kta \u00f6zg\u00fcrle\u015fen \u00e7ocuk, \u00f6zg\u00fcr bir kimliktir. Dindar olmaya zorlanan \u00e7ocuk kendinde \u00f6zg\u00fcr olamaz. Sorun da budur. Modern k\u00f6leler olurlar. K\u00f6le, modern olamaz. <\/p>\n","protected":false},"author":1,"featured_media":0,"comment_status":"open","ping_status":"open","sticky":false,"template":"","format":"standard","meta":{"footnotes":""},"categories":[105],"tags":[],"class_list":["post-49718","post","type-post","status-publish","format-standard","hentry","category-gundem","odd"],"_links":{"self":[{"href":"http:\/\/www.korhanyilmaz.com\/index.php?rest_route=\/wp\/v2\/posts\/49718","targetHints":{"allow":["GET"]}}],"collection":[{"href":"http:\/\/www.korhanyilmaz.com\/index.php?rest_route=\/wp\/v2\/posts"}],"about":[{"href":"http:\/\/www.korhanyilmaz.com\/index.php?rest_route=\/wp\/v2\/types\/post"}],"author":[{"embeddable":true,"href":"http:\/\/www.korhanyilmaz.com\/index.php?rest_route=\/wp\/v2\/users\/1"}],"replies":[{"embeddable":true,"href":"http:\/\/www.korhanyilmaz.com\/index.php?rest_route=%2Fwp%2Fv2%2Fcomments&post=49718"}],"version-history":[{"count":0,"href":"http:\/\/www.korhanyilmaz.com\/index.php?rest_route=\/wp\/v2\/posts\/49718\/revisions"}],"wp:attachment":[{"href":"http:\/\/www.korhanyilmaz.com\/index.php?rest_route=%2Fwp%2Fv2%2Fmedia&parent=49718"}],"wp:term":[{"taxonomy":"category","embeddable":true,"href":"http:\/\/www.korhanyilmaz.com\/index.php?rest_route=%2Fwp%2Fv2%2Fcategories&post=49718"},{"taxonomy":"post_tag","embeddable":true,"href":"http:\/\/www.korhanyilmaz.com\/index.php?rest_route=%2Fwp%2Fv2%2Ftags&post=49718"}],"curies":[{"name":"wp","href":"https:\/\/api.w.org\/{rel}","templated":true}]}}