{"id":49714,"date":"2012-03-22T09:33:11","date_gmt":"2012-03-22T07:33:11","guid":{"rendered":"http:\/\/www.korhanyilmaz.com\/?p=49714"},"modified":"2012-03-22T09:33:11","modified_gmt":"2012-03-22T07:33:11","slug":"aihm-davalarinda-devlet-adina-yapilan-savunmalar","status":"publish","type":"post","link":"http:\/\/www.korhanyilmaz.com\/?p=49714","title":{"rendered":"A\u0130HM Davalar\u0131nda Devlet Ad\u0131na Yap\u0131lan Savunmalar"},"content":{"rendered":"<p style=\"text-align: center;\"><a href=\"http:\/\/www.korhanyilmaz.com\/wp-content\/uploads\/2012\/03\/A0051.jpg\"  class=\"lightview\"><img loading=\"lazy\" decoding=\"async\" class=\"aligncenter  wp-image-49715\" src=\"http:\/\/www.korhanyilmaz.com\/wp-content\/uploads\/2012\/03\/A0051.jpg\" alt=\"\" width=\"309\" height=\"231\" \/><\/a><\/p>\n<p style=\"text-align: justify;\">A\u0130HM i\u00e7tihatlar\u0131 sadece T\u00fcrkiye hakk\u0131ndaki kararlarla ve ba\u015fka \u00fclkeler hakk\u0131ndaki baz\u0131 se\u00e7me kararlarla s\u0131n\u0131rl\u0131 de\u011fildir ve bu s\u0131n\u0131rl\u0131 kapsamdaki A\u0130HM i\u00e7tihatlar\u0131yla uyum nisbi bir iyile\u015fme ve davalarda azalma sa\u011flasa bile, geriye kalan davalar ve ihlal kararlar\u0131 yine ayn\u0131 sorunlar\u0131 g\u00fcndemde tutmaya devam edecektir.\u00a0<!--more--><\/p>\n<p style=\"text-align: justify;\">T\u00fcrkiye, bug\u00fcn \u201cA\u0130HM davalar\u0131\u201d olarak bilinen dava ya da ba\u015fvuru yolunu 25 y\u0131l \u00f6nce 28 Ocak 1987 tarihinde kabul etmi\u015ftir. Ba\u015fbakanl\u0131k 1 Nisan 1988 tarihli genelgesiyle o tarihte ba\u015fvurular\u0131n yap\u0131laca\u011f\u0131 organ olan \u201cAvrupa \u0130nsan Haklar\u0131 Komisyonu\u201d (A\u0130HK) \u00f6n\u00fcnde savunma yapmak ve savunmalar\u0131n haz\u0131rlanmas\u0131nda ilgili kurumlar aras\u0131nda koordinasyon sa\u011flamakla D\u0131\u015fi\u015fleri Bakanl\u0131\u011f\u0131\u2019n\u0131 g\u00f6revlendirmi\u015ftir.<\/p>\n<p style=\"text-align: justify;\">Bu tarihten, A\u0130HM davalar\u0131nda savunma yapma g\u00f6revi 1 Mart 2012 tarihinde Adalet Bakanl\u0131\u011f\u0131\u2019na devredilene kadar, A\u0130HK\u2019ye ve A\u0130HM\u2019ye yap\u0131lan ba\u015fvurularda savunma yapmak hizmeti D\u0131\u015fi\u015fleri Bakanl\u0131\u011f\u0131 taraf\u0131ndan y\u00fcr\u00fct\u00fclm\u00fc\u015ft\u00fcr. A\u0130HM\u2019nin 1 Mart 2012 tarihine kadar devlete bildirdi\u011fi davalarla bu tarihten sonra bildirilecek d\u0131\u015f politika ile ilgili davalarda savunma g\u00f6revi yine D\u0131\u015fi\u015fleri Bakanl\u0131\u011f\u0131\u2019na ait olacakt\u0131r.<\/p>\n<p style=\"text-align: justify;\"><span style=\"text-decoration: underline;\">Sorunlar:<\/span><\/p>\n<p style=\"text-align: justify;\">A\u0130HM davalar\u0131nda devletin hukuksal savunmas\u0131yla ilgili hizmetin hangi kurallara g\u00f6re y\u00fcr\u00fct\u00fclece\u011fi ve A\u0130HM kararlar\u0131n\u0131n hukukumuzdaki yeri ve nas\u0131l icra edilece\u011fi 25 y\u0131ld\u0131r d\u00fczenlenmemi\u015ftir. Ne savunmalar\u0131n nas\u0131l yap\u0131laca\u011f\u0131 ve savunma yapanlar\u0131n yetki ve sorumluluklar\u0131, ne A\u0130HM ihlal kararlar\u0131n\u0131n, \u00f6zellikle de yap\u0131sal i\u015fleyi\u015f bozukluklar\u0131yla ilgili olanlar\u0131n\u0131n nas\u0131l icra edilece\u011fi ve icra konusunda y\u00fcr\u00fctme organ\u0131n\u0131n sorumlulu\u011fu bellidir, ne de savunmas\u0131yla icras\u0131yla bir b\u00fct\u00fcn olu\u015fturan bu hizmetin s\u00fcrekli bir kamu hizmeti niteli\u011finde oldu\u011fu ve buna ba\u011fl\u0131 olarak, hizmeti y\u00fcr\u00fctenlerin uzmanl\u0131\u011f\u0131 ve kal\u0131c\u0131l\u0131\u011f\u0131 d\u00fc\u015f\u00fcn\u00fclm\u00fc\u015ft\u00fcr.<\/p>\n<p style=\"text-align: justify;\">Bu alanda hi\u00e7bir i\u015flem kayna\u011f\u0131n\u0131 yasal bir d\u00fczenlemeden almamaktad\u0131r. Devlet ad\u0131na savunma yapanlar \u201cs\u0131f\u0131r\u201d yetki ile \u00e7al\u0131\u015ft\u0131klar\u0131ndan, savunmalar\u0131n\u0131, ilgili kurumlar\u0131n g\u00f6nderdi\u011fi bilgi ve belgelerle s\u0131n\u0131rlamak zorunda kal\u0131rlar, zira bunun d\u0131\u015f\u0131na \u00e7\u0131kt\u0131klar\u0131nda, s\u0131f\u0131rdaki yetkilerini a\u015fm\u0131\u015f olurlar.<\/p>\n<p style=\"text-align: justify;\">Bilgi ve belge sa\u011flayan kurumlardaki g\u00f6revliler de ayn\u0131 \u015fekilde \u201cs\u0131f\u0131r\u201d yetki ile \u00e7al\u0131\u015ft\u0131klar\u0131ndan, dosyalar\u0131nda ne varsa onunla yetinmekten ve savunma yapacak olanlara o bilgi ve belgeyi iletmekten ba\u015fka \u00e7areleri yoktur.<\/p>\n<p style=\"text-align: justify;\">Hizmet 25 y\u0131ld\u0131r d\u00fczenlenmedi\u011fi i\u00e7in, bu k\u0131s\u0131r d\u00f6ng\u00fc b\u00f6yle s\u00fcr\u00fcp gider; sonu\u00e7ta, A\u0130HM\u2019nin ihlal kararlar\u0131 birbirini izler, icra edilmeyi bekleyen ihlal kararlar\u0131 ise binleri bulur. Bu ger\u00e7ekler de bas\u0131nda \u201csavunma rezaleti\u201d, \u201c\u015fok savunma\u201d, \u201cA\u0130HM yine haks\u0131z buldu\u201d, \u201cyine tazminata mahk\u00fbm edildik\u201d gibi ba\u015fl\u0131klarla hakl\u0131 ele\u015ftirilere konu olur.<\/p>\n<p style=\"text-align: justify;\"><span style=\"text-decoration: underline;\">\u00c7\u00f6z\u00fcm:\u00a0<\/span><\/p>\n<p style=\"text-align: justify;\">\u00c7\u00f6z\u00fcm, san\u0131ld\u0131\u011f\u0131 gibi, savunmalar\u0131n D\u0131\u015fi\u015fleri Bakanl\u0131\u011f\u0131 ile Adalet Bakanl\u0131\u011f\u0131 aras\u0131nda payla\u015f\u0131lmas\u0131ndan ibaret de\u011fildir. Anayasa Mahkemesi\u2019ne bireysel \u015fik\u00e2yet yolunun a\u00e7\u0131lmas\u0131 da soruna \u00e7\u00f6z\u00fcm olu\u015fturamaz, zira Anayasa Mahkemesi\u2019ne bireysel \u015fik\u00e2yet yolunun beklenen sonucu vermesi, yani Anayasa Mahkemesi\u2019nin, ihlallerin bir b\u00f6l\u00fcm\u00fcn\u00fc A\u0130HM\u2019ye b\u0131rakmadan giderebilmesi ger\u00e7ekle\u015fse bile, Anayasa Mahkemesi\u2019ne bireysel \u015fik\u00e2yetin yasa ile belli s\u0131n\u0131rlar i\u00e7inde tutulmu\u015f olmas\u0131 nedeniyle, ihlallerin bir b\u00f6l\u00fcm\u00fc yine A\u0130HM \u00f6n\u00fcne gidecek ve A\u0130HM yine ihlal kararlar\u0131 vermeye devam edecektir.<\/p>\n<p style=\"text-align: justify;\">Keza, yarg\u0131\u00e7lar\u0131n ve savc\u0131lar\u0131n terfilerinde, T\u00fcrk\u00e7eye \u00e7evrilerek Adalet Bakanl\u0131\u011f\u0131\u2019n\u0131n internet sitesinde yay\u0131mlanan T\u00fcrkiye hakk\u0131ndaki kararlar ile di\u011fer \u00fclkeler hakk\u0131ndaki baz\u0131 se\u00e7me kararlar\u0131 dikkate al\u0131p almad\u0131klar\u0131n\u0131n g\u00f6zetilmesi de \u00e7\u00f6z\u00fcm a\u00e7\u0131s\u0131ndan yeterli olmaz; zira A\u0130HM i\u00e7tihatlar\u0131 sadece T\u00fcrkiye hakk\u0131ndaki kararlarla ve ba\u015fka \u00fclkeler hakk\u0131ndaki baz\u0131 se\u00e7me kararlarla s\u0131n\u0131rl\u0131 de\u011fildir ve bu s\u0131n\u0131rl\u0131 kapsamdaki A\u0130HM i\u00e7tihatlar\u0131yla uyum nisbi bir iyile\u015fme ve davalarda azalma sa\u011flasa bile, geriye kalan davalar ve ihlal kararlar\u0131 yine ayn\u0131 sorunlar\u0131 g\u00fcndemde tutmaya devam edecektir.<\/p>\n<p style=\"text-align: justify;\">Dolay\u0131s\u0131yla daha fazla \u201csavunma rezaleti\u201d ya\u015fanmamas\u0131 ve icra edilmeyi bekleyen binlerce ihlal karar\u0131n\u0131n olu\u015fturdu\u011fu \u201cutan\u00e7 tablosu\u201dndan kurtulmak i\u00e7in \u00e7\u00f6z\u00fcm; 1) Savunma yapanlar\u0131n \u201ckellelerini koltuklar\u0131n\u0131n alt\u0131na almalar\u0131na\u201d gerek kalmaks\u0131z\u0131n, A\u0130HM i\u00e7tihatlar\u0131n\u0131 g\u00f6zeterek savunma yapabilecek yetkilerle donat\u0131lmalar\u0131nda, 2) \u0130hlal kararlar\u0131n\u0131n icras\u0131 ba\u011flam\u0131nda ise y\u00fcr\u00fctme organ\u0131na, ihlal (a) yasa de\u011fi\u015fikli\u011fi gerektiriyorsa gereken yasa tasar\u0131s\u0131n\u0131 haz\u0131rlayarak TBMM\u2019ye sevk etme, (b) idari uygulama de\u011fi\u015fikli\u011fi gerektiriyorsa gereken de\u011fi\u015fikli\u011fi ger\u00e7ekle\u015ftirme g\u00f6rev ve sorumlulu\u011funun verilmesindedir. Bu da ancak hizmeti d\u00fczenleyen bir yasa ile olanakl\u0131d\u0131r.<\/p>\n<p style=\"text-align: justify;\">Bu konuda D\u0131\u015fi\u015fleri ve Adalet bakanl\u0131klar\u0131n\u0131n dosyalar\u0131nda yar\u0131m kalm\u0131\u015f yasa tasar\u0131s\u0131 \u00e7al\u0131\u015fmalar\u0131 bir ba\u015flang\u0131\u00e7 noktas\u0131 olu\u015fturabilir.<\/p>\n<p style=\"text-align: justify;\">Eski \u00e7al\u0131\u015fmalar\u0131 ara\u015ft\u0131rmak zor gelirse veya o \u00e7al\u0131\u015fmalar\u0131n, hizmetin bug\u00fcn ula\u015ft\u0131\u011f\u0131 noktadaki \u00f6zellikleriyle \u00f6rt\u00fc\u015fmedi\u011fi d\u00fc\u015f\u00fcn\u00fcl\u00fcrse, devletimizin, i\u00e7 hukuk davalar\u0131yla ilgili hizmeti d\u00fczenlemek i\u00e7in 69 y\u0131l \u00f6nce d\u00fc\u015f\u00fcn\u00fcp \u00e7\u0131kard\u0131\u011f\u0131, Maliye Bakanl\u0131\u011f\u0131 Ba\u015fhukuk M\u00fc\u015favirli\u011fi\u2019nin ve Muhakemat Genel M\u00fcd\u00fcrl\u00fc\u011f\u00fc\u2019n\u00fcn g\u00f6revleriyle ilgili 4353 say\u0131l\u0131 yasa \u00f6rnek al\u0131nabilir ve A\u0130HM \u00f6n\u00fcndeki savunmalar ile A\u0130HM kararlar\u0131n\u0131n icras\u0131 hizmetine uyarlanabilir. Esasen bu alan\u0131n yasal bir d\u00fczene kavu\u015fturulmas\u0131, Avrupa \u0130nsan Haklar\u0131 S\u00f6zle\u015fmesi\u2019nden do\u011fan, ilgili devletin A\u0130HM s\u00fcre\u00e7lerine yard\u0131mc\u0131 olmak ve A\u0130HM kararlar\u0131n\u0131 icra etmek ba\u011flam\u0131ndaki y\u00fck\u00fcml\u00fcl\u00fcklerinin bir gere\u011fidir ve bu gere\u011fin yerine getirilmesinde 25 y\u0131l gecikilmi\u015ftir.<\/p>\n<p style=\"text-align: justify;\"><a href=\"http:\/\/www.cumhuriyet.com.tr\/?hn=324150\" target=\"_blank\">Kaynak : M\u00fcnci \u00d6zmen &#8211;\u00a0Cumhuriyet Haber Portal\u0131<\/a><\/p>\n","protected":false},"excerpt":{"rendered":"<p style=\"text-align: center;\">\n<p style=\"text-align: justify;\">A\u0130HM i\u00e7tihatlar\u0131 sadece T\u00fcrkiye hakk\u0131ndaki kararlarla ve ba\u015fka \u00fclkeler hakk\u0131ndaki baz\u0131 se\u00e7me kararlarla s\u0131n\u0131rl\u0131 de\u011fildir ve bu s\u0131n\u0131rl\u0131 kapsamdaki A\u0130HM i\u00e7tihatlar\u0131yla uyum nisbi bir iyile\u015fme ve davalarda azalma sa\u011flasa bile, geriye kalan davalar ve ihlal kararlar\u0131 yine ayn\u0131 sorunlar\u0131 g\u00fcndemde tutmaya devam edecektir. <\/p>\n","protected":false},"author":1,"featured_media":0,"comment_status":"open","ping_status":"open","sticky":false,"template":"","format":"standard","meta":{"footnotes":""},"categories":[105],"tags":[],"class_list":["post-49714","post","type-post","status-publish","format-standard","hentry","category-gundem","odd"],"_links":{"self":[{"href":"http:\/\/www.korhanyilmaz.com\/index.php?rest_route=\/wp\/v2\/posts\/49714","targetHints":{"allow":["GET"]}}],"collection":[{"href":"http:\/\/www.korhanyilmaz.com\/index.php?rest_route=\/wp\/v2\/posts"}],"about":[{"href":"http:\/\/www.korhanyilmaz.com\/index.php?rest_route=\/wp\/v2\/types\/post"}],"author":[{"embeddable":true,"href":"http:\/\/www.korhanyilmaz.com\/index.php?rest_route=\/wp\/v2\/users\/1"}],"replies":[{"embeddable":true,"href":"http:\/\/www.korhanyilmaz.com\/index.php?rest_route=%2Fwp%2Fv2%2Fcomments&post=49714"}],"version-history":[{"count":0,"href":"http:\/\/www.korhanyilmaz.com\/index.php?rest_route=\/wp\/v2\/posts\/49714\/revisions"}],"wp:attachment":[{"href":"http:\/\/www.korhanyilmaz.com\/index.php?rest_route=%2Fwp%2Fv2%2Fmedia&parent=49714"}],"wp:term":[{"taxonomy":"category","embeddable":true,"href":"http:\/\/www.korhanyilmaz.com\/index.php?rest_route=%2Fwp%2Fv2%2Fcategories&post=49714"},{"taxonomy":"post_tag","embeddable":true,"href":"http:\/\/www.korhanyilmaz.com\/index.php?rest_route=%2Fwp%2Fv2%2Ftags&post=49714"}],"curies":[{"name":"wp","href":"https:\/\/api.w.org\/{rel}","templated":true}]}}