{"id":49710,"date":"2012-03-21T08:16:37","date_gmt":"2012-03-21T06:16:37","guid":{"rendered":"http:\/\/www.korhanyilmaz.com\/?p=49710"},"modified":"2012-03-22T08:51:38","modified_gmt":"2012-03-22T06:51:38","slug":"chp-neyi-bekledi","status":"publish","type":"post","link":"http:\/\/www.korhanyilmaz.com\/?p=49710","title":{"rendered":"CHP neyi bekledi?"},"content":{"rendered":"<div id=\"attachment_49711\" style=\"width: 109px\" class=\"wp-caption alignright\"><img loading=\"lazy\" decoding=\"async\" aria-describedby=\"caption-attachment-49711\" class=\" wp-image-49711 \" title=\"Bilal \u00c7etin - VATAN Gazetesi\" src=\"http:\/\/www.korhanyilmaz.com\/wp-content\/uploads\/2012\/03\/A0050.jpg\" alt=\"Bilal \u00c7etin\" width=\"99\" height=\"112\" \/><p id=\"caption-attachment-49711\" class=\"wp-caption-text\">Bilal \u00c7etin<\/p><\/div>\n<p style=\"text-align: justify;\">CHP nihayet haz\u0131rl\u0131klar\u0131n\u0131 tamamlad\u0131. Kritik \u00f6neme sahip Cumhurba\u015fkan\u0131 Se\u00e7im Yasas\u0131\u2019n\u0131n iptali istemiyle bug\u00fcn Anayasa Mahkemesi\u2019nin kap\u0131s\u0131n\u0131 \u00e7al\u0131yor.<\/p>\n<p style=\"text-align: justify;\">26 Ocak g\u00fcn\u00fc Resmi Gazete\u2019de yay\u0131mlanarak y\u00fcr\u00fcrl\u00fc\u011fe giren bu yasan\u0131n iptali i\u00e7in niye iki ay bekledi CHP?<\/p>\n<p style=\"text-align: justify;\">Pek anla\u015f\u0131l\u0131r de\u011fil.<\/p>\n<p style=\"text-align: justify;\">Bu konuda parti i\u00e7inden yans\u0131yan baz\u0131 iddialar var.<\/p>\n<p style=\"text-align: justify;\">Deniyor ki, \u201c\u0130\u00e7 meseleler y\u00fcz\u00fcnden kavgal\u0131, tart\u0131\u015fmal\u0131 t\u00fcz\u00fck kurultaylar\u0131 tela\u015f\u0131ndan f\u0131rsat bulunamad\u0131&#8230;\u201d\u00a0<!--more--><\/p>\n<p style=\"text-align: justify;\">Olabilir ama \u00e7ok da mant\u0131kl\u0131 de\u011fil. \u00c7\u00fcnk\u00fc bir yandan kurultay haz\u0131rl\u0131klar\u0131 yap\u0131l\u0131rken, di\u011fer yandan da hukuk\u00e7u kurmaylar ba\u015fvuru dilek\u00e7esini haz\u0131rlayabilirlerdi.<\/p>\n<p style=\"text-align: justify;\">Bir ba\u015fka iddia da \u015fu:<\/p>\n<p style=\"text-align: justify;\">\u201cCumhurba\u015fkan\u0131 \u2018CHP Anayasa Mahkemesi\u2019ne g\u00f6t\u00fcrs\u00fcn\u2019 dedi\u011fi i\u00e7in a\u011f\u0131rdan al\u0131nd\u0131&#8230;\u201d<\/p>\n<p style=\"text-align: justify;\">Fakat ger\u00e7ek neden muhtemelen bu da de\u011fil.<\/p>\n<p style=\"text-align: justify;\">Anayasa Mahkemesi\u2019nin de\u011fi\u015fen yap\u0131s\u0131 nedeniyle bu ba\u015fvurudan sonu\u00e7 alamayaca\u011f\u0131n\u0131 d\u00fc\u015f\u00fcn\u00fcp vazge\u00e7mi\u015f de olabilir CHP.<\/p>\n<p style=\"text-align: justify;\">Belki de s\u00f6zkonusu d\u00fczenlemenin iptal edilmesinin siyaseten ne getirip g\u00f6t\u00fcrece\u011finin hesab\u0131na girildi.<\/p>\n<p style=\"text-align: justify;\">Mevcut d\u00fczenlemenin AKP i\u00e7inde bir \u00e7atla\u011fa sebep olabilece\u011fi, Cumhurba\u015fkan\u0131 Abdullah G\u00fcl ile Ba\u015fbakan Tayyip Erdo\u011fan\u2019\u0131n aralar\u0131n\u0131n a\u00e7\u0131labilece\u011fi umuldu. B\u00f6ylelikle AKP\u2019de \u00e7\u0131kabilecek bir i\u00e7 hesapla\u015fman\u0131n CHP\u2019nin lehine olaca\u011f\u0131 varsay\u0131ld\u0131.<\/p>\n<p style=\"text-align: justify;\">Ama nafile&#8230;<\/p>\n<p style=\"text-align: justify;\">Mevcut ko\u015fullar alt\u0131nda birbirlerinin baz\u0131 tutumlar\u0131ndan ho\u015fnut kalmasalar dahi G\u00fcl ile Erdo\u011fan hi\u00e7bir \u015fekilde d\u0131\u015far\u0131ya kar\u015f\u0131 anla\u015fmazl\u0131k g\u00f6r\u00fcnt\u00fcs\u00fc vermez. Bug\u00fcne kadar vermediler, bundan sonra da vermeyeceklerdir.<\/p>\n<p style=\"text-align: justify;\">AKP i\u00e7inde \u00e7atlak, karga\u015fa m\u0131? \u0130ktidar devam etti\u011fi s\u00fcrece bu da milyonda bir ihtimal dahi de\u011fil&#8230;<\/p>\n<p style=\"text-align: justify;\">CHP kurmaylar\u0131 iki aydan beri hangi hesaplar\u0131 yapt\u0131lar ve hangi sonu\u00e7lara vard\u0131lar elbette bilemiyoruz.<\/p>\n<p style=\"text-align: justify;\">Ama s\u00f6ylediklerine bak\u0131l\u0131rsa ilk g\u00fcnden itibaren iptal ba\u015fvurusu kararlar\u0131nda de\u011fi\u015fiklik olmam\u0131\u015f. \u201cGecikmi\u015f de de\u011filiz\u201d diyorlar.<\/p>\n<p style=\"text-align: justify;\">Olabilir ama daha \u00f6nce hi\u00e7bir kritik yasa veya anayasa de\u011fi\u015fikli\u011finde bu denli gecikmemi\u015flerdi&#8230;<\/p>\n<p style=\"text-align: justify;\">Bug\u00fcn yap\u0131lacak ba\u015fvurunun esas\u0131, \u201cYasa ile anayasa de\u011fi\u015ftirildi\u201d iddias\u0131na dayan\u0131yor.<\/p>\n<p style=\"text-align: justify;\">Ki bu mesele aylarca tart\u0131\u015f\u0131lm\u0131\u015ft\u0131. \u00d6nde gelen hukuk\u00e7ular, anayasa uzmanlar\u0131 yap\u0131lan d\u00fczenlemenin sakat oldu\u011fu g\u00f6r\u00fc\u015f\u00fcnde birle\u015fmi\u015flerdi. \u00c7\u00fcnk\u00fc y\u00fcr\u00fcrl\u00fckteki anayasa Cumhurba\u015fkan\u0131\u2019n\u0131n g\u00f6rev s\u00fcresini tart\u0131\u015fmaya yer b\u0131rakmayacak \u00f6l\u00e7\u00fcde net h\u00fckme ba\u011flam\u0131\u015f; 5 y\u0131l diyor&#8230;<\/p>\n<p style=\"text-align: justify;\">Ve de\u011fi\u015ftirilen anayasa h\u00fckm\u00fcne (7 y\u0131l) g\u00f6re se\u00e7ilen g\u00f6revdeki Cumhurba\u015fkan\u0131 bu h\u00fck\u00fcmden etkilenmez diye bir ge\u00e7ici madde de getirilmemi\u015f.<\/p>\n<p style=\"text-align: justify;\">\u015eimdi bu durum yasa ile d\u00fczeltilmeye \u00e7al\u0131\u015f\u0131l\u0131yor.<\/p>\n<p style=\"text-align: justify;\">AKP\u2019li hukuk\u00e7ular Anayasa\u2019daki 5 y\u0131l h\u00fckm\u00fcn\u00fcn y\u00fcr\u00fcrl\u00fc\u011fe girmesinden \u00f6nce se\u00e7ilen G\u00fcl\u2019\u00fc etkilemeyece\u011fine inan\u0131yorlar.<\/p>\n<p style=\"text-align: justify;\">Acaba Anayasa Mahkemesi ne d\u00fc\u015f\u00fcn\u00fcyor? Anayasa Mahkemesi\u2019nin hukuk\u00e7u olan veya olmayan \u00fcyelerinin yorumu hangi y\u00f6nde?<\/p>\n<p style=\"text-align: justify;\">\u015eimdilik bu belli de\u011fil.<\/p>\n<p style=\"text-align: justify;\">Fakat olur da Anayasa Mahkemesi de \u201c5 y\u0131ll\u0131k s\u00fcre G\u00fcl\u2019\u00fc de ba\u011flar\u201d diye karar verirse i\u015fte o zaman b\u00fct\u00fcn siyasi hesaplar alt \u00fcst olur.<\/p>\n<p style=\"text-align: justify;\">\u00dclke haz\u0131rl\u0131ks\u0131z, plans\u0131z, apar topar cumhurba\u015fkanl\u0131\u011f\u0131 se\u00e7imine gitmek zorunda kalabilir. Hem de son derece s\u0131k\u0131\u015ft\u0131r\u0131lm\u0131\u015f bir se\u00e7im takvimi ile&#8230;<\/p>\n<p style=\"text-align: justify;\">Planland\u0131\u011f\u0131 \u00fczere 2014\u2019teki se\u00e7imde Tayyip Erdo\u011fan\u2019\u0131n aday olmas\u0131 bekleniyordu. Ama bu y\u0131l\u0131n yaz aylar\u0131nda se\u00e7im zorunlulu\u011fu do\u011farsa acaba o zaman da Erdo\u011fan aday olacak m\u0131, yoksa bir d\u00f6nem daha G\u00fcl\u2019le yola devam m\u0131 diyecek?<\/p>\n<p style=\"text-align: justify;\">B\u00fcy\u00fck ihtimalle bir d\u00f6nem daha G\u00fcl\u2019e yola devam demek zorunda kalacak&#8230;<\/p>\n<p style=\"text-align: justify;\">Ama acaba Anayasa Mahkemesi\u2019nin CHP\u2019nin iptal ba\u015fvurusuna ne cevap verecek?<\/p>\n<p style=\"text-align: justify;\">\u015eu anda \u00f6nemli olan bu. Reddederse mesele yok. Ama e\u011fer CHP\u2019nin gerek\u00e7elerini hakl\u0131 bulup yasay\u0131 iptal ederse i\u015fte o zaman ortal\u0131\u011f\u0131n toz duman olaca\u011f\u0131na hi\u00e7 ku\u015fku yok&#8230;<\/p>\n<p style=\"text-align: justify;\"><a href=\"http:\/\/haber.gazetevatan.com\/Haber\/438079\/1\/Gundem\" target=\"_blank\">Kaynak : VATAN Gazetesi<\/a><\/p>\n","protected":false},"excerpt":{"rendered":"<p id=\"caption-attachment-49711\" class=\"wp-caption-text\">Bilal \u00c7etin<\/p>\n<p style=\"text-align: justify;\">CHP nihayet haz\u0131rl\u0131klar\u0131n\u0131 tamamlad\u0131. Kritik \u00f6neme sahip Cumhurba\u015fkan\u0131 Se\u00e7im Yasas\u0131\u2019n\u0131n iptali istemiyle bug\u00fcn Anayasa Mahkemesi\u2019nin kap\u0131s\u0131n\u0131 \u00e7al\u0131yor.<\/p>\n<p style=\"text-align: justify;\">26 Ocak g\u00fcn\u00fc Resmi Gazete\u2019de yay\u0131mlanarak y\u00fcr\u00fcrl\u00fc\u011fe giren bu yasan\u0131n iptali i\u00e7in niye iki ay bekledi CHP?<\/p>\n<p style=\"text-align: justify;\">Pek anla\u015f\u0131l\u0131r de\u011fil.<\/p>\n<p style=\"text-align: justify;\">Bu konuda parti i\u00e7inden yans\u0131yan baz\u0131 <\/p>\n","protected":false},"author":1,"featured_media":0,"comment_status":"open","ping_status":"open","sticky":false,"template":"","format":"standard","meta":{"footnotes":""},"categories":[16],"tags":[443],"class_list":["post-49710","post","type-post","status-publish","format-standard","hentry","category-kose-yazilari","tag-bilal-cetin","odd"],"_links":{"self":[{"href":"http:\/\/www.korhanyilmaz.com\/index.php?rest_route=\/wp\/v2\/posts\/49710","targetHints":{"allow":["GET"]}}],"collection":[{"href":"http:\/\/www.korhanyilmaz.com\/index.php?rest_route=\/wp\/v2\/posts"}],"about":[{"href":"http:\/\/www.korhanyilmaz.com\/index.php?rest_route=\/wp\/v2\/types\/post"}],"author":[{"embeddable":true,"href":"http:\/\/www.korhanyilmaz.com\/index.php?rest_route=\/wp\/v2\/users\/1"}],"replies":[{"embeddable":true,"href":"http:\/\/www.korhanyilmaz.com\/index.php?rest_route=%2Fwp%2Fv2%2Fcomments&post=49710"}],"version-history":[{"count":0,"href":"http:\/\/www.korhanyilmaz.com\/index.php?rest_route=\/wp\/v2\/posts\/49710\/revisions"}],"wp:attachment":[{"href":"http:\/\/www.korhanyilmaz.com\/index.php?rest_route=%2Fwp%2Fv2%2Fmedia&parent=49710"}],"wp:term":[{"taxonomy":"category","embeddable":true,"href":"http:\/\/www.korhanyilmaz.com\/index.php?rest_route=%2Fwp%2Fv2%2Fcategories&post=49710"},{"taxonomy":"post_tag","embeddable":true,"href":"http:\/\/www.korhanyilmaz.com\/index.php?rest_route=%2Fwp%2Fv2%2Ftags&post=49710"}],"curies":[{"name":"wp","href":"https:\/\/api.w.org\/{rel}","templated":true}]}}