{"id":49706,"date":"2012-03-22T08:35:56","date_gmt":"2012-03-22T06:35:56","guid":{"rendered":"http:\/\/www.korhanyilmaz.com\/?p=49706"},"modified":"2012-03-22T08:35:56","modified_gmt":"2012-03-22T06:35:56","slug":"arsalari-yuruttuler","status":"publish","type":"post","link":"http:\/\/www.korhanyilmaz.com\/?p=49706","title":{"rendered":"Arsalar\u0131 \u2018y\u00fcr\u00fctt\u00fcler\u2019"},"content":{"rendered":"<p style=\"text-align: center;\"><a href=\"http:\/\/www.korhanyilmaz.com\/wp-content\/uploads\/2012\/03\/A0049.jpg\"  class=\"lightview\"><img loading=\"lazy\" decoding=\"async\" class=\"aligncenter  wp-image-49707\" src=\"http:\/\/www.korhanyilmaz.com\/wp-content\/uploads\/2012\/03\/A0049.jpg\" alt=\"\" width=\"357\" height=\"175\" \/><\/a><\/p>\n<p style=\"text-align: justify;\">Ankara Pursaklar\u2019da imar alan\u0131nda ba\u015flayan skandal, yarg\u0131lama boyutuyla s\u00fcr\u00fcyor.<\/p>\n<p style=\"text-align: justify;\">Ankara\u2019n\u0131n Pursaklar il\u00e7esindeki AKP\u2019li belediyede ya\u015fanan imar usuls\u00fczl\u00fc\u011f\u00fc, ba\u011f\u0131ms\u0131z belediye meclisi \u00fcyesi H\u00fcseyin Ayg\u00fcn\u2019\u00fcn su\u00e7 duyurusu ile ortaya \u00e7\u0131kt\u0131. Baz\u0131 arsalar\u0131n bulunduklar\u0131 de\u011feri d\u00fc\u015f\u00fck yerlerden, de\u011feri daha y\u00fcksek kent merkezine \u201cy\u00fcr\u00fct\u00fclmesi\u201d olay\u0131na ye\u011feni ve damad\u0131 nedeniyle ad\u0131 kar\u0131\u015fan Belediye Ba\u015fkan Yard\u0131mc\u0131s\u0131 Ahmet Atma ile geli\u015fmelere tepki g\u00f6steren \u0130mar Komisyonu Ba\u015fkan\u0131 Halil Elverdi g\u00f6revlerinden istifa etti. Ayn\u0131 konu nedeniyle anakent belediye enc\u00fcmeni \u00fcyeleri yarg\u0131lan\u0131yor. Ancak Pursaklar Belediye Ba\u015fkan\u0131 AKP\u2019li Sel\u00e7uk \u00c7etin ve ekibi hakk\u0131nda soru\u015fturma a\u00e7\u0131lmas\u0131 istemi \u0130\u00e7i\u015fleri Bakan\u0131 \u0130dris Naim \u015eahin taraf\u0131ndan reddedildi.\u00a0<!--more--><\/p>\n<p style=\"text-align: justify;\">Ankara Pursaklar\u2019daki olay H\u00fcseyin Ayg\u00fcn\u2019\u00fcn 12 A\u011fustos 2010 tarihinde cumhuriyet savc\u0131l\u0131\u011f\u0131na yapt\u0131\u011f\u0131 su\u00e7 duyurusuyla resmiyet kazand\u0131. Daha sonra iddialar\u0131 Ankara Valili\u011fi uzmanlar\u0131 ara\u015ft\u0131rarak rapor haline getirdi. AKP\u2019li belediye \u0130mar Komisyonu Ba\u015fkan\u0131 Halil Elverdi ile ye\u011feni Adnan Aygen ve damad\u0131 Murat K\u0131l\u0131n\u00e7\u2019\u0131n isimlerinin olaya kar\u0131\u015fmas\u0131 \u00fczerine Pursaklar Belediye Ba\u015fkan Yard\u0131mc\u0131s\u0131 Ahmet Atma g\u00f6revlerinden istifa etti.<\/p>\n<p style=\"text-align: justify;\">Ankara Valili\u011fi uzman\u0131 Y\u0131ld\u0131z Poyraz\u2019\u0131n yapt\u0131\u011f\u0131 incelemede, \u201c\u0130mar Kanunu\u2019nun 18. maddesi uyar\u0131nca Yap\u0131lacak Arazi ve Arsa D\u00fczenlemesi ile \u0130lgili Esaslar Hakk\u0131ndaki Y\u00f6netmeli\u011fin amac\u0131n\u0131 a\u015fan ve h\u00fck\u00fcmleriyle ba\u011fda\u015fmayacak \u015fekilde uygulamada bulunuldu\u011fu\u201d gerek\u00e7esiyle Pursaklar Belediye Ba\u015fkan\u0131 Sel\u00e7uk \u00c7etin, belediye enc\u00fcmeni karar\u0131nda imzalar\u0131 bulunan Belediye Ba\u015fkan Yard\u0131mc\u0131s\u0131 Vedat Demir, Bilgi \u0130\u015flem M\u00fcd\u00fcr\u00fc Y\u0131ld\u0131r\u0131m G\u00fclyaz, Hizmetler M\u00fcd\u00fcr\u00fc Hasan Kocaku\u015fak, belediye meclisi \u00fcyeleri \u0130smail \u00c7oban ve Hakk\u0131 Bay\u0131r hakk\u0131nda yasal i\u015flem yap\u0131lmas\u0131 istendi.<\/p>\n<p style=\"text-align: justify;\"><strong>Bakan izin vermedi\u00a0<\/strong><\/p>\n<p style=\"text-align: justify;\">\u0130ddialar\u0131 ve valili\u011fin incelemelerini ciddiye alan \u0130\u00e7i\u015fleri Bakanl\u0131\u011f\u0131 Tefti\u015f Kurulu Ba\u015fkanl\u0131\u011f\u0131, \u00c7etin ve ekibi hakk\u0131nda soru\u015fturma izni istedi. Bakan \u015eahin, iddialar\u0131n \u201cvarsay\u0131m\u201d oldu\u011fu gerek\u00e7esiyle \u00c7etin hakk\u0131nda soru\u015fturma a\u00e7\u0131lmas\u0131 istemini 11 Aral\u0131k 2011 tarihinde reddetti. Ancak ayn\u0131 iddialar nedeniyle 15 Aral\u0131k 2011 tarihinde Ankara Valili\u011fi\u2019nin verdi\u011fi izinle anakent belediye enc\u00fcmeni \u00fcyelerinin yarg\u0131lamalar\u0131 idare mahkemesinde s\u00fcr\u00fcyor. Yarg\u0131lanan anakent belediye enc\u00fcmeni, yarg\u0131land\u0131\u011f\u0131 plan\u0131 iptal etti.<\/p>\n<p style=\"text-align: justify;\"><strong>Arsalar geriye gitti\u00a0<\/strong><\/p>\n<p style=\"text-align: justify;\">Ya\u015fanan tart\u0131\u015fmalar nedeniyle Pursaklar\u2019da b\u00fct\u00fcn in\u015faat izinleri uzun s\u00fcre ask\u0131ya al\u0131nd\u0131. Ge\u00e7en hafta anakent belediye meclisine bir \u00f6neri getirildi. \u00d6neriyle birlikte daha \u00f6nce kent merkezine \u201cy\u00fcr\u00fct\u00fclen\u201d 10 parsel yeniden eski b\u00f6lgelerine \u201cg\u00f6t\u00fcr\u00fcld\u00fc.\u201d Ancak \u00fczerine bina yap\u0131lan \u00fc\u00e7 parsel eski yerlerine ta\u015f\u0131namad\u0131. Bunun i\u00e7in de plana bir not d\u00fc\u015f\u00fclerek binalarda m\u00fcteahhit pay\u0131 d\u0131\u015f\u0131nda kalan b\u00f6l\u00fcmler belediye ve maliyeye b\u0131rak\u0131ld\u0131.<\/p>\n<p style=\"text-align: justify;\"><a href=\"http:\/\/muhalifgazete.com\/34102-Arsalari-yuruttuler.htm\" target=\"_blank\">Kaynak : Muhalif Gazete<\/a><\/p>\n","protected":false},"excerpt":{"rendered":"<p style=\"text-align: center;\">\n<p style=\"text-align: justify;\">Ankara Pursaklar\u2019da imar alan\u0131nda ba\u015flayan skandal, yarg\u0131lama boyutuyla s\u00fcr\u00fcyor.<\/p>\n<p style=\"text-align: justify;\">Ankara\u2019n\u0131n Pursaklar il\u00e7esindeki AKP\u2019li belediyede ya\u015fanan imar usuls\u00fczl\u00fc\u011f\u00fc, ba\u011f\u0131ms\u0131z belediye meclisi \u00fcyesi H\u00fcseyin Ayg\u00fcn\u2019\u00fcn su\u00e7 duyurusu ile ortaya \u00e7\u0131kt\u0131. Baz\u0131 arsalar\u0131n bulunduklar\u0131 de\u011feri d\u00fc\u015f\u00fck yerlerden, de\u011feri daha y\u00fcksek kent merkezine \u201cy\u00fcr\u00fct\u00fclmesi\u201d olay\u0131na ye\u011feni ve damad\u0131 nedeniyle ad\u0131 kar\u0131\u015fan Belediye <\/p>\n","protected":false},"author":1,"featured_media":0,"comment_status":"open","ping_status":"open","sticky":false,"template":"","format":"standard","meta":{"footnotes":""},"categories":[105],"tags":[],"class_list":["post-49706","post","type-post","status-publish","format-standard","hentry","category-gundem","odd"],"_links":{"self":[{"href":"http:\/\/www.korhanyilmaz.com\/index.php?rest_route=\/wp\/v2\/posts\/49706","targetHints":{"allow":["GET"]}}],"collection":[{"href":"http:\/\/www.korhanyilmaz.com\/index.php?rest_route=\/wp\/v2\/posts"}],"about":[{"href":"http:\/\/www.korhanyilmaz.com\/index.php?rest_route=\/wp\/v2\/types\/post"}],"author":[{"embeddable":true,"href":"http:\/\/www.korhanyilmaz.com\/index.php?rest_route=\/wp\/v2\/users\/1"}],"replies":[{"embeddable":true,"href":"http:\/\/www.korhanyilmaz.com\/index.php?rest_route=%2Fwp%2Fv2%2Fcomments&post=49706"}],"version-history":[{"count":0,"href":"http:\/\/www.korhanyilmaz.com\/index.php?rest_route=\/wp\/v2\/posts\/49706\/revisions"}],"wp:attachment":[{"href":"http:\/\/www.korhanyilmaz.com\/index.php?rest_route=%2Fwp%2Fv2%2Fmedia&parent=49706"}],"wp:term":[{"taxonomy":"category","embeddable":true,"href":"http:\/\/www.korhanyilmaz.com\/index.php?rest_route=%2Fwp%2Fv2%2Fcategories&post=49706"},{"taxonomy":"post_tag","embeddable":true,"href":"http:\/\/www.korhanyilmaz.com\/index.php?rest_route=%2Fwp%2Fv2%2Ftags&post=49706"}],"curies":[{"name":"wp","href":"https:\/\/api.w.org\/{rel}","templated":true}]}}