{"id":49701,"date":"2012-03-22T08:04:26","date_gmt":"2012-03-22T06:04:26","guid":{"rendered":"http:\/\/www.korhanyilmaz.com\/?p=49701"},"modified":"2012-03-22T08:26:57","modified_gmt":"2012-03-22T06:26:57","slug":"nevruz-filan","status":"publish","type":"post","link":"http:\/\/www.korhanyilmaz.com\/?p=49701","title":{"rendered":"Nevruz filan&#8230;"},"content":{"rendered":"<div id=\"attachment_37365\" style=\"width: 115px\" class=\"wp-caption alignright\"><img loading=\"lazy\" decoding=\"async\" aria-describedby=\"caption-attachment-37365\" class=\" wp-image-37365 \" title=\"Y\u0131lmaz \u00d6zdil - H\u00fcrriyet Gazetesi\" src=\"http:\/\/www.korhanyilmaz.com\/wp-content\/uploads\/2011\/07\/257.jpg\" alt=\"\" width=\"105\" height=\"112\" \/><p id=\"caption-attachment-37365\" class=\"wp-caption-text\">Y\u0131lmaz \u00d6zdil<\/p><\/div>\n<p style=\"text-align: justify;\">\u201cBug\u00fcn 40 ya\u015f\u0131nda olan biri, \u00e7ocuklu\u011funda Nevruz ate\u015finden atlarken \u00e7ekilmi\u015f foto\u011fraf\u0131n\u0131 g\u00f6stersin, lastik yak\u0131p \u00fcst\u00fcnden atlamazsam namerdim\u201d demi\u015ftim. Teklifimde \u0131srarl\u0131y\u0131m.<\/p>\n<p style=\"text-align: justify;\">*<\/p>\n<p style=\"text-align: justify;\">Kimse kimseyi yemesin.<\/p>\n<p style=\"text-align: justify;\">Nevruz, T\u00fcrkiye\u2019nin bayram\u0131 de\u011fildir.<\/p>\n<p style=\"text-align: justify;\">PKK dayatmas\u0131d\u0131r, hepsi bu.<\/p>\n<p style=\"text-align: justify;\">*<\/p>\n<p style=\"text-align: justify;\">Neymi\u015f efendim, G\u00f6kt\u00fcrklerde varm\u0131\u015f, buzul \u00e7a\u011f\u0131n\u0131n biti\u015finden beri kutlan\u0131yormu\u015f, destanlarda, masallarda bile ad\u0131 ge\u00e7iyormu\u015f filan&#8230; Lafonten misiniz arkada\u015f? Buzul \u00e7a\u011f\u0131 PKK kurulunca m\u0131 bitti? 1950\u2019lerde, 1970\u2019lerde bahar gelmiyor muydu T\u00fcrkiye\u2019ye? K\u0131\u015f\u2019tan yaz\u2019a m\u0131 ge\u00e7iliyordu?<!--more--><\/p>\n<p style=\"text-align: justify;\">*<\/p>\n<p style=\"text-align: justify;\">\u201cTarih ana\u201dn\u0131n tozlu sayfalar\u0131n\u0131 kurcalay\u0131p, taa milattan \u00f6nceye gitmenin \u00e2lemi yok&#8230; Her k\u0131\u015f sonunda dip k\u00f6\u015fe bahar temizli\u011fi yapan \u201cvalide\u201dye sorun.<\/p>\n<p style=\"text-align: justify;\">Var m\u0131yd\u0131 bu \u00fclkede b\u00f6yle bi bayram?<\/p>\n<p style=\"text-align: justify;\">*<\/p>\n<p style=\"text-align: justify;\">Ha d\u00fcnyada yok mudur? Elbette var. \u0130ran\u2019da var. Azerbaycan\u2019da, Kazakistan\u2019da, \u00d6zbekistan\u2019da var. Pakistan\u2019da kutlan\u0131yor. Hindistan\u2019da da.<\/p>\n<p style=\"text-align: justify;\">Laf\u0131 poposundan anlamay\u0131n&#8230;<\/p>\n<p style=\"text-align: justify;\">T\u00fcrkiye\u2019de var m\u0131yd\u0131?<\/p>\n<p style=\"text-align: justify;\">*<\/p>\n<p style=\"text-align: justify;\">T\u00fcrk k\u00f6kenliyse&#8230;<\/p>\n<p style=\"text-align: justify;\">Niye Fars\u00e7ad\u0131r?<\/p>\n<p style=\"text-align: justify;\">K\u00fcrt\u00e7eyse&#8230;<\/p>\n<p style=\"text-align: justify;\">Newroj demen laz\u0131m.<\/p>\n<p style=\"text-align: justify;\">Niye newroz diyorsun?<\/p>\n<p style=\"text-align: justify;\">*<\/p>\n<p style=\"text-align: justify;\">Beri yandan, internete girerken<\/p>\n<p style=\"text-align: justify;\">www yazacaks\u0131n, kenefe wc diyeceksin, sonra da newroz\u2019un w\u2019suna itiraz edeceksin&#8230; Sana ait olmayan kavram\u0131,<\/p>\n<p style=\"text-align: justify;\">v harfiyle mi T\u00fcrkle\u015ftireceksin?<\/p>\n<p style=\"text-align: justify;\">*<\/p>\n<p style=\"text-align: justify;\">Kutlanmas\u0131nda ne sak\u0131nca var derseniz, elbette yok&#8230; Yok ama, Azerbaycan\u2019da polis \u00f6ld\u00fcr\u00fcyorlar m\u0131 Nevruz bayram\u0131 diye? \u0130ran\u2019da esnaf\u0131n cam\u0131n\u0131 \u00e7er\u00e7evesini indiriyorlar m\u0131? Hindistan\u2019da belediye otob\u00fcs\u00fcne molotof at\u0131yorlar m\u0131 kutlama \u00e7er\u00e7evesinde?<\/p>\n<p style=\"text-align: justify;\">*<\/p>\n<p style=\"text-align: justify;\">\u201cKor ate\u015f\u201d manas\u0131na gelen \u201cCemre\u201d d\u00fc\u015fer mesela, biny\u0131llard\u0131r her bahar\u2019da, bu sulara, bu havaya, bu topraklara&#8230; Ocaklara d\u00fc\u015f\u00fcyor muydu?<\/p>\n<p style=\"text-align: justify;\">*<\/p>\n<p style=\"text-align: justify;\">Ve, sanki \u00e7ocuklu\u011fundan beri kutluyormu\u015f gibi, \u00f6rs d\u00f6ven, yumurta toku\u015fturan, el ele tutu\u015fup ate\u015ften hoplayan g\u00f6bekli g\u00f6bekli bakanlar\u0131m\u0131z\u0131, valilerimizi, garnizon komutanlar\u0131m\u0131z\u0131 bo\u015fverelim&#8230; Girizg\u00e2htaki teklifimizi, devletin bir numaras\u0131na yapal\u0131m.<\/p>\n<p style=\"text-align: justify;\">*<\/p>\n<p style=\"text-align: justify;\">\u201cAnadolu\u2019da y\u00fczy\u0131llard\u0131r<\/p>\n<p style=\"text-align: justify;\">kutlanan Nevruz bayram\u0131n\u0131, bir kez daha ya\u015faman\u0131n mutlulu\u011fu i\u00e7indeyiz\u201d diye mesaj yay\u0131nlayan Cumhurba\u015fkan\u0131m\u0131z&#8230; Madem, Anadolu\u2019da y\u00fczy\u0131llard\u0131r kutlan\u0131yor, gen\u00e7li\u011finde ate\u015ften atlarken \u00e7ekilmi\u015f bi tane foto\u011fraf\u0131n\u0131 koyabilir mi twitter\u2019a?<\/p>\n<p style=\"text-align: justify;\">NOT:<\/p>\n<p style=\"text-align: justify;\">Elimiz de\u011fmi\u015fken&#8230; \u201cTarihi\u201d bi vaziyete daha de\u011finmekte fayda var. Malum, her Nevruz\u2019da Kazl\u0131\u00e7e\u015fme\u2019de hadise \u00e7\u0131kar. 10 bin polis, 20 bin polis filan tertibat al\u0131r. O Kazl\u0131\u00e7e\u015fme semtinin ad\u0131, o semtte bulunan 1600 senelik Bizans \u00e7e\u015fmesinin \u00fcst\u00fcndeki kaz fig\u00fcr\u00fcnden gelir. Daha do\u011frusu, gelirdi&#8230;<\/p>\n<p style=\"text-align: justify;\">*<\/p>\n<p style=\"text-align: justify;\">\u00c7\u00fcnk\u00fc, polis karakolunun burnunun dibindeki kazl\u0131\u00e7e\u015fme\u2019nin kaz\u2019\u0131 arakland\u0131! Oldu sana, Kazs\u0131z\u00e7e\u015fme&#8230;<\/p>\n<p style=\"text-align: justify;\">Arand\u0131, tarand\u0131, bulunamad\u0131, e kazs\u0131z kazl\u0131\u00e7e\u015fme olmaz, Zeytinburnu Belediyesi kaz yapt\u0131rd\u0131, orijinal kaz\u2019\u0131n yerine yap\u0131\u015ft\u0131rd\u0131. Demem o ki, T\u00fcrkiye\u2019deki Nevruz gibi, Nevruz\u2019un adresi Kazl\u0131\u00e7e\u015fme\u2019nin kaz\u2019\u0131 da \u00e7akma yani!<\/p>\n<p style=\"text-align: justify;\"><a href=\"http:\/\/www.hurriyet.com.tr\/yazarlar\/20177772.asp\" target=\"_blank\">Kaynak : H\u00fcrriyet.com.tr<\/a><\/p>\n","protected":false},"excerpt":{"rendered":"<p id=\"caption-attachment-37365\" class=\"wp-caption-text\">Y\u0131lmaz \u00d6zdil<\/p>\n<p style=\"text-align: justify;\">\u201cBug\u00fcn 40 ya\u015f\u0131nda olan biri, \u00e7ocuklu\u011funda Nevruz ate\u015finden atlarken \u00e7ekilmi\u015f foto\u011fraf\u0131n\u0131 g\u00f6stersin, lastik yak\u0131p \u00fcst\u00fcnden atlamazsam namerdim\u201d demi\u015ftim. Teklifimde \u0131srarl\u0131y\u0131m.<\/p>\n<p style=\"text-align: justify;\">*<\/p>\n<p style=\"text-align: justify;\">Kimse kimseyi yemesin.<\/p>\n<p style=\"text-align: justify;\">Nevruz, T\u00fcrkiye\u2019nin bayram\u0131 de\u011fildir.<\/p>\n<p style=\"text-align: justify;\">PKK dayatmas\u0131d\u0131r, hepsi bu.<\/p>\n<p style=\"text-align: justify;\">*<\/p>\n<p style=\"text-align: justify;\">Neymi\u015f efendim, G\u00f6kt\u00fcrklerde varm\u0131\u015f, <\/p>\n","protected":false},"author":1,"featured_media":0,"comment_status":"open","ping_status":"open","sticky":false,"template":"","format":"standard","meta":{"footnotes":""},"categories":[16],"tags":[30],"class_list":["post-49701","post","type-post","status-publish","format-standard","hentry","category-kose-yazilari","tag-yilmaz-ozdil","odd"],"_links":{"self":[{"href":"http:\/\/www.korhanyilmaz.com\/index.php?rest_route=\/wp\/v2\/posts\/49701","targetHints":{"allow":["GET"]}}],"collection":[{"href":"http:\/\/www.korhanyilmaz.com\/index.php?rest_route=\/wp\/v2\/posts"}],"about":[{"href":"http:\/\/www.korhanyilmaz.com\/index.php?rest_route=\/wp\/v2\/types\/post"}],"author":[{"embeddable":true,"href":"http:\/\/www.korhanyilmaz.com\/index.php?rest_route=\/wp\/v2\/users\/1"}],"replies":[{"embeddable":true,"href":"http:\/\/www.korhanyilmaz.com\/index.php?rest_route=%2Fwp%2Fv2%2Fcomments&post=49701"}],"version-history":[{"count":0,"href":"http:\/\/www.korhanyilmaz.com\/index.php?rest_route=\/wp\/v2\/posts\/49701\/revisions"}],"wp:attachment":[{"href":"http:\/\/www.korhanyilmaz.com\/index.php?rest_route=%2Fwp%2Fv2%2Fmedia&parent=49701"}],"wp:term":[{"taxonomy":"category","embeddable":true,"href":"http:\/\/www.korhanyilmaz.com\/index.php?rest_route=%2Fwp%2Fv2%2Fcategories&post=49701"},{"taxonomy":"post_tag","embeddable":true,"href":"http:\/\/www.korhanyilmaz.com\/index.php?rest_route=%2Fwp%2Fv2%2Ftags&post=49701"}],"curies":[{"name":"wp","href":"https:\/\/api.w.org\/{rel}","templated":true}]}}