{"id":497,"date":"2008-08-14T10:23:42","date_gmt":"2008-08-14T07:23:42","guid":{"rendered":"http:\/\/www.korhanyilmaz.com\/?p=497"},"modified":"2008-08-14T10:23:42","modified_gmt":"2008-08-14T07:23:42","slug":"iste-zamlar","status":"publish","type":"post","link":"http:\/\/www.korhanyilmaz.com\/?p=497","title":{"rendered":"\u0130\u015fte zamlar"},"content":{"rendered":"<p style=\"text-align: center;\"><img loading=\"lazy\" decoding=\"async\" class=\"alignnone size-full wp-image-498\" title=\"3be75a6c60cc9f4aaa9b12aeb\" src=\"http:\/\/www.korhanyilmaz.com\/wp-content\/uploads\/2008\/08\/3be75a6c60cc9f4aaa9b12aeb.jpg\" alt=\"\" width=\"200\" height=\"160\" \/><\/p>\n<p style=\"text-align: justify;\">Ba\u015fbakan Erdo\u011fan talimat verdi, ek zamlar y\u00fckseltildi. Maliye Bakanl\u0131\u011f\u0131&#8217;n\u0131n yapt\u0131\u011f\u0131 art\u0131\u015fla memurlar\u0131n eline 40 ila 160 YTL aras\u0131nda fazla para ge\u00e7ecek.\u00a0<\/p>\n<p style=\"text-align: justify;\">MEMURLARA DEV H\u0130ZMET<br \/>\nTAKV\u0130M&#8217;den memurlara dev hizmet&#8230; Ba\u015fbakan Erdo\u011fan&#8217;\u0131n art\u0131r\u0131lmas\u0131 y\u00f6n\u00fcnde talimat verdi\u011fi ek zamlar belirlendi. Maliye Bakanl\u0131\u011f\u0131&#8217;n\u0131n yapt\u0131\u011f\u0131 art\u0131\u015fla birlikte memurlar\u0131n maa\u015flar\u0131nda 40 ila 160 YTL aras\u0131nda art\u0131\u015f ya\u015fanacak.<!--more--><\/p>\n<p style=\"text-align: justify;\">AMA\u00c7 ADALETS\u0130ZL\u0130\u011e\u0130N B\u0130TMES\u0130<br \/>\nBu zamlarla, &#8216;e\u015fit i\u015fe e\u015fit \u00fccret&#8217; sistemini getirmeye \u00e7al\u0131\u015fan H\u00fck\u00fcmet, maa\u015flardaki adaletsizli\u011fi ortadan kald\u0131rmay\u0131 ama\u00e7l\u0131yor. Maa\u015f zamlar\u0131 memurlar\u0131n emeklilik haklar\u0131na da yans\u0131yacak.\u00a0\n<\/p>\n<p style=\"text-align: justify;\">\u0130\u015fte ek zam listesi<\/p>\n<p style=\"text-align: justify;\">Ba\u015fbakan Erdo\u011fan talimat verdi, ek zamlar art\u0131r\u0131ld\u0131. Maliye Bakanl\u0131\u011f\u0131&#8217;n\u0131n yapt\u0131\u011f\u0131 art\u0131\u015fla birlikte memurlar\u0131n alaca\u011f\u0131 \u00f6deneklerin miktarlar\u0131 belirlendi.<\/p>\n<p style=\"text-align: justify;\">Kamuda \u00e7al\u0131\u015fan memurlara verilecek ek zamlar\u0131n miktarlar\u0131n\u0131 TAKV\u0130M a\u00e7\u0131kl\u0131yor. Daha \u00f6nce, &#8216;Ek zam art\u0131yor&#8217; ba\u015fl\u0131\u011f\u0131yla duyurdu\u011fumuz \u00e7al\u0131\u015fma tamamland\u0131. H\u00fck\u00fcmetin &#8216;e\u015fit i\u015fe e\u015fit \u00fccret&#8217; uygulamas\u0131 \u00e7er\u00e7evesinde kamuda \u00e7al\u0131\u015fan memurlara kademeli olarak ek zam verilmesi karara ba\u011flanm\u0131\u015ft\u0131. Bu ek zamlar\u0131 az bulan Ba\u015fbakan Tayyip Erdo\u011fan, Maliye Bakanl\u0131\u011f\u0131&#8217;ndan yeniden bir art\u0131\u015f yap\u0131lmas\u0131n\u0131 istemi\u015fti.<\/p>\n<p style=\"text-align: justify;\">\u00c7ALI\u015eMA TAMAMLANDI<br \/>\nMemurlar\u0131n maa\u015flar\u0131yla birlikte verilecek ek zamlara art\u0131\u015f\u0131 i\u00e7eren bu \u00e7al\u0131\u015fmay\u0131 Maliye Bakanl\u0131\u011f\u0131 tamamlad\u0131. Maliye Bakanl\u0131\u011f\u0131 kaynaklar\u0131ndan edinilen bilgiye g\u00f6re, memurlar\u0131n ek zamlar\u0131na belli oranlarda art\u0131\u015f yap\u0131ld\u0131. \u00dcnvan ve dereceye g\u00f6re de\u011fi\u015fen bu art\u0131\u015flarla, kamuda ayn\u0131 stat\u00fc ve \u00fcnvandaki memurlar\u0131n maa\u015flar\u0131n\u0131n e\u015fit hale getirilmesi ama\u00e7lan\u0131yor.\u00a0\n<\/p>\n<p style=\"text-align: justify;\"><span style=\"color: #888888;\">Kaynak : Takvim Gazetesi<\/span><\/p>\n","protected":false},"excerpt":{"rendered":"<p style=\"text-align: center;\">\n<p style=\"text-align: justify;\">Ba\u015fbakan Erdo\u011fan talimat verdi, ek zamlar y\u00fckseltildi. Maliye Bakanl\u0131\u011f\u0131&#8217;n\u0131n yapt\u0131\u011f\u0131 art\u0131\u015fla memurlar\u0131n eline 40 ila 160 YTL aras\u0131nda fazla para ge\u00e7ecek. <\/p>\n<p style=\"text-align: justify;\">MEMURLARA DEV H\u0130ZMET TAKV\u0130M&#8217;den memurlara dev hizmet&#8230; Ba\u015fbakan Erdo\u011fan&#8217;\u0131n art\u0131r\u0131lmas\u0131 y\u00f6n\u00fcnde talimat verdi\u011fi ek zamlar belirlendi. Maliye Bakanl\u0131\u011f\u0131&#8217;n\u0131n yapt\u0131\u011f\u0131 art\u0131\u015fla birlikte memurlar\u0131n maa\u015flar\u0131nda 40 ila 160 <\/p>\n","protected":false},"author":1,"featured_media":0,"comment_status":"open","ping_status":"open","sticky":false,"template":"","format":"standard","meta":{"footnotes":""},"categories":[7],"tags":[],"class_list":["post-497","post","type-post","status-publish","format-standard","hentry","category-ekonomi","odd"],"_links":{"self":[{"href":"http:\/\/www.korhanyilmaz.com\/index.php?rest_route=\/wp\/v2\/posts\/497","targetHints":{"allow":["GET"]}}],"collection":[{"href":"http:\/\/www.korhanyilmaz.com\/index.php?rest_route=\/wp\/v2\/posts"}],"about":[{"href":"http:\/\/www.korhanyilmaz.com\/index.php?rest_route=\/wp\/v2\/types\/post"}],"author":[{"embeddable":true,"href":"http:\/\/www.korhanyilmaz.com\/index.php?rest_route=\/wp\/v2\/users\/1"}],"replies":[{"embeddable":true,"href":"http:\/\/www.korhanyilmaz.com\/index.php?rest_route=%2Fwp%2Fv2%2Fcomments&post=497"}],"version-history":[{"count":0,"href":"http:\/\/www.korhanyilmaz.com\/index.php?rest_route=\/wp\/v2\/posts\/497\/revisions"}],"wp:attachment":[{"href":"http:\/\/www.korhanyilmaz.com\/index.php?rest_route=%2Fwp%2Fv2%2Fmedia&parent=497"}],"wp:term":[{"taxonomy":"category","embeddable":true,"href":"http:\/\/www.korhanyilmaz.com\/index.php?rest_route=%2Fwp%2Fv2%2Fcategories&post=497"},{"taxonomy":"post_tag","embeddable":true,"href":"http:\/\/www.korhanyilmaz.com\/index.php?rest_route=%2Fwp%2Fv2%2Ftags&post=497"}],"curies":[{"name":"wp","href":"https:\/\/api.w.org\/{rel}","templated":true}]}}