{"id":49694,"date":"2012-03-21T16:15:38","date_gmt":"2012-03-21T14:15:38","guid":{"rendered":"http:\/\/www.korhanyilmaz.com\/?p=49694"},"modified":"2012-03-22T00:04:33","modified_gmt":"2012-03-21T22:04:33","slug":"ogun-samast-32-yasinda-cezaevinden-cikacak","status":"publish","type":"post","link":"http:\/\/www.korhanyilmaz.com\/?p=49694","title":{"rendered":"Og\u00fcn Samast 32 ya\u015f\u0131nda cezaevinden \u00e7\u0131kacak"},"content":{"rendered":"<p style=\"text-align: center;\"><a href=\"http:\/\/www.korhanyilmaz.com\/wp-content\/uploads\/2012\/03\/A0048.jpg\"  class=\"lightview\"><img loading=\"lazy\" decoding=\"async\" class=\"aligncenter  wp-image-49695\" src=\"http:\/\/www.korhanyilmaz.com\/wp-content\/uploads\/2012\/03\/A0048.jpg\" alt=\"\" width=\"380\" height=\"218\" \/><\/a><\/p>\n<p style=\"text-align: justify;\">Yarg\u0131tay, Hrant Dink&#8217;i tasarlayarak \u00f6ld\u00fcrmek su\u00e7undan Og\u00fcn Samast&#8217;a verilen 22 y\u0131l 10 ay hapis cezas\u0131n\u0131 onad\u0131. Samast 10 y\u0131l sonra 32 ya\u015f\u0131nda cezaevinden \u00e7\u0131kacak.<\/p>\n<p style=\"text-align: justify;\">ANKARA &#8211; Yarg\u0131tay 1. Ceza Dairesi, Og\u00fcn Samast&#8217;a, &#8221;tasarlayarak Hrant Dink&#8217;i \u00f6ld\u00fcrmek&#8221; ve &#8221;ruhsats\u0131z silah ta\u015f\u0131mak&#8221; su\u00e7lar\u0131ndan verilen 22 y\u0131l 10 ay hapis cezas\u0131n\u0131 onad\u0131.<\/p>\n<p style=\"text-align: justify;\">Og\u00fcn Samast&#8217;\u0131n avukat\u0131, \u0130stanbul 2. \u00c7ocuk A\u011f\u0131r Ceza Mahkemesi\u2019nin hapis karar\u0131n\u0131 temyiz etmi\u015fti.\u00a0<!--more--><\/p>\n<p style=\"text-align: justify;\">Hrant Dink&#8217;in katili Og\u00fcn Samast, 10 y\u0131l sonra cezaevinden \u00e7\u0131kacak. Ceza ve G\u00fcvenlik Tedbirlerinin \u0130nfaz\u0131 Hakk\u0131nda Kanuna g\u00f6re, Og\u00fcn Samast hapis s\u00fcresinin 3&#8217;te 2&#8217;sini yatacak. Buna g\u00f6re, Samast ald\u0131\u011f\u0131 22 y\u0131l 10 hapis cezas\u0131n\u0131n yakla\u015f\u0131k 15 y\u0131l\u0131n\u0131 hapiste ge\u00e7irecek.<\/p>\n<p style=\"text-align: justify;\">Tutukluluk d\u00f6nemi 20 Ocak 2007&#8217;de ba\u015flayan Samast, 5 y\u0131l 2 ayd\u0131r cezaevinde tutuklu bulunuyor. Tutuklu bulundu\u011fu s\u00fcre d\u00fc\u015f\u00fcr\u00fcld\u00fc\u011f\u00fcnde 1990 do\u011fumlu olan Samast 10 y\u0131l sonra 32 ya\u015f\u0131nda cezaevinden \u00e7\u0131kacak.<\/p>\n<p style=\"text-align: justify;\">\u0130stanbul 14. A\u011f\u0131r Ceza Mahkemesi, Agos Gazetesi Genel Yay\u0131n Y\u00f6netmeni Hrant Dink&#8217;in \u00f6ld\u00fcr\u00fclmesine ili\u015fkin davada, Dink&#8217;in katili Samast&#8217;\u0131n olay tarihinde 18 ya\u015f\u0131ndan k\u00fc\u00e7\u00fck olmas\u0131 nedeniyle dosyas\u0131n\u0131 ay\u0131rarak, \u0130stanbul n\u00f6bet\u00e7i \u00c7ocuk A\u011f\u0131r Ceza Mahkemesi&#8217;ne g\u00f6nderilmesine karar vermi\u015fti. Mahkeme, 6008 say\u0131l\u0131 &#8221;Ter\u00f6rle M\u00fccadele Kanunu ile Baz\u0131 Kanunlarda De\u011fi\u015fiklik Yap\u0131lmas\u0131na Dair Kanun&#8221;un 8. maddesiyle, CMK&#8217;n\u0131n 250. Maddesinin 4. bendine eklenen f\u0131kradaki h\u00fck\u00fcm gere\u011fi, Samast hakk\u0131ndaki dava dosyas\u0131 \u00e7ocuk mahkemesine g\u00f6nderilmi\u015fti.<\/p>\n<p style=\"text-align: justify;\">\u0130stanbul 2. \u00c7ocuk A\u011f\u0131r Ceza Mahkemesi de Samast&#8217;\u0131, &#8221;Hrant Dink&#8217;i tasarlayarak&#8221; \u00f6ld\u00fcrmek su\u00e7undan a\u011f\u0131rla\u015ft\u0131r\u0131lm\u0131\u015f m\u00fcebbet hapis cezas\u0131na \u00e7arpt\u0131rd\u0131. Olay tarihinde 16 ya\u015f\u0131n\u0131 bitirmi\u015f, 17 ya\u015f\u0131n\u0131 tamamlamam\u0131\u015f oldu\u011funu belirten mahkeme heyeti, Samast&#8217;\u0131n a\u011f\u0131rla\u015ft\u0131r\u0131lm\u0131\u015f m\u00fcebbet hapis cezas\u0131nda \u00fc\u00e7te bir oran\u0131nda indirim yaparak 21 y\u0131l 6 ay hapis cezas\u0131na indirmi\u015fti. Samast&#8217;\u0131 &#8221;ruhsats\u0131z silah ta\u015f\u0131mak&#8221; su\u00e7undan da 2 y\u0131l hapis ve 900 TL adli para cezas\u0131na mahkum eden mahkeme heyeti, olay tarihindeki ya\u015f\u0131n\u0131 g\u00f6z \u00f6n\u00fcne alarak bu cezay\u0131 da 1 y\u0131l 4 ay hapis ve 600 TL adli para cezas\u0131na indirmi\u015fti.<\/p>\n<p style=\"text-align: justify;\"><a href=\"http:\/\/www.ntvmsnbc.com\/id\/25332618\/\" target=\"_blank\">Kaynak : NTVMSNBC<\/a><\/p>\n","protected":false},"excerpt":{"rendered":"<p style=\"text-align: center;\">\n<p style=\"text-align: justify;\">Yarg\u0131tay, Hrant Dink&#8217;i tasarlayarak \u00f6ld\u00fcrmek su\u00e7undan Og\u00fcn Samast&#8217;a verilen 22 y\u0131l 10 ay hapis cezas\u0131n\u0131 onad\u0131. Samast 10 y\u0131l sonra 32 ya\u015f\u0131nda cezaevinden \u00e7\u0131kacak.<\/p>\n<p style=\"text-align: justify;\">ANKARA &#8211; Yarg\u0131tay 1. Ceza Dairesi, Og\u00fcn Samast&#8217;a, &#8221;tasarlayarak Hrant Dink&#8217;i \u00f6ld\u00fcrmek&#8221; ve &#8221;ruhsats\u0131z silah ta\u015f\u0131mak&#8221; su\u00e7lar\u0131ndan verilen 22 y\u0131l 10 ay hapis cezas\u0131n\u0131 <\/p>\n","protected":false},"author":1,"featured_media":0,"comment_status":"open","ping_status":"open","sticky":false,"template":"","format":"standard","meta":{"footnotes":""},"categories":[105],"tags":[],"class_list":["post-49694","post","type-post","status-publish","format-standard","hentry","category-gundem","odd"],"_links":{"self":[{"href":"http:\/\/www.korhanyilmaz.com\/index.php?rest_route=\/wp\/v2\/posts\/49694","targetHints":{"allow":["GET"]}}],"collection":[{"href":"http:\/\/www.korhanyilmaz.com\/index.php?rest_route=\/wp\/v2\/posts"}],"about":[{"href":"http:\/\/www.korhanyilmaz.com\/index.php?rest_route=\/wp\/v2\/types\/post"}],"author":[{"embeddable":true,"href":"http:\/\/www.korhanyilmaz.com\/index.php?rest_route=\/wp\/v2\/users\/1"}],"replies":[{"embeddable":true,"href":"http:\/\/www.korhanyilmaz.com\/index.php?rest_route=%2Fwp%2Fv2%2Fcomments&post=49694"}],"version-history":[{"count":0,"href":"http:\/\/www.korhanyilmaz.com\/index.php?rest_route=\/wp\/v2\/posts\/49694\/revisions"}],"wp:attachment":[{"href":"http:\/\/www.korhanyilmaz.com\/index.php?rest_route=%2Fwp%2Fv2%2Fmedia&parent=49694"}],"wp:term":[{"taxonomy":"category","embeddable":true,"href":"http:\/\/www.korhanyilmaz.com\/index.php?rest_route=%2Fwp%2Fv2%2Fcategories&post=49694"},{"taxonomy":"post_tag","embeddable":true,"href":"http:\/\/www.korhanyilmaz.com\/index.php?rest_route=%2Fwp%2Fv2%2Ftags&post=49694"}],"curies":[{"name":"wp","href":"https:\/\/api.w.org\/{rel}","templated":true}]}}