{"id":49690,"date":"2012-03-21T18:57:30","date_gmt":"2012-03-21T16:57:30","guid":{"rendered":"http:\/\/www.korhanyilmaz.com\/?p=49690"},"modified":"2012-03-21T23:59:36","modified_gmt":"2012-03-21T21:59:36","slug":"bdpli-vekil-bela-okudu","status":"publish","type":"post","link":"http:\/\/www.korhanyilmaz.com\/?p=49690","title":{"rendered":"BDP&#8217;li vekil bela okudu"},"content":{"rendered":"<p style=\"text-align: center;\"><a href=\"http:\/\/www.korhanyilmaz.com\/wp-content\/uploads\/2012\/03\/A0047.jpg\"  class=\"lightview\"><img loading=\"lazy\" decoding=\"async\" class=\"aligncenter  wp-image-49691\" src=\"http:\/\/www.korhanyilmaz.com\/wp-content\/uploads\/2012\/03\/A0047.jpg\" alt=\"\" width=\"420\" height=\"210\" \/><\/a><\/p>\n<p style=\"text-align: justify;\">Diyarbak\u0131r\u2019\u0131n Ergani \u0130l\u00e7esi\u2019ndeki nevruz kutlamalar\u0131na kat\u0131lan Diyarbak\u0131r B\u00fcy\u00fck\u015fehir Belediye Ba\u015fkan\u0131 Osman Baydemir, alanda toplananlara K\u00fcrt\u00e7e konu\u015fup, &#8220;Anneler, g\u00fcn gelecek gerillalar ovaya inecek. Gerilla ve asker anneleri kol kola halay \u00e7ekecek&#8221; dedi. Baydemir, &#8220;Bu halk zorla, bask\u0131yla, y\u0131ld\u0131rma politikas\u0131yla ba\u015f\u0131n\u0131 e\u011fmedi, e\u011fmeyecektir. Devletin uygulad\u0131\u011f\u0131 tasfiye politikas\u0131 beyhudedir. Devlet bu nevruzda kan d\u00f6kt\u00fc. Y\u00fczlerce insan g\u00f6zalt\u0131na al\u0131nd\u0131, yaraland\u0131. Nevruz yasaklanarak sonu\u00e7 al\u0131nsayd\u0131, zaman\u0131nda \u00c7iller ba\u015far\u0131rd\u0131. O zaman \u00c7iller ba\u015faramad\u0131, Ba\u015fbakan, bug\u00fcn sen de ba\u015faramayacaks\u0131n&#8221; dedi.\u00a0<!--more--><\/p>\n<p style=\"text-align: justify;\"><strong>B\u0130L\u0130C\u0130: PARLAMENTOYU BA\u015eLARINA YIKARIZ\u00a0<\/strong><\/p>\n<p style=\"text-align: justify;\">BDP \u015eanl\u0131urfa Milletvekili \u0130brahim Binici, Ak Parti ve \u0130\u00e7i\u015fleri Bakan\u0131 \u0130dris Naim \u015eahin\u2019i hedef al\u0131p, bela okudu. K\u00fcrt\u00e7e konu\u015fan Bilici, \u015f\u00f6yle dedi:<\/p>\n<p style=\"text-align: justify;\">&#8220;Biz K\u00fcrt halk\u0131n\u0131n talep etti\u011fi noktada hi\u00e7bir \u015feyden geri ad\u0131m atmadan, beraber, e\u015fit ve \u00f6zg\u00fcr ya\u015famak istiyoruz. Ama AKP\u2019nin Ba\u015fbakan\u0131 ve \u0131rk\u00e7\u0131 \u0130dris Naim \u015eahin bug\u00fcn bu alan\u0131 g\u00f6rs\u00fcnler, o kadar bu tutuklamalara ra\u011fmen, o kadar inkara ra\u011fmen, bu halk\u0131n siyasi iradesini teslim alamad\u0131klar\u0131n\u0131 bilmiyorlar m\u0131? Bizden sizden iyi biliyorlar, bu halk\u0131 ne kadar ezerim psikolojisiyle hareket ediyorlar. Onun i\u00e7in bu halk\u0131n iradesini K\u00fcrt halk\u0131n\u0131n iradesini hi\u00e7bir zaman, ama hi\u00e7bir zaman ne AKP\u2019ye, ne \u0130\u00e7i\u015fleri Bakan\u0131\u2019na, ne onun Bakanlar Kuruluna teslim etmeyece\u011fiz. Ak\u0131l\u0131 olun beraber ya\u015fayal\u0131m, ak\u0131l\u0131 olun ki bu co\u011frafyada birlikte ya\u015famas\u0131n\u0131 bilelim. Bu saaten sonra d\u00fcn resmi polisler taraf\u0131nda say\u0131n Ahmet T\u00fcrk\u2019e ikinci sald\u0131r\u0131 yap\u0131l\u0131rken, bu sald\u0131r\u0131 ile T\u00fcrkiye\u2019de provokasyon yap\u0131l\u0131rken, birinci \u015fart\u0131m\u0131z say\u0131n T\u00fcrk\u2019e uzanan o el, savc\u0131n\u0131n \u00f6n\u00fcne \u00e7\u0131kacakt\u0131r. Say\u0131n T\u00fcrk, K\u00fcrdistan co\u011frafyas\u0131na, 4 par\u00e7a K\u00fcrdistan\u2019a mal olmu\u015f bir \u015fahsiyettir. Siz ona el uzatamazs\u0131n\u0131z. Bug\u00fcn tekrar say\u0131n T\u00fcrk\u2019e yap\u0131lan bu \u00e7irkin sald\u0131r\u0131y\u0131 ba\u015fta \u0130\u00e7i\u015fleri Bakan\u0131 olmak \u00fczere Batman Valisi\u2019ni \u015fiddetle nefretle k\u0131n\u0131yorum. Bu halklar\u0131n bar\u0131\u015f\u0131n\u0131 sa\u011flamamaktad\u0131r. Say\u0131n T\u00fcrk\u2019e uzanan o el, hesap verecektir. K\u00fcrtler hi\u00e7bir zaman kendisine yap\u0131lan bu sald\u0131r\u0131y\u0131 kabul g\u00f6rmemi\u015ftir. \u0130\u015fte biz de parlamenterler olarak, yar\u0131n \u00f6b\u00fcr g\u00fcn parlamentoya gidiyoruz. Parlamentoyu ya onlar\u0131n ba\u015f\u0131na y\u0131kar\u0131z, ya da kendi ba\u015f\u0131m\u0131za y\u0131kar\u0131z.&#8221;<\/p>\n<p style=\"text-align: justify;\"><strong>BELA OKUDU\u00a0<\/strong><\/p>\n<p style=\"text-align: justify;\">Bilici, \u00f6zg\u00fcrl\u00fcklerini alana kadar her yerde direneceklerini s\u00f6yleyerek, s\u00f6zlerini \u015f\u00f6yle s\u00fcrd\u00fcrd\u00fc:<\/p>\n<p style=\"text-align: justify;\">&#8220;Ama \u015funu s\u00f6yl\u00fcyoruz. K\u00fcrt hareketi bu g\u00fcn her zamankinden daha g\u00fc\u00e7l\u00fcd\u00fcr. K\u00fcrt harekat\u0131 kimse zannetmesin, geri ad\u0131m atacakt\u0131r. Hay\u0131r can\u0131m\u0131zda varsa, kan\u0131m\u0131zda varsa, \u015fehitlerimizin ba\u015f\u0131 hakk\u0131 i\u00e7in biz bu m\u00fccadeleden bir tek santim geri ad\u0131m atmayaca\u011f\u0131z. Ve \u00f6zg\u00fcrl\u00fck y\u00fcr\u00fcy\u00fc\u015f\u00fcn\u00fc s\u00fcrd\u00fcrece\u011fimize inan\u0131yoruz. Ekmek davas\u0131 diyorlar ya, muhta\u00e7 ediyorlar kendilerine ba\u011fl\u0131yorlar bug\u00fcn, bu halta diyor g\u00fcvenlik g\u00fc\u00e7leri de diyor. Allah bu AKP\u2019nin de bu \u0130\u00e7i\u015fleri Bakan\u0131\u2019n\u0131n da belas\u0131n\u0131 bin defa versin. Ben inan\u0131yorum ki \u00f6yle d\u00fc\u015f\u00fcn\u00fcyorlar. \u00c7\u00fcnk\u00fc bir halk\u0131n nevruz bayram\u0131n\u0131 kutlama g\u00fcn\u00fcn\u00fc o adam \u0130\u00e7i\u015fler Bakan\u0131 \u0130dris Naim \u015eahin, tayin edemez. K\u00fcrt co\u011frafyas\u0131nda, Ortado\u011fu co\u011frafyas\u0131nda herkes kendi renkleriyle kendi diliyle kutlamas\u0131n\u0131 belirler g\u00fcn\u00fcn\u00fc belirler sana da b\u00f6yle meydan okurlar.&#8221;<\/p>\n<p style=\"text-align: justify;\"><strong>BALUKEN: K\u00dcRT HALKI \u015eAH\u0130N\u2019DEN HESAP SORACAK\u00a0<\/strong><\/p>\n<p style=\"text-align: justify;\">Bing\u00f6l\u2019deki kutlamalara kat\u0131lan BDP Bing\u00f6l Milletvekil \u0130dris Baluken de h\u00fck\u00fcmeti hedef ald\u0131. Baluken, &#8220;Eskiden bu \u0130\u00e7i\u015fler Bakan\u0131, \u0130stanbul Su ve Kanalizasyon i\u015flerinde \u00e7al\u0131\u015f\u0131yormu\u015f korkar\u0131m ki art\u0131k o i\u015flerde de \u00e7al\u0131\u015famayacak duruma gelecek. K\u00fcrt halk\u0131 ondan hesap soracak, ona g\u00fcn\u00fcn\u00fc g\u00f6sterecek. Art\u0131k bu sava\u015f konseptlerinden vazge\u00e7erseniz, art\u0131k K\u00fcrt sorununu diyalogla m\u00fczakere yoluyla \u00e7\u00f6z\u00fclece\u011fi bir \u015fekilde kendi \u00f6n\u00fcn\u00fcze al\u0131rsan\u0131z o zaman bizler her t\u00fcrl\u00fc fedakarl\u0131\u011f\u0131 yapmaya haz\u0131r\u0131z&#8221; dedi.<\/p>\n<p style=\"text-align: justify;\"><strong>BEYT\u00dc\u015e\u015eEBAP\u2019TA RENKL\u0130 G\u00d6R\u00dcNT\u00dcLER\u00a0<\/strong><\/p>\n<p style=\"text-align: justify;\">\u015e\u0131rnak\u2019\u0131n Beyt\u00fc\u015f\u015febap \u0130l\u00e7esi\u2019ndeki nevruz kutlamalar\u0131 renkli g\u00f6r\u00fcnt\u00fclere sahne oldu. Y\u00f6resel giysili gen\u00e7 k\u0131zlar davul zurna e\u015fli\u011finde halaylar \u00e7ekip e\u011flendi.<\/p>\n<p style=\"text-align: justify;\"><a href=\"http:\/\/haber.gazetevatan.com\/bdpli-vekil-bela-okudu\/438287\/9\/Siyaset\" target=\"_blank\">Kaynak : VATAN Gazetesi<\/a><\/p>\n","protected":false},"excerpt":{"rendered":"<p style=\"text-align: center;\">\n<p style=\"text-align: justify;\">Diyarbak\u0131r\u2019\u0131n Ergani \u0130l\u00e7esi\u2019ndeki nevruz kutlamalar\u0131na kat\u0131lan Diyarbak\u0131r B\u00fcy\u00fck\u015fehir Belediye Ba\u015fkan\u0131 Osman Baydemir, alanda toplananlara K\u00fcrt\u00e7e konu\u015fup, &#8220;Anneler, g\u00fcn gelecek gerillalar ovaya inecek. Gerilla ve asker anneleri kol kola halay \u00e7ekecek&#8221; dedi. Baydemir, &#8220;Bu halk zorla, bask\u0131yla, y\u0131ld\u0131rma politikas\u0131yla ba\u015f\u0131n\u0131 e\u011fmedi, e\u011fmeyecektir. Devletin uygulad\u0131\u011f\u0131 tasfiye politikas\u0131 beyhudedir. Devlet bu nevruzda kan <\/p>\n","protected":false},"author":1,"featured_media":0,"comment_status":"open","ping_status":"open","sticky":false,"template":"","format":"standard","meta":{"footnotes":""},"categories":[105],"tags":[],"class_list":["post-49690","post","type-post","status-publish","format-standard","hentry","category-gundem","odd"],"_links":{"self":[{"href":"http:\/\/www.korhanyilmaz.com\/index.php?rest_route=\/wp\/v2\/posts\/49690","targetHints":{"allow":["GET"]}}],"collection":[{"href":"http:\/\/www.korhanyilmaz.com\/index.php?rest_route=\/wp\/v2\/posts"}],"about":[{"href":"http:\/\/www.korhanyilmaz.com\/index.php?rest_route=\/wp\/v2\/types\/post"}],"author":[{"embeddable":true,"href":"http:\/\/www.korhanyilmaz.com\/index.php?rest_route=\/wp\/v2\/users\/1"}],"replies":[{"embeddable":true,"href":"http:\/\/www.korhanyilmaz.com\/index.php?rest_route=%2Fwp%2Fv2%2Fcomments&post=49690"}],"version-history":[{"count":0,"href":"http:\/\/www.korhanyilmaz.com\/index.php?rest_route=\/wp\/v2\/posts\/49690\/revisions"}],"wp:attachment":[{"href":"http:\/\/www.korhanyilmaz.com\/index.php?rest_route=%2Fwp%2Fv2%2Fmedia&parent=49690"}],"wp:term":[{"taxonomy":"category","embeddable":true,"href":"http:\/\/www.korhanyilmaz.com\/index.php?rest_route=%2Fwp%2Fv2%2Fcategories&post=49690"},{"taxonomy":"post_tag","embeddable":true,"href":"http:\/\/www.korhanyilmaz.com\/index.php?rest_route=%2Fwp%2Fv2%2Ftags&post=49690"}],"curies":[{"name":"wp","href":"https:\/\/api.w.org\/{rel}","templated":true}]}}