{"id":49686,"date":"2012-03-21T12:56:13","date_gmt":"2012-03-21T10:56:13","guid":{"rendered":"http:\/\/www.korhanyilmaz.com\/?p=49686"},"modified":"2012-03-21T23:56:18","modified_gmt":"2012-03-21T21:56:18","slug":"sehit-cenazesi-torenine-alinmadilar","status":"publish","type":"post","link":"http:\/\/www.korhanyilmaz.com\/?p=49686","title":{"rendered":"\u015eehit cenazesi t\u00f6renine al\u0131nmad\u0131lar!"},"content":{"rendered":"<p style=\"text-align: center;\"><a href=\"http:\/\/www.korhanyilmaz.com\/wp-content\/uploads\/2012\/03\/A0046.jpg\"  class=\"lightview\"><img loading=\"lazy\" decoding=\"async\" class=\"aligncenter  wp-image-49687\" src=\"http:\/\/www.korhanyilmaz.com\/wp-content\/uploads\/2012\/03\/A0046.jpg\" alt=\"\" width=\"420\" height=\"210\" \/><\/a><\/p>\n<p style=\"text-align: justify;\">Afganistan&#8217;da \u015fehit d\u00fc\u015fen 12 asker i\u00e7in Bar\u0131\u015f G\u00fcc\u00fc Tugay Komutanl\u0131\u011f\u0131&#8217;nda d\u00fczenlenen t\u00f6rende medyaya akreditasyon uyguland\u0131.<\/p>\n<p style=\"text-align: justify;\">Afganistan&#8217;\u0131n ba\u015fkenti Kabil&#8217;deki helikopter kazas\u0131nda \u015fehit d\u00fc\u015fen 12 asker i\u00e7in Bar\u0131\u015f G\u00fcc\u00fc Tugay Komutanl\u0131\u011f\u0131&#8217;nda d\u00fczenlenen t\u00f6rene, Taraf, Zaman, Bug\u00fcn, Yeni Akit ve Birg\u00fcn gazetesi, Cihan Haber Ajans\u0131, Samanyolu TV, Samanyolu Haber TV, Kanal 7, Bug\u00fcn TV, Kanalt\u00fcrk TV ve \u00dclke TV&#8217;nin muhabir, fotomuhabir ve kameramanlar\u0131 akreditasyonlar\u0131 yap\u0131lmad\u0131\u011f\u0131 i\u00e7in t\u00f6ren alan\u0131na sokulmad\u0131.\u00a0<!--more--><\/p>\n<p style=\"text-align: justify;\">Zaman&#8217;da yer alan habere g\u00f6re, nizamiye d\u0131\u015f\u0131nda bekleyen Samanyolu Haber TV&#8217;nin canl\u0131 yay\u0131n arac\u0131na giren polisler arama yapt\u0131.<\/p>\n<p style=\"text-align: justify;\">Taraf&#8217;ta yer alan haberde ise Kararg\u00e2h\u0131n akreditasyon uygulamas\u0131n\u0131n 28 \u015eubat\u2019tan beri devam etti\u011fini kaydeden Samanyolu Haber Ankara Temsilcisi Abdullah Abdulkadiro\u011flu \u015funlar\u0131 s\u00f6yledi: \u201cAskerlerimiz, Afganistan\u2019a t\u00fcm T\u00fcrkiye ad\u0131na bar\u0131\u015f\u0131 tahsis etmek i\u00e7in gittiler ve \u015fehit oldular. Dolay\u0131s\u0131yla Genelkurmay\u2019\u0131n T\u00fcrkiye\u2019nin yar\u0131s\u0131ndan fazlas\u0131n\u0131n takip etti\u011fi gazete ve televizyonlara uygulad\u0131\u011f\u0131 bu yasak millete kar\u015f\u0131 verilmi\u015f bir karard\u0131r. Demokratikle\u015fmenin ve asker\u00ee vesayetle m\u00fccadelenin vard\u0131\u011f\u0131 bu a\u015famada, s\u00f6z konusu akreditasyon uygulamas\u0131 \u00e7a\u011fd\u0131\u015f\u0131d\u0131r ve vicdanlar\u0131 yaralamaktad\u0131r. \u00dclkeyi y\u00f6neten siyasi iradenin bu uygulamaya bir an \u00f6nce son vermesi gerekiyor.\u201d<\/p>\n<p style=\"text-align: justify;\"><strong>&#8216;Askerler y\u00fcz\u00fcm\u00fcze bile bakm\u0131yor&#8217;\u00a0<\/strong><\/p>\n<p style=\"text-align: justify;\">AKP Gaziantep Milletvekili \u015eamil Tayyar, kat\u0131ld\u0131\u011f\u0131 bir televizyon program\u0131nda kararg\u00e2h\u0131n akreditasyon uygulamas\u0131n\u0131 ele\u015ftirerek \u201cBiz her ne kadar demokratikle\u015fme konusunda \u00e7ok \u00f6nemli ad\u0131mlar att\u0131\u011f\u0131m\u0131z\u0131 s\u00f6ylesek de eksik taraflar var. Bak\u0131n\u0131z, TSK h\u00e2l\u00e2 baz\u0131 gazetecileri \u015fehit cenaze t\u00f6renine al\u0131p almama konusunda akreditasyon uygulayabiliyor. H\u00e2l\u00e2 bizim yapmam\u0131z gereken \u00e7ok \u015fey var. Akreditasyon ne ki, ben milletvekiliyim, Gaziantep\u2019te Garnizon Komutan\u0131 y\u00fcz\u00fcm\u00fcze bakm\u0131yor, Allah\u2019\u0131n selam\u0131n\u0131 esirgiyor. Ger\u00e7i onu da bilmez ya&#8230; Selam bile vermiyor. Bug\u00fcn Ergenekon dedi\u011fimiz \u015fey asl\u0131nda asker\u00ee bir yap\u0131lanmad\u0131r. Kalbi ve beyni TSK\u2019n\u0131n i\u00e7indedir. Bu s\u00fcre\u00e7 h\u00e2l\u00e2 devam edecek daha bize \u00e7ok g\u00f6rev d\u00fc\u015ft\u00fc\u011f\u00fcn\u00fc d\u00fc\u015f\u00fcn\u00fcyorum.\u201d<\/p>\n<p style=\"text-align: justify;\"><strong>&#8216;Haber alma \u00f6zg\u00fcrl\u00fc\u011f\u00fcne kar\u015f\u0131 al\u0131nm\u0131\u015f a\u011f\u0131r bir yapt\u0131r\u0131m&#8217;\u00a0<\/strong><\/p>\n<p style=\"text-align: justify;\">Medya Derne\u011fi yapt\u0131\u011f\u0131 a\u00e7\u0131klamada akreditasyon gerek\u00e7esi ile yap\u0131lan uygulaman\u0131n &#8220;Anayasa ile g\u00fcvence alt\u0131na al\u0131nm\u0131\u015f olan halk\u0131n haber alma \u00f6zg\u00fcrl\u00fc\u011f\u00fcne kar\u015f\u0131 i\u015flenmi\u015f a\u011f\u0131r bir yapt\u0131r\u0131m&#8221; oldu\u011funu ilan etti.<\/p>\n<p style=\"text-align: justify;\">A\u00e7\u0131klamada ayr\u0131ca \u015f\u00f6yle denildi:<\/p>\n<p style=\"text-align: justify;\">&#8220;Binlerce \u00e7al\u0131\u015fana, milyonlarca izleyiciye\/okuyucuya sahip bu medya kurulu\u015flar\u0131 aleyhine akreditasyon uygulanmas\u0131 kabul edilemez. Akreditasyon kritelerinin belirsiz olmas\u0131 ise demokratik hukuk devleti ilkesine ve kanunlar kar\u015f\u0131s\u0131ndaki e\u015fitlik ilkesine ayk\u0131r\u0131 bir durum olu\u015fturmaktad\u0131r. Kamu kurulu\u015flar\u0131nda bas\u0131na y\u00f6nelik uygulanan ve hukuki kriterlere dayanmayan akreditasyon uygulamalar\u0131n\u0131n son bulmas\u0131 demokratik toplum ya\u015fam\u0131n\u0131n, adaletin, halk\u0131n haber alma \u00f6zg\u00fcrl\u00fc\u011f\u00fcn\u00fcn ve e\u015fitlik ilkesinin bir gere\u011fidir.&#8221;<\/p>\n<p style=\"text-align: justify;\"><a href=\"http:\/\/haber.gazetevatan.com\/sehit-cenazesi-torenine-alinmadilar\/438211\/1\/Gundem\" target=\"_blank\">Kaynak : VATAN Gazetesi<\/a><\/p>\n","protected":false},"excerpt":{"rendered":"<p style=\"text-align: center;\">\n<p style=\"text-align: justify;\">Afganistan&#8217;da \u015fehit d\u00fc\u015fen 12 asker i\u00e7in Bar\u0131\u015f G\u00fcc\u00fc Tugay Komutanl\u0131\u011f\u0131&#8217;nda d\u00fczenlenen t\u00f6rende medyaya akreditasyon uyguland\u0131.<\/p>\n<p style=\"text-align: justify;\">Afganistan&#8217;\u0131n ba\u015fkenti Kabil&#8217;deki helikopter kazas\u0131nda \u015fehit d\u00fc\u015fen 12 asker i\u00e7in Bar\u0131\u015f G\u00fcc\u00fc Tugay Komutanl\u0131\u011f\u0131&#8217;nda d\u00fczenlenen t\u00f6rene, Taraf, Zaman, Bug\u00fcn, Yeni Akit ve Birg\u00fcn gazetesi, Cihan Haber Ajans\u0131, Samanyolu TV, Samanyolu Haber TV, Kanal <\/p>\n","protected":false},"author":1,"featured_media":0,"comment_status":"open","ping_status":"open","sticky":false,"template":"","format":"standard","meta":{"footnotes":""},"categories":[105],"tags":[],"class_list":["post-49686","post","type-post","status-publish","format-standard","hentry","category-gundem","odd"],"_links":{"self":[{"href":"http:\/\/www.korhanyilmaz.com\/index.php?rest_route=\/wp\/v2\/posts\/49686","targetHints":{"allow":["GET"]}}],"collection":[{"href":"http:\/\/www.korhanyilmaz.com\/index.php?rest_route=\/wp\/v2\/posts"}],"about":[{"href":"http:\/\/www.korhanyilmaz.com\/index.php?rest_route=\/wp\/v2\/types\/post"}],"author":[{"embeddable":true,"href":"http:\/\/www.korhanyilmaz.com\/index.php?rest_route=\/wp\/v2\/users\/1"}],"replies":[{"embeddable":true,"href":"http:\/\/www.korhanyilmaz.com\/index.php?rest_route=%2Fwp%2Fv2%2Fcomments&post=49686"}],"version-history":[{"count":0,"href":"http:\/\/www.korhanyilmaz.com\/index.php?rest_route=\/wp\/v2\/posts\/49686\/revisions"}],"wp:attachment":[{"href":"http:\/\/www.korhanyilmaz.com\/index.php?rest_route=%2Fwp%2Fv2%2Fmedia&parent=49686"}],"wp:term":[{"taxonomy":"category","embeddable":true,"href":"http:\/\/www.korhanyilmaz.com\/index.php?rest_route=%2Fwp%2Fv2%2Fcategories&post=49686"},{"taxonomy":"post_tag","embeddable":true,"href":"http:\/\/www.korhanyilmaz.com\/index.php?rest_route=%2Fwp%2Fv2%2Ftags&post=49686"}],"curies":[{"name":"wp","href":"https:\/\/api.w.org\/{rel}","templated":true}]}}