{"id":49683,"date":"2012-03-21T19:05:46","date_gmt":"2012-03-21T17:05:46","guid":{"rendered":"http:\/\/www.korhanyilmaz.com\/?p=49683"},"modified":"2012-03-21T23:53:07","modified_gmt":"2012-03-21T21:53:07","slug":"basima-bir-sey-gelecek-diye-odum-kopuyor","status":"publish","type":"post","link":"http:\/\/www.korhanyilmaz.com\/?p=49683","title":{"rendered":"&#8216;Ba\u015f\u0131ma bir \u015fey gelecek diye \u00f6d\u00fcm kopuyor&#8217;"},"content":{"rendered":"<p style=\"text-align: center;\"><a href=\"http:\/\/www.korhanyilmaz.com\/wp-content\/uploads\/2012\/03\/A0045.jpg\"  class=\"lightview\"><img loading=\"lazy\" decoding=\"async\" class=\"aligncenter  wp-image-49684\" src=\"http:\/\/www.korhanyilmaz.com\/wp-content\/uploads\/2012\/03\/A0045.jpg\" alt=\"\" width=\"420\" height=\"210\" \/><\/a><\/p>\n<p style=\"text-align: justify;\">GAZETEC\u0130 yazar Bekir Co\u015fkun, bug\u00fcn U\u011fur Mumcu ve Ahmet Taner K\u0131\u015flal\u0131\u2019n\u0131n suikaste kurban gitti\u011fi y\u0131llardan daha fazla korktu\u011funu belirterek, &#8220;Ba\u015f\u0131ma bir \u015fey gelecek diye \u00f6d\u00fcm kopuyor&#8221; dedi.<\/p>\n<p style=\"text-align: justify;\">Cumhuriyet Gazetesi k\u00f6\u015fe yazar\u0131 Bekir Co\u015fkun, Antalya B\u00fcy\u00fck\u015fehir Belediyesi taraf\u0131ndan d\u00fczenlenen \u2019Halk\u0131n G\u00fcndemi\u2019 ba\u015fl\u0131kl\u0131 s\u00f6yle\u015filerin Mart ay\u0131 konu\u011fu oldu. Antalya K\u00fclt\u00fcr Merkezi (AKM) Aspendos Salonu\u2019nda d\u00fczenlenen s\u00f6yle\u015fiye Antalyal\u0131lar yo\u011fun ilgi g\u00f6sterdi, 850 ki\u015filik salon tamamen doldu.\u00a0<!--more--><\/p>\n<p style=\"text-align: justify;\">&#8220;Bir toplum y\u00fcre\u011fini ve cesaretini kaybettiyse yok olmaya mahkumdur&#8221; s\u00f6zleriyle konu\u015fmas\u0131na ba\u015flayan Bekir Co\u015fkun, \u2019\u0130mam\u2019 metaforu \u00fczerinden T\u00fcrkiye\u2019nin siyasi iklimini anlatt\u0131. Bekir Co\u015fkun, \u015f\u00f6yle dedi:<\/p>\n<p style=\"text-align: justify;\">&#8220;Her \u015fey yolundayd\u0131. Sa\u011f sol, \u00e7e\u015fitli g\u00f6r\u00fc\u015fler, kavga k\u0131yamet, siyasi \u00e7eki\u015fmeler vard\u0131. Ama sa\u011fc\u0131 da solcusu da bayra\u011f\u0131 seviyordu. Birbirimizi d\u00f6verdik ama o bayra\u011f\u0131 g\u00f6rd\u00fc\u011f\u00fcm zaman o a\u011flard\u0131, ben de a\u011flard\u0131m. Atat\u00fcrk\u2019e k\u0131ymad\u0131k, biz hepimiz Atat\u00fcrk\u2019\u00fcn gen\u00e7li\u011fiydik. Sonra televizyon k\u00f6ylere girdi. Baba James Bond \u00e7antal\u0131 adamlar\u0131, anne geni\u015f mutfaklarda k\u0131zaran tavuklar\u0131, evin o\u011flu parkta erkeklerle \u00f6p\u00fc\u015fen k\u0131zlar\u0131, evin k\u0131z\u0131 beyaz atl\u0131 prensi g\u00f6rd\u00fc. Ama b\u00fct\u00fcn bu g\u00f6rd\u00fckleri \u015fehirdeydi. \u015eehire geldiler ama ne o James Bond \u00e7antal\u0131 adamlar ger\u00e7ekti, ne geni\u015f mutfakta k\u0131zaran tavuklar. O s\u0131rada bir imam \u00e7\u0131kt\u0131. Dil bilmez. Ama \u0130ngilizce hutbe dinliyor. Bildi\u011fi iki kelimeyle d\u00fcnyay\u0131 aya\u011fa kald\u0131rd\u0131. \u0130mam zeki insan. Toplumun iki b\u00fcy\u00fck duygusundan yararland\u0131. Birisi inan\u00e7, \u00f6b\u00fcr\u00fcs\u00fc inan\u00e7s\u0131zl\u0131k. Din, imam, Kuran, kitap d\u00fc\u015fmedi a\u011fz\u0131ndan, cami avlusundan \u00e7\u0131kmad\u0131. \u00c7ok iyi yararland\u0131. \u0130nan\u00e7s\u0131zl\u0131k, toplumun b\u00fcy\u00fck b\u00f6l\u00fcm\u00fc bele\u015f\u00e7i. Bundan da yararland\u0131 ve imam T\u00fcrkiye Cumhuriyeti\u2019nin ba\u015fbakan\u0131 oldu.&#8221;<\/p>\n<p style=\"text-align: justify;\">Yazar Co\u015fkun, bug\u00fcn, suikaste kurban giden gazeteciler U\u011fur Mumcu ve Ahmet Taner K\u0131\u015flal\u0131\u2019n\u0131n \u00f6ld\u00fcr\u00fcld\u00fc\u011f\u00fc y\u0131llardan \u00e7ok daha fazla korktu\u011funu s\u00f6yledi. &#8220;Ba\u015f\u0131ma bir \u015fey gelecek diye \u00f6d\u00fcm kopuyor. \u00c7ocuklar\u0131m, kar\u0131m, \u00f6zel hayat\u0131m var, korkuyorum tabi ki&#8221; diyen Co\u015fkun, &#8220;\u0130nsanlar\u0131n namuslar\u0131, \u015ferefleri, yatak odalar\u0131, kad\u0131nlar\u0131 k\u0131zlar\u0131 var. G\u00fcnah g\u00fcnah. Ama ben kimden yard\u0131m istiyorum? Bir imama g\u00fcnah\u0131 hat\u0131rlat\u0131yorum. Bu kadar m\u0131 zul\u00fcm, haks\u0131zl\u0131k olur&#8221; dedi.<\/p>\n<p style=\"text-align: justify;\">T\u00fcrkiye\u2019nin i\u00e7inde bulundu\u011fu siyasi ortam\u0131n tek \u00e7\u0131kmaz\u0131n\u0131n \u2019\u0130mam\u0131n\u2019 yerine koyacak bir\u015fey olmamas\u0131 oldu\u011funu belirten Co\u015fkun, &#8220;Parlamento i\u00e7inde yap\u0131lan muhalefet bug\u00fcnler i\u00e7in de\u011fil. Siyasetin parlamentoda yap\u0131lmas\u0131 gereken g\u00fcnler i\u00e7in. Bug\u00fcnk\u00fc \u015fartlar ola\u011fan\u00fcst\u00fc. Kar\u015f\u0131 devrimdir. Parlamenter sistem anayasalar\u0131, yasalar\u0131 T\u00fcrkiye\u2019nin can\u0131na okurken demokratik y\u00f6ntemlerle yap\u0131l\u0131yormu\u015f gibi foto\u011fraf tamamlay\u0131c\u0131s\u0131, fig\u00fcranl\u0131k&#8221; diye konu\u015ftu.<\/p>\n<p style=\"text-align: justify;\">Bekir Co\u015fkun, tarif etti\u011fi siyasal atmosfer i\u00e7inde CHP\u2019ye her zamankinden daha \u00e7ok ihtiya\u00e7 oldu\u011funu belirterek s\u00fcrd\u00fcrd\u00fc\u011f\u00fc konu\u015fmas\u0131nda, muhalefet y\u00f6ntemleri aras\u0131nda sine-i milletin alt\u0131n\u0131 \u00e7izerek, &#8220;Milletvekillerinin ald\u0131klar\u0131 maa\u015f y\u00fcz\u00fcnden yapmayacaklar\u0131n\u0131 bilirim. O zaman, \u00e7ekil karde\u015fim komisyonlardan. Ba\u015fkanl\u0131k divan\u0131ndan in. U\u011fur Mumcu\u2019nun e\u015finin orada olmas\u0131n\u0131 i\u00e7ime sindiremiyorum&#8221; dedi.<\/p>\n<p style=\"text-align: justify;\">Bekir co\u015fkun, s\u00f6yle\u015finin ard\u0131ndan AKM fuaye alan\u0131nda ayn\u0131 zamanda ye\u011feni olan ressam Hasan Rastgeldi\u2019nin kendi k\u00f6\u015fe yaz\u0131lar\u0131n\u0131n resimlerle birle\u015fti\u011fi \u2018Yaz\u0131n\u0131n Rengi\u2019 adl\u0131 sergisinin a\u00e7\u0131l\u0131\u015f\u0131n\u0131 ger\u00e7ekle\u015ftirdi. A\u00e7\u0131l\u0131\u015f \u00f6ncesi Antalya B\u00fcy\u00fck\u015fehir Belediye Ba\u015fkan\u0131 CHP\u2019li Mustafa Akayd\u0131n, Bekir Co\u015fkun ve ressam Rastgeldi\u2019ye plaket takdim etti.<\/p>\n<p style=\"text-align: justify;\"><span style=\"color: #888888;\">Haber :\u00a0Emre BAYLAN\/ANTALYA, (DHA)<\/span><\/p>\n<p style=\"text-align: justify;\"><a href=\"http:\/\/haber.gazetevatan.com\/basima-bir-sey-gelecek-diye-odum-kopuyor\/438289\/11\/Haber\" target=\"_blank\">Kaynak : VATAN Gazetesi<\/a><\/p>\n","protected":false},"excerpt":{"rendered":"<p style=\"text-align: center;\">\n<p style=\"text-align: justify;\">GAZETEC\u0130 yazar Bekir Co\u015fkun, bug\u00fcn U\u011fur Mumcu ve Ahmet Taner K\u0131\u015flal\u0131\u2019n\u0131n suikaste kurban gitti\u011fi y\u0131llardan daha fazla korktu\u011funu belirterek, &#8220;Ba\u015f\u0131ma bir \u015fey gelecek diye \u00f6d\u00fcm kopuyor&#8221; dedi.<\/p>\n<p style=\"text-align: justify;\">Cumhuriyet Gazetesi k\u00f6\u015fe yazar\u0131 Bekir Co\u015fkun, Antalya B\u00fcy\u00fck\u015fehir Belediyesi taraf\u0131ndan d\u00fczenlenen \u2019Halk\u0131n G\u00fcndemi\u2019 ba\u015fl\u0131kl\u0131 s\u00f6yle\u015filerin Mart ay\u0131 konu\u011fu oldu. Antalya K\u00fclt\u00fcr <\/p>\n","protected":false},"author":1,"featured_media":0,"comment_status":"open","ping_status":"open","sticky":false,"template":"","format":"standard","meta":{"footnotes":""},"categories":[105],"tags":[],"class_list":["post-49683","post","type-post","status-publish","format-standard","hentry","category-gundem","odd"],"_links":{"self":[{"href":"http:\/\/www.korhanyilmaz.com\/index.php?rest_route=\/wp\/v2\/posts\/49683","targetHints":{"allow":["GET"]}}],"collection":[{"href":"http:\/\/www.korhanyilmaz.com\/index.php?rest_route=\/wp\/v2\/posts"}],"about":[{"href":"http:\/\/www.korhanyilmaz.com\/index.php?rest_route=\/wp\/v2\/types\/post"}],"author":[{"embeddable":true,"href":"http:\/\/www.korhanyilmaz.com\/index.php?rest_route=\/wp\/v2\/users\/1"}],"replies":[{"embeddable":true,"href":"http:\/\/www.korhanyilmaz.com\/index.php?rest_route=%2Fwp%2Fv2%2Fcomments&post=49683"}],"version-history":[{"count":0,"href":"http:\/\/www.korhanyilmaz.com\/index.php?rest_route=\/wp\/v2\/posts\/49683\/revisions"}],"wp:attachment":[{"href":"http:\/\/www.korhanyilmaz.com\/index.php?rest_route=%2Fwp%2Fv2%2Fmedia&parent=49683"}],"wp:term":[{"taxonomy":"category","embeddable":true,"href":"http:\/\/www.korhanyilmaz.com\/index.php?rest_route=%2Fwp%2Fv2%2Fcategories&post=49683"},{"taxonomy":"post_tag","embeddable":true,"href":"http:\/\/www.korhanyilmaz.com\/index.php?rest_route=%2Fwp%2Fv2%2Ftags&post=49683"}],"curies":[{"name":"wp","href":"https:\/\/api.w.org\/{rel}","templated":true}]}}