{"id":49679,"date":"2012-03-21T13:17:22","date_gmt":"2012-03-21T11:17:22","guid":{"rendered":"http:\/\/www.korhanyilmaz.com\/?p=49679"},"modified":"2012-03-21T21:05:42","modified_gmt":"2012-03-21T19:05:42","slug":"cudide-catisma-5-sehit","status":"publish","type":"post","link":"http:\/\/www.korhanyilmaz.com\/?p=49679","title":{"rendered":"Cudi&#8217;de \u00e7at\u0131\u015fma: 5 \u015fehit"},"content":{"rendered":"<p style=\"text-align: center;\"><a href=\"http:\/\/www.korhanyilmaz.com\/wp-content\/uploads\/2012\/03\/A0044.jpg\"  class=\"lightview\"><img loading=\"lazy\" decoding=\"async\" class=\"aligncenter  wp-image-49680\" src=\"http:\/\/www.korhanyilmaz.com\/wp-content\/uploads\/2012\/03\/A0044.jpg\" alt=\"\" width=\"368\" height=\"276\" \/><\/a><\/p>\n<p style=\"text-align: justify;\">Cudi Da\u011flar\u0131nda, g\u00fcvenlik g\u00fc\u00e7leriyle ter\u00f6ristler aras\u0131nda \u00e7at\u0131\u015fma ya\u015fan\u0131yor. B\u00f6lgede 5 \u015fehit var.<\/p>\n<p style=\"text-align: justify;\">\u0130stanbul- Cudi Da\u011f\u0131\u2019nda tespit edilen bir grup PKK\u2019liyi etkisiz hale getirmek i\u00e7in bu sabah saatlerinden itibaren hava destekli operasyon d\u00fczenlendi.<\/p>\n<p style=\"text-align: justify;\">Operasyona \u015e\u0131rnak 23\u2019\u00fcnc\u00fc Jandarma S\u0131n\u0131r T\u00fcmen Komutanl\u0131\u011f\u0131\u2019na ba\u011fl\u0131 Jandarma \u00d6zel Harekat Timleri ile \u015e\u0131rnak Emniyet M\u00fcd\u00fcrl\u00fc\u011f\u00fc \u00d6zel Harekat Timleri birlikte kat\u0131ld\u0131.\u00a0<!--more--><\/p>\n<p style=\"text-align: justify;\">Jandarma ve polis timlerinin takibe ald\u0131\u011f\u0131 ter\u00f6ristlerle s\u0131cak temas sa\u011flan\u0131rken, g\u00fcvenlik g\u00fc\u00e7lerinin \u2019Teslim ol\u2019 \u00e7a\u011fr\u0131s\u0131na ate\u015fle kar\u015f\u0131l\u0131k verildi\u011fi \u00f6\u011frenildi.<\/p>\n<p style=\"text-align: justify;\"><strong>\u0130\u00e7i\u015fleri Bakan\u0131: 5 polisimizi kaybettik\u00a0<\/strong><\/p>\n<p style=\"text-align: justify;\">\u0130\u00e7i\u015fleri Bakan\u0131 \u0130dris Naim \u015eahin, Cudi Da\u011f\u0131&#8217;nda g\u00fcvenlik g\u00fc\u00e7lerince ger\u00e7ekle\u015ftirilen operasyona ili\u015fkin, &#8221;Bana intikal eden bilgiye g\u00f6re maalesef 5 polisimizi kaybettik, \u00f6zel harekat personeli \u015fehidimiz var&#8221; dedi.<\/p>\n<p style=\"text-align: justify;\">Bakan \u015eahin, \u015fehit cenazelerine kat\u0131lmak i\u00e7in geldi\u011fi Ordu&#8217;da, AA muhabirine yapt\u0131\u011f\u0131 a\u00e7\u0131klamada, \u015funlar\u0131 s\u00f6yledi:<\/p>\n<p style=\"text-align: justify;\">&#8221;Sabahleyin saat 10.00-10.20 sular\u0131nda bir temas sa\u011fland\u0131. Jandarmam\u0131z, polisimiz ve \u00f6zel harekat unsurlar\u0131 ile ter\u00f6ristler aras\u0131nda kar\u015f\u0131l\u0131kl\u0131 yaralamalar oldu. S\u0131cak temas halinde devam ediyor. Yaral\u0131lar\u0131m\u0131z var. Bana intikal eden bilgiye g\u00f6re maalesef 5 polisimizi kaybettik, \u00f6zel harekat personeli \u015fehidimiz var. Olay yerindeki temas halen devam etti\u011fi, bir m\u00fcddet daha devam edece\u011fi anla\u015f\u0131ld\u0131\u011f\u0131 i\u00e7in nihai duruma ili\u015fkin ba\u015fka bilgi verme durumumuz yok.&#8221;<\/p>\n<p style=\"text-align: justify;\">\u015eahin, &#8221;Bahar aylar\u0131n\u0131n gelmesiyle ter\u00f6r olaylar\u0131nda bir art\u0131\u015f olup olmad\u0131\u011f\u0131&#8221; y\u00f6n\u00fcndeki soruyu ise \u015f\u00f6yle yan\u0131tlad\u0131:<\/p>\n<p style=\"text-align: justify;\">&#8221;Ter\u00f6ristin bahar\u0131 yaz\u0131 olmaz ama burada ter\u00f6rist sald\u0131r\u0131s\u0131ndan \u00e7ok istihbarata dayal\u0131 olarak g\u00fcvenlik g\u00fc\u00e7lerimizin ter\u00f6rist grubun bulundu\u011fu ma\u011fara ve \u00e7evresini ku\u015fatmas\u0131 s\u00f6z konusu. Operasyonlar devam ediyor.&#8221;<\/p>\n<p style=\"text-align: justify;\"><strong>Ba\u015fbakan duyurmu\u015ftu\u00a0<\/strong><\/p>\n<p style=\"text-align: justify;\">Partisinin TBMM Grup Toplant\u0131s\u0131nda konu\u015fan Ba\u015fbakan Erdo\u011fan, &#8216;\u015eu anda Cudi da\u011flar\u0131nda \u00e7at\u0131\u015fma var&#8217; diyerek operasyonu canl\u0131 yay\u0131nda duyurdu.<\/p>\n<p style=\"text-align: justify;\">Erdo\u011fan, \u015e\u0131rnak&#8217;ta ter\u00f6r \u00f6rg\u00fct\u00fcne kar\u015f\u0131 y\u00fcr\u00fct\u00fclen operasyonlarda 5 polisin \u015fehit d\u00fc\u015fmesi dolay\u0131s\u0131yla \u0130\u00e7i\u015fleri Bakan\u0131 \u0130dris Naim \u015eahin&#8217;e bir de mesaj g\u00f6nderdi.<\/p>\n<p style=\"text-align: justify;\">Ba\u015fbakan Erdo\u011fan mesaj\u0131nda, &#8220;\u015e\u0131rnak&#8217;ta ter\u00f6r \u00f6rg\u00fct\u00fcne kar\u015f\u0131 y\u00fcr\u00fct\u00fclen operasyonlarda 5 polisimizin \u015fehit d\u00fc\u015ft\u00fc\u011f\u00fcn\u00fc derin bir teess\u00fcrle \u00f6\u011frenmi\u015f bulunuyorum. \u00dclkemizin birlik ve b\u00fct\u00fcnl\u00fc\u011f\u00fcn\u00fc, vatanda\u015flar\u0131m\u0131z\u0131n can ve mal g\u00fcvenli\u011fini hedef alan ter\u00f6re kar\u015f\u0131 verdi\u011fimiz m\u00fccadele kararl\u0131l\u0131kla devam edecektir. Ter\u00f6r\u00fcn, kirli ve kanl\u0131 oyunlarla, birlik ve beraberli\u011fimizi, karde\u015flik hukukumuzu bozmas\u0131na asla izin vermeyece\u011fiz. Aziz \u015fehitlerimize Allah&#8217;tan rahmet, ailelerine, milletimize ve sizin \u015fahs\u0131n\u0131zda t\u00fcm polislerimize sab\u0131r ve ba\u015fsa\u011fl\u0131\u011f\u0131, yaral\u0131 g\u00fcvenlik g\u00fc\u00e7lerimize de acil \u015fifalar diliyorum&#8221; dedi.<\/p>\n<p style=\"text-align: justify;\"><a href=\"http:\/\/www.cumhuriyet.com.tr\/?hn=324020\" target=\"_blank\">Kaynak : Cumhuriyet Haber Portal\u0131<\/a><\/p>\n","protected":false},"excerpt":{"rendered":"<p style=\"text-align: center;\">\n<p style=\"text-align: justify;\">Cudi Da\u011flar\u0131nda, g\u00fcvenlik g\u00fc\u00e7leriyle ter\u00f6ristler aras\u0131nda \u00e7at\u0131\u015fma ya\u015fan\u0131yor. B\u00f6lgede 5 \u015fehit var.<\/p>\n<p style=\"text-align: justify;\">\u0130stanbul- Cudi Da\u011f\u0131\u2019nda tespit edilen bir grup PKK\u2019liyi etkisiz hale getirmek i\u00e7in bu sabah saatlerinden itibaren hava destekli operasyon d\u00fczenlendi.<\/p>\n<p style=\"text-align: justify;\">Operasyona \u015e\u0131rnak 23\u2019\u00fcnc\u00fc Jandarma S\u0131n\u0131r T\u00fcmen Komutanl\u0131\u011f\u0131\u2019na ba\u011fl\u0131 Jandarma \u00d6zel Harekat Timleri ile \u015e\u0131rnak <\/p>\n","protected":false},"author":1,"featured_media":0,"comment_status":"open","ping_status":"open","sticky":false,"template":"","format":"standard","meta":{"footnotes":""},"categories":[105],"tags":[],"class_list":["post-49679","post","type-post","status-publish","format-standard","hentry","category-gundem","odd"],"_links":{"self":[{"href":"http:\/\/www.korhanyilmaz.com\/index.php?rest_route=\/wp\/v2\/posts\/49679","targetHints":{"allow":["GET"]}}],"collection":[{"href":"http:\/\/www.korhanyilmaz.com\/index.php?rest_route=\/wp\/v2\/posts"}],"about":[{"href":"http:\/\/www.korhanyilmaz.com\/index.php?rest_route=\/wp\/v2\/types\/post"}],"author":[{"embeddable":true,"href":"http:\/\/www.korhanyilmaz.com\/index.php?rest_route=\/wp\/v2\/users\/1"}],"replies":[{"embeddable":true,"href":"http:\/\/www.korhanyilmaz.com\/index.php?rest_route=%2Fwp%2Fv2%2Fcomments&post=49679"}],"version-history":[{"count":0,"href":"http:\/\/www.korhanyilmaz.com\/index.php?rest_route=\/wp\/v2\/posts\/49679\/revisions"}],"wp:attachment":[{"href":"http:\/\/www.korhanyilmaz.com\/index.php?rest_route=%2Fwp%2Fv2%2Fmedia&parent=49679"}],"wp:term":[{"taxonomy":"category","embeddable":true,"href":"http:\/\/www.korhanyilmaz.com\/index.php?rest_route=%2Fwp%2Fv2%2Fcategories&post=49679"},{"taxonomy":"post_tag","embeddable":true,"href":"http:\/\/www.korhanyilmaz.com\/index.php?rest_route=%2Fwp%2Fv2%2Ftags&post=49679"}],"curies":[{"name":"wp","href":"https:\/\/api.w.org\/{rel}","templated":true}]}}