{"id":49676,"date":"2012-03-21T11:45:52","date_gmt":"2012-03-21T09:45:52","guid":{"rendered":"http:\/\/www.korhanyilmaz.com\/?p=49676"},"modified":"2012-03-21T21:01:08","modified_gmt":"2012-03-21T19:01:08","slug":"chp-7-yil-yasasinin-iptalini-istedi","status":"publish","type":"post","link":"http:\/\/www.korhanyilmaz.com\/?p=49676","title":{"rendered":"CHP &#8216;7 y\u0131l&#8217; yasas\u0131n\u0131n iptalini istedi"},"content":{"rendered":"<p style=\"text-align: center;\"><a href=\"http:\/\/www.korhanyilmaz.com\/wp-content\/uploads\/2012\/03\/A0043.jpg\"  class=\"lightview\"><img loading=\"lazy\" decoding=\"async\" class=\"aligncenter  wp-image-49677\" src=\"http:\/\/www.korhanyilmaz.com\/wp-content\/uploads\/2012\/03\/A0043.jpg\" alt=\"\" width=\"380\" height=\"218\" \/><\/a><\/p>\n<p style=\"text-align: justify;\">CHP, Cumhurba\u015fkan\u0131 Abdullah G\u00fcl&#8217;\u00fcn g\u00f6rev s\u00fcresini 7 y\u0131l olarak d\u00fczenleyen yasan\u0131n iptali i\u00e7in Anayasa Mahkemesi&#8217;ne ba\u015fvurdu.<\/p>\n<p style=\"text-align: justify;\">ANKARA &#8211; CHP, 6271 say\u0131l\u0131 Cumhurba\u015fkan\u0131 Se\u00e7imi Kanunu&#8217;nun baz\u0131 maddelerinin iptali ve y\u00fcr\u00fcrl\u00fc\u011f\u00fcn\u00fcn durdurulmas\u0131 istemiyle Anayasa Mahkemesi&#8217;ne ba\u015fvurdu.<\/p>\n<p style=\"text-align: justify;\">CHP Grup Ba\u015fkanvekilleri Emine \u00dclker Tarhan ve Akif Hamza\u00e7ebi, Anayasa Mahkemesi&#8217;ne gelerek, dava dilek\u00e7esini sundular.\u00a0<!--more--><\/p>\n<p style=\"text-align: justify;\">Gazetecilere a\u00e7\u0131klama yapan Tarhan, Cumhurba\u015fkan\u0131 se\u00e7imine ili\u015fkin yasayla ilgili Anayasa Mahkemesi&#8217;ne ba\u015fvurduklar\u0131n\u0131 belirterek, kanunun se\u00e7imin geri b\u0131rak\u0131lmas\u0131na ili\u015fkin 5, adaylar\u0131n g\u00f6revden ayr\u0131lmas\u0131na ili\u015fkin 11, propaganda ve se\u00e7imin yarg\u0131 denetiminde yap\u0131lmas\u0131na ili\u015fkin 13, adaylara yard\u0131ma ili\u015fkin 14. maddeleri ile 21. maddesindeki &#8221;Meclis Ba\u015fkan\u0131 taraf\u0131ndan tutanak verilmesi&#8221; ibaresi ve Cumhurba\u015fkan\u0131n\u0131n g\u00f6rev s\u00fcresinin 7 y\u0131l olaca\u011f\u0131na ili\u015fkin ge\u00e7ici 1. maddesinin iptalini istediklerini bildirdi.<\/p>\n<p style=\"text-align: justify;\">Tarhan, &#8221;Bu maddelerin Anayasa&#8217;ya ayk\u0131r\u0131l\u0131k dayanaklar\u0131 hepsinin ayr\u0131 ama genel olarak Anayasa&#8217;n\u0131n hukuk devleti ilkesini d\u00fczenleyen 2, kayna\u011f\u0131n\u0131 Anayasa&#8217;dan almayan hi\u00e7bir yetkinin kullan\u0131lamayaca\u011f\u0131na ili\u015fkin 6, kanun \u00f6n\u00fcnde e\u015fitlik ilkesini d\u00fczenleyen 10, Anayasa h\u00fck\u00fcmlerinin yasama, y\u00fcr\u00fctme ve yarg\u0131 organlar\u0131n\u0131 ba\u011flayaca\u011f\u0131na ili\u015fkin 11, se\u00e7me ve se\u00e7ilme hakk\u0131na ili\u015fkin 67, Cumhurba\u015fkan\u0131n\u0131n g\u00f6rev s\u00fcresine ili\u015fkin 101, Cumhurba\u015fkan\u0131n\u0131n se\u00e7im y\u00f6ntemine ili\u015fkin 102, Anayasa&#8217;n\u0131n de\u011fi\u015ftirilmesine ili\u015fkin 175. maddesine ayk\u0131r\u0131l\u0131\u011f\u0131 iddias\u0131yla Anayasa Mahkemesi&#8217;ne ba\u015fvurduk&#8221; diye konu\u015ftu.<\/p>\n<p style=\"text-align: justify;\"><a href=\"http:\/\/www.ntvmsnbc.com\/id\/25332488\/\" target=\"_blank\">Kaynak : NTVMSNBC<\/a><\/p>\n","protected":false},"excerpt":{"rendered":"<p style=\"text-align: center;\">\n<p style=\"text-align: justify;\">CHP, Cumhurba\u015fkan\u0131 Abdullah G\u00fcl&#8217;\u00fcn g\u00f6rev s\u00fcresini 7 y\u0131l olarak d\u00fczenleyen yasan\u0131n iptali i\u00e7in Anayasa Mahkemesi&#8217;ne ba\u015fvurdu.<\/p>\n<p style=\"text-align: justify;\">ANKARA &#8211; CHP, 6271 say\u0131l\u0131 Cumhurba\u015fkan\u0131 Se\u00e7imi Kanunu&#8217;nun baz\u0131 maddelerinin iptali ve y\u00fcr\u00fcrl\u00fc\u011f\u00fcn\u00fcn durdurulmas\u0131 istemiyle Anayasa Mahkemesi&#8217;ne ba\u015fvurdu.<\/p>\n<p style=\"text-align: justify;\">CHP Grup Ba\u015fkanvekilleri Emine \u00dclker Tarhan ve Akif Hamza\u00e7ebi, Anayasa Mahkemesi&#8217;ne gelerek, <\/p>\n","protected":false},"author":1,"featured_media":0,"comment_status":"open","ping_status":"open","sticky":false,"template":"","format":"standard","meta":{"footnotes":""},"categories":[105],"tags":[],"class_list":["post-49676","post","type-post","status-publish","format-standard","hentry","category-gundem","odd"],"_links":{"self":[{"href":"http:\/\/www.korhanyilmaz.com\/index.php?rest_route=\/wp\/v2\/posts\/49676","targetHints":{"allow":["GET"]}}],"collection":[{"href":"http:\/\/www.korhanyilmaz.com\/index.php?rest_route=\/wp\/v2\/posts"}],"about":[{"href":"http:\/\/www.korhanyilmaz.com\/index.php?rest_route=\/wp\/v2\/types\/post"}],"author":[{"embeddable":true,"href":"http:\/\/www.korhanyilmaz.com\/index.php?rest_route=\/wp\/v2\/users\/1"}],"replies":[{"embeddable":true,"href":"http:\/\/www.korhanyilmaz.com\/index.php?rest_route=%2Fwp%2Fv2%2Fcomments&post=49676"}],"version-history":[{"count":0,"href":"http:\/\/www.korhanyilmaz.com\/index.php?rest_route=\/wp\/v2\/posts\/49676\/revisions"}],"wp:attachment":[{"href":"http:\/\/www.korhanyilmaz.com\/index.php?rest_route=%2Fwp%2Fv2%2Fmedia&parent=49676"}],"wp:term":[{"taxonomy":"category","embeddable":true,"href":"http:\/\/www.korhanyilmaz.com\/index.php?rest_route=%2Fwp%2Fv2%2Fcategories&post=49676"},{"taxonomy":"post_tag","embeddable":true,"href":"http:\/\/www.korhanyilmaz.com\/index.php?rest_route=%2Fwp%2Fv2%2Ftags&post=49676"}],"curies":[{"name":"wp","href":"https:\/\/api.w.org\/{rel}","templated":true}]}}